{"id":297836,"date":"2025-08-05T10:22:12","date_gmt":"2025-08-05T10:22:12","guid":{"rendered":"https:\/\/www.europesays.com\/fr\/297836\/"},"modified":"2025-08-05T10:22:12","modified_gmt":"2025-08-05T10:22:12","slug":"george-bridge-quitte-montpellier-et-retourne-en-super-rugby","status":"publish","type":"post","link":"https:\/\/www.europesays.com\/fr\/297836\/","title":{"rendered":"George Bridge quitte Montpellier et retourne en Super Rugby"},"content":{"rendered":"<p>Le passage de George Bridge \u00e0 <a data-ilj-link-preview=\"true\" data-excerpt=\"Le Montpellier H\u00e9rault Rugby, ou MHR, \u00e9volue en Top 14 depuis 2003.&#013;&#010;Staff et pr\u00e9sidence :&#013;&#010;&#013;&#010; &#009;Pr\u00e9sident : Mohed Altrad&#013;&#010; &#009;Entra\u00eeneur : Patrice Collazo&#013;&#010;&#013;&#010;Palmar\u00e8s du MHR :&#013;&#010;&#013;&#010;&#013;&#010;&#013;&#010;Comp\u00e9tition&#013;&#010;Titres&#013;&#010;Saisons&#013;&#010;&#013;&#010;&#013;&#010;Championnat de France (Top 14)&#013;&#010;1&#013;&#010;2021-2022&#013;&#010;&#013;&#010;&#013;&#010;Finaliste&#013;&#010;2&#013;&#010;2010-2011, 2017-2018&#013;&#010;&#013;&#010;&#013;&#010;Championnat de France de 2e division&#013;&#010;1&#013;&#010;2002-2003&#013;&#010;&#013;&#010;&#013;&#010;Challenge Yves du Manoir&#013;&#010;Finaliste&#013;&#010;1&#013;&#010;2010&#013;&#010;&#013;&#010;&#013;&#010;Coupe de France&#013;&#010;Finaliste&#013;&#010;1&#013;&#010;2011&#013;&#010;&#013;&#010;&#013;&#010;Bouclier europ\u00e9en&#013;&#010;1&#013;&#010;2003-2004&#013;&#010;&#013;&#010;&#013;&#010;Challenge europ\u00e9en&#013;&#010;2&#013;&#010;2015-2016, 2020-2021&#013;&#010;&#013;&#010;&#013;&#010;Finaliste&#013;&#010;1&#013;&#010;2010-2011&#013;&#010;&#013;&#010;&#013;&#010;Coupe d&#039;Europe&#013;&#010;Meilleure performance&#013;&#010;Demi-finaliste&#013;&#010;2022-2023\" href=\"https:\/\/www.xvovalie.com\/montpellier\/\" rel=\"nofollow noopener\" target=\"_blank\">Montpellier<\/a> ne restera pas forc\u00e9ment dans les m\u00e9moires. Arriv\u00e9 avec l\u2019\u00e9tiquette d\u2019ailier titulaire chez les Blacks, <strong>l\u2019ancien joueur des Crusaders aux quatre Super Rugby et deux Super Rugby Aotearoa n\u2019a pas forc\u00e9ment brill\u00e9 chez les Cistes<\/strong>. <\/p>\n<p>Apr\u00e8s trois saisons pass\u00e9es dans l\u2019H\u00e9rault, <strong>le N\u00e9o-z\u00e9landais quitte le club et s\u2019est engag\u00e9 avec la Western Force en Super Rugby<\/strong>. La province <a data-ilj-link-preview=\"true\" data-featured-image=\"\" data-excerpt=\"Les Wallabies ont une riche histoire dans le rugby international. Ils ont remport\u00e9 la Coupe du monde \u00e0 deux reprises, en 1991 et en 1999, et ont \u00e9galement remport\u00e9 le Rugby Championship \u00e0 plusieurs reprises. Les joueurs australiens sont \u00e9galement tr\u00e8s pr\u00e9sents dans les comp\u00e9titions de clubs europ\u00e9ennes et japonaises, o\u00f9 ils excellent par leur\u2026\" href=\"https:\/\/www.xvovalie.com\/australie\/\" rel=\"nofollow noopener\" target=\"_blank\">australienne<\/a> bas\u00e9e \u00e0 Perth a confirm\u00e9 l\u2019arriv\u00e9e de Bridge. Le joueur aux 19 s\u00e9lections avec la tunique noire s\u2019est dit heureux de relever ce nouveau d\u00e9fi : \u201cJ\u2019ai aim\u00e9 mon s\u00e9jour \u00e0 Perth, et avec des amis et de bonnes relations parmi le staff et les joueurs, j\u2019ai senti que c\u2019\u00e9tait la bonne solution\u201c. <\/p>\n<p>Rempla\u00e7ant d\u2019Harry Potter<\/p>\n<p><strong>Il remplacera l\u2019ailier des <a href=\"https:\/\/www.xvovalie.com\/australie\/\" rel=\"nofollow noopener\" target=\"_blank\">Wallabies<\/a> Harry Potter<\/strong>, qui s\u2019est lui engag\u00e9 avec les Waratahs. Simon Cron, le manager de la Force, est lui aussi ravi de cette signature : \u201cJe sais que George et sa famille \u00e9taient impatients de venir ici et de faire de Perth leur maison de pr\u00e9dilection, c\u2019est ce que nous sommes. Il apportera beaucoup \u00e0 notre \u00e9quipe\u201c.<\/p>\n<p>Biberonn\u00e9 au rugby, tomb\u00e9 malade de ce sport lors de la Coupe du Monde 2003, alors que je savais \u00e0 peine marcher, je suis le seul sudiste ayant reni\u00e9 le Stade Toulousain pour l\u2019autre Stade\u2026 Fran\u00e7ais. Condamn\u00e9 \u00e0 souffrir avec mon club de c\u0153ur, j\u2019esp\u00e8re vous transmettre mon amour pour la balle ovale \u00e0 travers XV Ovalie !<\/p>\n","protected":false},"excerpt":{"rendered":"Le passage de George Bridge \u00e0 Montpellier ne restera pas forc\u00e9ment dans les m\u00e9moires. Arriv\u00e9 avec l\u2019\u00e9tiquette d\u2019ailier&hellip;\n","protected":false},"author":2,"featured_media":297837,"comment_status":"","ping_status":"","sticky":false,"template":"","format":"standard","meta":{"footnotes":""},"categories":[9599],"tags":[1111,11,1777,674,1011,27,43813,2208,12,2680,25,478,10662,43814],"class_list":{"0":"post-297836","1":"post","2":"type-post","3":"status-publish","4":"format-standard","5":"has-post-thumbnail","7":"category-montpellier","8":"tag-actu","9":"tag-actualites","10":"tag-eu","11":"tag-europe","12":"tag-fr","13":"tag-france","14":"tag-george-bridge","15":"tag-montpellier","16":"tag-news","17":"tag-occitanie","18":"tag-republique-francaise","19":"tag-top-14","20":"tag-transferts","21":"tag-western-force"},"share_on_mastodon":{"url":"https:\/\/pubeurope.com\/@fr\/114975666490500252","error":""},"_links":{"self":[{"href":"https:\/\/www.europesays.com\/fr\/wp-json\/wp\/v2\/posts\/297836","targetHints":{"allow":["GET"]}}],"collection":[{"href":"https:\/\/www.europesays.com\/fr\/wp-json\/wp\/v2\/posts"}],"about":[{"href":"https:\/\/www.europesays.com\/fr\/wp-json\/wp\/v2\/types\/post"}],"author":[{"embeddable":true,"href":"https:\/\/www.europesays.com\/fr\/wp-json\/wp\/v2\/users\/2"}],"replies":[{"embeddable":true,"href":"https:\/\/www.europesays.com\/fr\/wp-json\/wp\/v2\/comments?post=297836"}],"version-history":[{"count":0,"href":"https:\/\/www.europesays.com\/fr\/wp-json\/wp\/v2\/posts\/297836\/revisions"}],"wp:featuredmedia":[{"embeddable":true,"href":"https:\/\/www.europesays.com\/fr\/wp-json\/wp\/v2\/media\/297837"}],"wp:attachment":[{"href":"https:\/\/www.europesays.com\/fr\/wp-json\/wp\/v2\/media?parent=297836"}],"wp:term":[{"taxonomy":"category","embeddable":true,"href":"https:\/\/www.europesays.com\/fr\/wp-json\/wp\/v2\/categories?post=297836"},{"taxonomy":"post_tag","embeddable":true,"href":"https:\/\/www.europesays.com\/fr\/wp-json\/wp\/v2\/tags?post=297836"}],"curies":[{"name":"wp","href":"https:\/\/api.w.org\/{rel}","templated":true}]}}