{"id":297838,"date":"2025-08-05T10:24:17","date_gmt":"2025-08-05T10:24:17","guid":{"rendered":"https:\/\/www.europesays.com\/fr\/297838\/"},"modified":"2025-08-05T10:24:17","modified_gmt":"2025-08-05T10:24:17","slug":"un-videur-jette-un-parpaing-sur-un-chien-devant-une-boite-de-nuit-une-enquete-ouverte","status":"publish","type":"post","link":"https:\/\/www.europesays.com\/fr\/297838\/","title":{"rendered":"un videur jette un parpaing sur un chien devant une bo\u00eete de nuit, une enqu\u00eate ouverte"},"content":{"rendered":"<p>Une vid\u00e9o tourn\u00e9e dans la nuit du vendredi 25 au samedi 26 octobre et reprise sur les r\u00e9seaux sociaux montre un agent de s\u00e9curit\u00e9 du Boho lancer l&rsquo;objet sur l&rsquo;animal devant l&rsquo;\u00e9tablissement.<\/p>\n<p>La sc\u00e8ne a r\u00e9volt\u00e9 de nombreux internautes. Une vid\u00e9o post\u00e9e sur les r\u00e9seaux sociaux ce samedi 26 octobre montre le videur de la bo\u00eete de nuit Boho \u00e0 Rouen en train de jeter \u00e0 plusieurs reprises un parpaing sur <a href=\"https:\/\/www.bfmtv.com\/normandie\/seine-maritime-trois-chihuahuas-enfermes-dans-une-voiture-secourus-par-la-police_AN-202410280577.html\" title=\"Seine-Maritime: trois chihuahuas enferm\u00e9s dans une voiture secourus par la police\" class=\"internal_link\" rel=\"nofollow noopener\" target=\"_blank\">un chien<\/a>, vraisemblablement lors de la nuit pr\u00e9c\u00e9dente.<\/p>\n<p>L&rsquo;individu lance une premi\u00e8re fois le bloc de b\u00e9ton sur l&rsquo;animal, touch\u00e9 au visage. Tenu en laisse par son ma\u00eetre, lequel se fait \u00e9galement frapper au visage quelques secondes plus tard, le chien semble paniqu\u00e9 et bondit pour \u00e9viter d&rsquo;\u00eatre de nouveau heurt\u00e9.<\/p>\n<p>Sous les yeux de nombreux t\u00e9moins, dont l&rsquo;un porte un brassard de la s\u00e9curit\u00e9 et tient une barri\u00e8re, l&rsquo;auteur lance ensuite des bouts du parpaing cass\u00e9 en direction du chien.<\/p>\n<p>Relay\u00e9e par plusieurs comptes, la publication a fait plusieurs centaines de milliers de vues.<\/p>\n<p>L&rsquo;agent a \u00e9t\u00e9 licenci\u00e9<\/p>\n<p>Sur Instagram, le Boho a publi\u00e9 un communiqu\u00e9 ce lundi matin pour donner sa version des faits.<\/p>\n<p>Selon la direction de la bo\u00eete de nuit, deux personnes \u00ab\u00a0fortement \u00e9nerv\u00e9es et alcoolis\u00e9es\u00a0\u00bb se seraient vu refuser l&rsquo;entr\u00e9e \u00ab\u00a0en raison de leur \u00e9tat et les ant\u00e9c\u00e9dents de ceux-ci\u00a0\u00bb dans l&rsquo;\u00e9tablissement.<\/p>\n<p>Raison pour laquelle, elles seraient ensuite all\u00e9es chercher leur chien qui \u00e9tait enferm\u00e9 dans leur voiture et auraient menac\u00e9 le videur ainsi que certains clients avec, apr\u00e8s l&rsquo;avoir d\u00e9musel\u00e9 et l&rsquo;incitant \u00e0 attaquer et \u00e0 mordre en criant: \u00ab\u00a0Chope, chope!\u00a0\u00bb<\/p>\n<p>C&rsquo;est \u00e0 ce moment que ce videur, \u00ab\u00a0dans un moment de panique incontr\u00f4l\u00e9\u00a0\u00bb, aurait jet\u00e9 le parpaing sur le chien.<\/p>\n<blockquote class=\"embed embed_quote\"><p>\u00ab\u00a0La direction du Boho ne cautionne en aucun cas ce geste inqualifiable, peut-on lire dans le communiqu\u00e9. \u00c0 notre demande, l&rsquo;agent s&rsquo;est pr\u00e9sent\u00e9 aux services de police et a \u00e9t\u00e9 imm\u00e9diatement licenci\u00e9 de la soci\u00e9t\u00e9 de s\u00e9curit\u00e9 qui l&#8217;emploie\u00a0\u00bb.<\/p><\/blockquote>\n<p>Une enqu\u00eate a \u00e9t\u00e9 ouverte. \u00ab\u00a0Concernant l&rsquo;\u00e9tat du chien, ce qui est le plus important, il n&rsquo;a subi fort heureusement aucune blessure\u00a0\u00bb, pr\u00e9cise le club. Le ma\u00eetre est quant \u00e0 lui activement recherch\u00e9 par la police.<\/p>\n<p>Gabriel Joly et Jocelyn Gouriou<\/p>\n","protected":false},"excerpt":{"rendered":"Une vid\u00e9o tourn\u00e9e dans la nuit du vendredi 25 au samedi 26 octobre et reprise sur les r\u00e9seaux&hellip;\n","protected":false},"author":2,"featured_media":297839,"comment_status":"","ping_status":"","sticky":false,"template":"","format":"standard","meta":{"footnotes":""},"categories":[9587],"tags":[1111,11,1777,674,1011,27,12,5161,25,9590],"class_list":{"0":"post-297838","1":"post","2":"type-post","3":"status-publish","4":"format-standard","5":"has-post-thumbnail","7":"category-rouen","8":"tag-actu","9":"tag-actualites","10":"tag-eu","11":"tag-europe","12":"tag-fr","13":"tag-france","14":"tag-news","15":"tag-normandie","16":"tag-republique-francaise","17":"tag-rouen"},"share_on_mastodon":{"url":"https:\/\/pubeurope.com\/@fr\/114975674877854698","error":""},"_links":{"self":[{"href":"https:\/\/www.europesays.com\/fr\/wp-json\/wp\/v2\/posts\/297838","targetHints":{"allow":["GET"]}}],"collection":[{"href":"https:\/\/www.europesays.com\/fr\/wp-json\/wp\/v2\/posts"}],"about":[{"href":"https:\/\/www.europesays.com\/fr\/wp-json\/wp\/v2\/types\/post"}],"author":[{"embeddable":true,"href":"https:\/\/www.europesays.com\/fr\/wp-json\/wp\/v2\/users\/2"}],"replies":[{"embeddable":true,"href":"https:\/\/www.europesays.com\/fr\/wp-json\/wp\/v2\/comments?post=297838"}],"version-history":[{"count":0,"href":"https:\/\/www.europesays.com\/fr\/wp-json\/wp\/v2\/posts\/297838\/revisions"}],"wp:featuredmedia":[{"embeddable":true,"href":"https:\/\/www.europesays.com\/fr\/wp-json\/wp\/v2\/media\/297839"}],"wp:attachment":[{"href":"https:\/\/www.europesays.com\/fr\/wp-json\/wp\/v2\/media?parent=297838"}],"wp:term":[{"taxonomy":"category","embeddable":true,"href":"https:\/\/www.europesays.com\/fr\/wp-json\/wp\/v2\/categories?post=297838"},{"taxonomy":"post_tag","embeddable":true,"href":"https:\/\/www.europesays.com\/fr\/wp-json\/wp\/v2\/tags?post=297838"}],"curies":[{"name":"wp","href":"https:\/\/api.w.org\/{rel}","templated":true}]}}