{"id":297840,"date":"2025-08-05T10:25:27","date_gmt":"2025-08-05T10:25:27","guid":{"rendered":"https:\/\/www.europesays.com\/fr\/297840\/"},"modified":"2025-08-05T10:25:27","modified_gmt":"2025-08-05T10:25:27","slug":"soiree-cine-en-plein-air-a-rouen-places-billets-le-grand-quevilly","status":"publish","type":"post","link":"https:\/\/www.europesays.com\/fr\/297840\/","title":{"rendered":"Soir\u00e9e cin\u00e9 en plein air \u00e0 Rouen : places, billets Le Grand-Quevilly"},"content":{"rendered":"<p class=\"fw-bold font-size-16 my-1\"> Le 29\/08\/2025<\/p>\n<p class=\"fw-bold font-size-16 my-1\"> Parc des Provinces,<br \/>\n47 Avenue des Provinces | <a href=\"https:\/\/www.jds.fr\/rouen\/le-grand-quevilly-31127_V\" rel=\"nofollow noopener\" target=\"_blank\">Le Grand-Quevilly<\/a><\/p>\n<p class=\"fw-bold font-size-16 my-1\"> NC <\/p>\n<p>Envie de profiter d\u2019un bon moment de convivialit\u00e9 avant la rentr\u00e9e\u00a0? Pour la troisi\u00e8me ann\u00e9e, la ville de Grand-Quevilly donne l\u2019occasion de faire un pique-nique, de profiter d\u2019animations et d\u2019un film en plein air\u2009!<\/p>\n<p>Le film projet\u00e9 sera <strong>\u00ab\u00a0Un p\u2019tit truc en plus\u00a0\u00bb<\/strong> de Artus.<\/p>\n<p>Le conseil de quartier Centre-ville\/Chant-des-oiseaux et la compagnie l\u2019\u00c9poustouflante vous proposent un temps festif et participatif entre 19h et 21h. Pour concevoir ce temps d\u2019animations, ils vous invitent \u00e0 participer \u00e0 des ateliers durant l\u2019\u00e9t\u00e9 pour que chacun y apporte sa touche personnelle\u00a0! Plus d\u2019infos dans le courant de l\u2019\u00e9t\u00e9 et au 07 89 49 87 31.<\/p>\n<p>C\u00f4t\u00e9 restauration, le comit\u00e9 Sainte-Lucie proposera buvette et petite restauration, une confiserie sera pr\u00e9sente et des tables de pique-nique seront \u00e0 disposition sur place. Vous pouvez \u00e9videmment ramener votre pique-nique\u00a0!<\/p>\n<p><strong>Programme\u00a0:<\/strong><\/p>\n<ul>\n<li>19h-21h\u00a0: Pique-nique et animations<\/li>\n<li>19h\u00a0\u2013 Tournoi de Walking foot\u00a0: Le\u00a0\u00ab football en marchant\u00a0\u00bb est un sport d\u2019\u00e9quipe inclusif et adapt\u00e9 pour les personnes \u00e2g\u00e9es ou handicap\u00e9es, qui interdit de courir. Il sera anim\u00e9 par des com\u00e9dien.ne.s.<\/li>\n<li>19h\u00a0\u2013 21h\u00a0: Jeux en bois en acc\u00e8s libre, mini-chorale itin\u00e9rante autour de Dalida, clin d\u2019\u0153il au film\u00a0\u00ab Un p&rsquo;tit truc en plus\u00a0\u00bb<\/li>\n<li>20h\u00a0: Concert du groupe Da Strike\u00a0: Da Strike est un collectif d\u2019artistes autistes, accompagn\u00e9 par un musicien professionnel et un artiste sonore.<\/li>\n<li>21h\u00a0: Projection du film <strong>Un p\u2019tit truc en plus<\/strong><\/li>\n<li>22h45-23h45\u00a0: DJ set\u00a0: St\u00e9phane Hagues (personne non\/mal voyante) aka DJ Steph \u00e0 la suite du film (afro house).<\/li>\n<\/ul>\n<p class=\"text-italic font-size-12\">Cet \u00e9v\u00e9nement a \u00e9t\u00e9 renseign\u00e9 par un organisme institutionnel (Office de tourisme Rouen tourisme). Date de derni\u00e8re mise \u00e0 jour le 04\/08\/2025.<\/p>\n<p>            Renseignements<\/p>\n<p><strong class=\"font-size-18\">O\u00f9\u00a0:<\/strong><br \/> Parc des Provinces,<br \/>\n47 Avenue des Provinces<a class=\"mt-1 d-block ps-4\" href=\"https:\/\/www.jds.fr\/rouen\/le-grand-quevilly-31127_V\" rel=\"nofollow noopener\" target=\"_blank\"> 76120 Le Grand-Quevilly<\/a><\/p>\n<p>Dates et horaires\u00a0: <\/p>\n<ul class=\"liste-dates list-unstyled\" id=\"liste-dates-68912f314cd9b\">\n<li>Vendredi 29 Ao\u00fbt 2025 de 19h \u00e0 23h45<\/li>\n<\/ul>\n<p>Tarifs\u00a0:  <\/p>\n<p>Dans la m\u00eame rubrique<\/p>\n<ul class=\"mt-3 list-unstyled list-articles-v2\">\n<li class=\"col-12 pt-4\" data-view-id-type=\"1\" data-view-id=\"1106871\" data-view-bc=\"0\"><a class=\"d-block titre text-black mb-1 mb-md-2\" href=\"https:\/\/www.jds.fr\/rouen\/spectacles\/cinema\/cine-seine-1106871_A\" rel=\"nofollow noopener\" target=\"_blank\">Cin\u00e9 Seine<\/a>Le 27\/08\/2025 Buchy<br \/>\nLe 27 ao\u00fbt, avec Cin\u00e9 Seine, venez assister \u00e0 deux projections de films \u00e0 la Halle en Sc\u00e8ne de Buchy.<\/p>\n<p>Au programme\u00a0:<\/p>\n<p>    \u00c0 18h\u00a0: Elio<br \/>\n    \u00c0 20h30\u00a0: [\u2026]<\/li>\n<li class=\"col-12 pt-4\" data-view-id-type=\"1\" data-view-id=\"1105374\" data-view-bc=\"0\"><a class=\"d-block titre text-black mb-1 mb-md-2\" href=\"https:\/\/www.jds.fr\/rouen\/spectacles\/cinema\/soiree-dansante-avec-loka-1105374_A\" rel=\"nofollow noopener\" target=\"_blank\">Soir\u00e9e dansante avec Loka&rsquo;<\/a>Le 19\/09\/2025 Fontaine-le-Bourg<br \/>\nSoir\u00e9e Dansante ce samedi au Bistrot du Tendos<br \/>\nVenez passer une soir\u00e9e dansante avec Loka&rsquo;.<br \/>\nVenez danser et faire la f\u00eate avec nous ce samedi soir dans une ambiance chaleureuse [\u2026]<\/li>\n<li class=\"li_gp_div\">\n<\/li>\n<li class=\"col-12 pt-4\" data-view-id-type=\"1\" data-view-id=\"755949\" data-view-bc=\"0\"><a href=\"https:\/\/www.jds.fr\/rouen\/agenda\/spectacle-comedie-musical-33_B\" class=\"lh-sm\" rel=\"nofollow noopener\" target=\"_blank\">Spectacle musical \u00e0 Rouen<\/a><a class=\"d-block titre text-black mb-1 mb-md-2\" href=\"https:\/\/www.jds.fr\/rouen\/spectacles\/spectacle-musical\/les-franglaises-tournee-755949_A\" rel=\"nofollow noopener\" target=\"_blank\">Les Franglaises &#8211; Tourn\u00e9e<\/a>Le 11\/10\/2025<a href=\"https:\/\/www.jds.fr\/rouen\/le-grand-quevilly\/salle-de-concert\/zenith-de-rouen-15867_L\" class=\"lieu font-size-14 text-gray-700 d-block lh-sm my-1\" rel=\"nofollow noopener\" target=\"_blank\"> Z\u00e9nith de Rouen &#8211; Le Grand-Quevilly<\/a>Les Franglaises &#8211; Tourn\u00e9e, un spectacle \u00e0 voir \u00e0 Rouen (Z\u00e9nith de Rouen Le Grand-Quevilly), le 11 octobre 2025. Toutes les informations pratiques (tarifs, billetterie, plan de [\u2026]<a class=\"image\" href=\"https:\/\/www.jds.fr\/rouen\/spectacles\/spectacle-musical\/les-franglaises-tournee-755949_A\" rel=\"nofollow noopener\" target=\"_blank\"><img decoding=\"async\" loading=\"lazy\" src=\"https:\/\/www.europesays.com\/fr\/wp-content\/uploads\/2025\/08\/1754389522_335_\" width=\"180\" height=\"180\" alt=\"Les Franglaises - Tourn\u00e9e\"\/><\/a><\/li>\n<li class=\"col-12 pt-4\" data-view-id-type=\"1\" data-view-id=\"1102505\" data-view-bc=\"0\"\/>\n<li class=\"col-12 pt-4\" data-view-id-type=\"1\" data-view-id=\"369043\" data-view-bc=\"0\"><a class=\"d-block titre text-black mb-1 mb-md-2\" href=\"https:\/\/www.jds.fr\/rouen\/spectacles\/humour\/ahmed-sylla-origami-tournee-369043_A\" rel=\"nofollow noopener\" target=\"_blank\">Ahmed Sylla, Origami &#8211; Tourn\u00e9e<\/a>Le 17\/10\/2025<a href=\"https:\/\/www.jds.fr\/rouen\/le-grand-quevilly\/salle-de-concert\/zenith-de-rouen-15867_L\" class=\"lieu font-size-14 text-gray-700 d-block lh-sm my-1\" rel=\"nofollow noopener\" target=\"_blank\"> Z\u00e9nith de Rouen &#8211; Le Grand-Quevilly<\/a>Ahmed Sylla, Origami &#8211; Tourn\u00e9e, un spectacle \u00e0 voir \u00e0 Rouen (Z\u00e9nith de Rouen Le Grand-Quevilly), le 17 octobre 2025. Toutes les informations pratiques (tarifs, billetterie, [\u2026]<a class=\"image\" href=\"https:\/\/www.jds.fr\/rouen\/spectacles\/humour\/ahmed-sylla-origami-tournee-369043_A\" rel=\"nofollow noopener\" target=\"_blank\"><img decoding=\"async\" loading=\"lazy\" src=\"https:\/\/www.europesays.com\/fr\/wp-content\/uploads\/2025\/08\/1754389522_796_\" width=\"180\" height=\"180\" alt=\"Ahmed Sylla, Origami - Tourn\u00e9e\"\/><\/a><\/li>\n<li class=\"li_gp_div li_gp_div_infeed\"\/>\n<li class=\"col-12 pt-4\" data-view-id-type=\"1\" data-view-id=\"991645\" data-view-bc=\"0\"><a class=\"d-block titre text-black mb-1 mb-md-2\" href=\"https:\/\/www.jds.fr\/rouen\/spectacles\/le-petit-prince-sur-la-glace-991645_A\" rel=\"nofollow noopener\" target=\"_blank\">Le Petit Prince sur la Glace<\/a>Le 18\/10\/2025<a href=\"https:\/\/www.jds.fr\/rouen\/le-grand-quevilly\/salle-de-concert\/zenith-de-rouen-15867_L\" class=\"lieu font-size-14 text-gray-700 d-block lh-sm my-1\" rel=\"nofollow noopener\" target=\"_blank\"> Z\u00e9nith de Rouen &#8211; Le Grand-Quevilly<\/a>Le Petit Prince sur la Glace, un spectacle \u00e0 voir \u00e0 Rouen (Z\u00e9nith de Rouen Le Grand-Quevilly), le 18 octobre 2025. Toutes les informations pratiques (tarifs, billetterie, plan [\u2026]<a class=\"image\" href=\"https:\/\/www.jds.fr\/rouen\/spectacles\/le-petit-prince-sur-la-glace-991645_A\" rel=\"nofollow noopener\" target=\"_blank\"><img decoding=\"async\" loading=\"lazy\" src=\"https:\/\/www.europesays.com\/fr\/wp-content\/uploads\/2025\/08\/1754389523_291_\" width=\"180\" height=\"180\" alt=\"Le Petit Prince sur la Glace\"\/><\/a><\/li>\n<li class=\"col-12 pt-4\" data-view-id-type=\"1\" data-view-id=\"759442\" data-view-bc=\"0\"><a class=\"d-block titre text-black mb-1 mb-md-2\" href=\"https:\/\/www.jds.fr\/rouen\/spectacles\/humour\/laurie-peret-a-bientot-quelque-part-tournee-759442_A\" rel=\"nofollow noopener\" target=\"_blank\">Laurie Peret &#8211; A Bient\u00f4t Quelque Part (tourn\u00e9e)<\/a>Le 24\/10\/2025<a href=\"https:\/\/www.jds.fr\/rouen\/le-grand-quevilly\/salle-de-concert\/zenith-de-rouen-15867_L\" class=\"lieu font-size-14 text-gray-700 d-block lh-sm my-1\" rel=\"nofollow noopener\" target=\"_blank\"> Z\u00e9nith de Rouen &#8211; Le Grand-Quevilly<\/a>Laurie Peret &#8211; A Bient\u00f4t Quelque Part (tourn\u00e9e), un spectacle \u00e0 voir \u00e0 Rouen (Z\u00e9nith de Rouen Le Grand-Quevilly), le 24 octobre 2025. Toutes les informations pratiques [\u2026]<a class=\"image\" href=\"https:\/\/www.jds.fr\/rouen\/spectacles\/humour\/laurie-peret-a-bientot-quelque-part-tournee-759442_A\" rel=\"nofollow noopener\" target=\"_blank\"><img decoding=\"async\" loading=\"lazy\" src=\"https:\/\/www.europesays.com\/fr\/wp-content\/uploads\/2025\/08\/1754389523_66_\" width=\"180\" height=\"180\" alt=\"Laurie Peret - A Bient\u00f4t Quelque Part (tourn\u00e9e)\"\/><\/a><\/li>\n<li class=\"col-12 pt-4\" data-view-id-type=\"1\" data-view-id=\"509617\" data-view-bc=\"0\"><a class=\"d-block titre text-black mb-1 mb-md-2\" href=\"https:\/\/www.jds.fr\/rouen\/spectacles\/humour\/les-bodin-s-fetent-leurs-30-ans-grandeur-nature-les-ultimes-dates-509617_A\" rel=\"nofollow noopener\" target=\"_blank\">Les Bodin&rsquo;s f\u00eatent leurs 30 ans\u00a0! &#8211; Grandeur nature, les ultimes dates<\/a>Du 31\/10\/2025 au 02\/11\/2025<a href=\"https:\/\/www.jds.fr\/rouen\/le-grand-quevilly\/salle-de-concert\/zenith-de-rouen-15867_L\" class=\"lieu font-size-14 text-gray-700 d-block lh-sm my-1\" rel=\"nofollow noopener\" target=\"_blank\"> Z\u00e9nith de Rouen &#8211; Le Grand-Quevilly<\/a>Les Bodin&rsquo;s f\u00eatent leurs 30 ans\u00a0! &#8211; Grandeur nature, les ultimes dates, un spectacle \u00e0 voir \u00e0 Rouen (Z\u00e9nith de Rouen Le Grand-Quevilly), du 31 octobre 2025 au 2 novembre [\u2026]<a class=\"image\" href=\"https:\/\/www.jds.fr\/rouen\/spectacles\/humour\/les-bodin-s-fetent-leurs-30-ans-grandeur-nature-les-ultimes-dates-509617_A\" rel=\"nofollow noopener\" target=\"_blank\"><img decoding=\"async\" loading=\"lazy\" src=\"https:\/\/www.europesays.com\/fr\/wp-content\/uploads\/2025\/08\/1754389524_418_\" width=\"180\" height=\"180\" alt=\"Les Bodin's f\u00eatent leurs 30 ans ! - Grandeur nature, les ultimes dates\"\/><\/a><\/li>\n<li class=\"col-12 pt-4\" data-view-id-type=\"1\" data-view-id=\"516641\" data-view-bc=\"0\"><a class=\"d-block titre text-black mb-1 mb-md-2\" href=\"https:\/\/www.jds.fr\/rouen\/spectacles\/humour\/thomas-angelvy-tournee-516641_A\" rel=\"nofollow noopener\" target=\"_blank\">Thomas Angelvy &#8211; Tourn\u00e9e<\/a>Le 14\/11\/2025<a href=\"https:\/\/www.jds.fr\/rouen\/le-grand-quevilly\/salle-de-concert\/zenith-de-rouen-15867_L\" class=\"lieu font-size-14 text-gray-700 d-block lh-sm my-1\" rel=\"nofollow noopener\" target=\"_blank\"> Z\u00e9nith de Rouen &#8211; Le Grand-Quevilly<\/a>Thomas Angelvy &#8211; Tourn\u00e9e, un spectacle \u00e0 voir \u00e0 Rouen (Z\u00e9nith de Rouen Le Grand-Quevilly), le 14 novembre 2025. Toutes les informations pratiques (tarifs, billetterie, plan de [\u2026]<a class=\"image\" href=\"https:\/\/www.jds.fr\/rouen\/spectacles\/humour\/thomas-angelvy-tournee-516641_A\" rel=\"nofollow noopener\" target=\"_blank\"><img decoding=\"async\" loading=\"lazy\" src=\"https:\/\/www.europesays.com\/fr\/wp-content\/uploads\/2025\/08\/1754389524_860_\" width=\"180\" height=\"180\" alt=\"Thomas Angelvy - Tourn\u00e9e\"\/><\/a><\/li>\n<li class=\"li_gp_div li_gp_div_infeed\"\/>\n<li class=\"col-12 pt-4\" data-view-id-type=\"1\" data-view-id=\"1067198\" data-view-bc=\"0\"><a class=\"d-block titre text-black mb-1 mb-md-2\" href=\"https:\/\/www.jds.fr\/rouen\/spectacles\/cinema\/nosferatu-1067198_A\" rel=\"nofollow noopener\" target=\"_blank\">Nosferatu<\/a>Le 25\/11\/2025<a href=\"https:\/\/www.jds.fr\/rouen\/patrimoine-religieux\/chapelle-corneille-19288_L\" class=\"lieu font-size-14 text-gray-700 d-block lh-sm my-1\" rel=\"nofollow noopener\" target=\"_blank\"> Chapelle Corneille &#8211; Rouen<\/a>Dur\u00e9e 1h30, sans entracte&#13;<br \/>\n&#13;<br \/>\nUn cin\u00e9 concert qui nous plonge dans l\u2019univers envo\u00fbtant de Nosferatu,\u00a0. cette \u0153uvre mythique fantastique en noir [\u2026]<a class=\"image\" href=\"https:\/\/www.jds.fr\/rouen\/spectacles\/cinema\/nosferatu-1067198_A\" rel=\"nofollow noopener\" target=\"_blank\"><img decoding=\"async\" loading=\"lazy\" src=\"https:\/\/www.europesays.com\/fr\/wp-content\/uploads\/2025\/08\/0-30439800-1751364723-663369-180-180.webp.webp\" width=\"180\" height=\"180\" alt=\"Nosferatu\" class=\"border\"\/><\/a><\/li>\n<li class=\"col-12 pt-4\" data-view-id-type=\"1\" data-view-id=\"719217\" data-view-bc=\"0\"><a class=\"d-block titre text-black mb-1 mb-md-2\" href=\"https:\/\/www.jds.fr\/rouen\/spectacles\/humour\/dany-boon-clown-n-est-pas-un-metier-tournee-719217_A\" rel=\"nofollow noopener\" target=\"_blank\">Dany Boon &#8211; Clown n\u2019est pas un m\u00e9tier\u00a0!! &#8211; Tourn\u00e9e<\/a>Le 27\/11\/2025<a href=\"https:\/\/www.jds.fr\/rouen\/le-grand-quevilly\/salle-de-concert\/zenith-de-rouen-15867_L\" class=\"lieu font-size-14 text-gray-700 d-block lh-sm my-1\" rel=\"nofollow noopener\" target=\"_blank\"> Z\u00e9nith de Rouen &#8211; Le Grand-Quevilly<\/a>Dany Boon &#8211; Clown n\u2019est pas un m\u00e9tier\u00a0!! &#8211; Tourn\u00e9e, un spectacle \u00e0 voir \u00e0 Rouen (Z\u00e9nith de Rouen Le Grand-Quevilly), le 27 novembre 2025. Toutes les informations [\u2026]<a class=\"image\" href=\"https:\/\/www.jds.fr\/rouen\/spectacles\/humour\/dany-boon-clown-n-est-pas-un-metier-tournee-719217_A\" rel=\"nofollow noopener\" target=\"_blank\"><img decoding=\"async\" loading=\"lazy\" src=\"https:\/\/www.europesays.com\/fr\/wp-content\/uploads\/2025\/08\/1754389525_844_\" width=\"180\" height=\"180\" alt=\"Dany Boon - Clown n\u2019est pas un m\u00e9tier !! - Tourn\u00e9e\"\/><\/a><\/li>\n<li class=\"col-12 pt-4\" data-view-id-type=\"1\" data-view-id=\"743294\" data-view-bc=\"0\"><a class=\"d-block titre text-black mb-1 mb-md-2\" href=\"https:\/\/www.jds.fr\/rouen\/spectacles\/cinema\/disney-en-concert-autour-du-mond-743294_A\" rel=\"nofollow noopener\" target=\"_blank\">Disney en Concert\u00a0: Autour du Mond<\/a>Le 28\/11\/2025<a href=\"https:\/\/www.jds.fr\/rouen\/le-grand-quevilly\/salle-de-concert\/zenith-de-rouen-15867_L\" class=\"lieu font-size-14 text-gray-700 d-block lh-sm my-1\" rel=\"nofollow noopener\" target=\"_blank\"> Z\u00e9nith de Rouen &#8211; Le Grand-Quevilly<\/a>Disney en Concert\u00a0: Autour du Mond, un spectacle \u00e0 voir \u00e0 Rouen (Z\u00e9nith de Rouen Le Grand-Quevilly), le 28 novembre 2025. Toutes les informations pratiques (tarifs, [\u2026]<a class=\"image\" href=\"https:\/\/www.jds.fr\/rouen\/spectacles\/cinema\/disney-en-concert-autour-du-mond-743294_A\" rel=\"nofollow noopener\" target=\"_blank\"><img decoding=\"async\" loading=\"lazy\" src=\"https:\/\/www.europesays.com\/fr\/wp-content\/uploads\/2025\/08\/1754389525_301_\" width=\"180\" height=\"180\" alt=\"Disney en Concert : Autour du Mond\"\/><\/a><\/li>\n<li class=\"col-12 pt-4\" data-view-id-type=\"1\" data-view-id=\"535744\" data-view-bc=\"0\"><a class=\"d-block titre text-black mb-1 mb-md-2\" href=\"https:\/\/www.jds.fr\/rouen\/spectacles\/humour\/d-jal-en-pleine-conscience-tournee-535744_A\" rel=\"nofollow noopener\" target=\"_blank\">D&rsquo;Jal &#8211; en Pleine Conscience &#8211; Tourn\u00e9e<\/a>Le 29\/11\/2025<a href=\"https:\/\/www.jds.fr\/rouen\/le-grand-quevilly\/salle-de-concert\/zenith-de-rouen-15867_L\" class=\"lieu font-size-14 text-gray-700 d-block lh-sm my-1\" rel=\"nofollow noopener\" target=\"_blank\"> Z\u00e9nith de Rouen &#8211; Le Grand-Quevilly<\/a>D&rsquo;Jal &#8211; en Pleine Conscience &#8211; Tourn\u00e9e, un spectacle \u00e0 voir \u00e0 Rouen (Z\u00e9nith de Rouen Le Grand-Quevilly), le 29 novembre 2025. Toutes les informations pratiques (tarifs, [\u2026]<a class=\"image\" href=\"https:\/\/www.jds.fr\/rouen\/spectacles\/humour\/d-jal-en-pleine-conscience-tournee-535744_A\" rel=\"nofollow noopener\" target=\"_blank\"><img decoding=\"async\" loading=\"lazy\" src=\"https:\/\/www.europesays.com\/fr\/wp-content\/uploads\/2025\/08\/1754389525_324_\" width=\"180\" height=\"180\" alt=\"D'Jal - en Pleine Conscience - Tourn\u00e9e\"\/><\/a><\/li>\n<li class=\"li_gp_div li_gp_div_infeed\"\/>\n<li class=\"col-12 pt-4\" data-view-id-type=\"1\" data-view-id=\"387347\" data-view-bc=\"0\"><a href=\"https:\/\/www.jds.fr\/rouen\/agenda\/spectacle-comedie-musical-33_B\" class=\"lh-sm\" rel=\"nofollow noopener\" target=\"_blank\">Spectacle musical \u00e0 Rouen<\/a><a class=\"d-block titre text-black mb-1 mb-md-2\" href=\"https:\/\/www.jds.fr\/rouen\/spectacles\/spectacle-musical\/la-haine-387347_A\" rel=\"nofollow noopener\" target=\"_blank\">La Haine<\/a>Le 30\/11\/2025<a href=\"https:\/\/www.jds.fr\/rouen\/le-grand-quevilly\/salle-de-concert\/zenith-de-rouen-15867_L\" class=\"lieu font-size-14 text-gray-700 d-block lh-sm my-1\" rel=\"nofollow noopener\" target=\"_blank\"> Z\u00e9nith de Rouen &#8211; Le Grand-Quevilly<\/a>La Haine, un spectacle \u00e0 voir \u00e0 Rouen (Z\u00e9nith de Rouen Le Grand-Quevilly), le 30 novembre 2025. Toutes les informations pratiques (tarifs, billetterie, plan de salle) pour ce [\u2026]<a class=\"image\" href=\"https:\/\/www.jds.fr\/rouen\/spectacles\/spectacle-musical\/la-haine-387347_A\" rel=\"nofollow noopener\" target=\"_blank\"><img decoding=\"async\" loading=\"lazy\" src=\"https:\/\/www.europesays.com\/fr\/wp-content\/uploads\/2025\/08\/1754389526_933_\" width=\"180\" height=\"180\" alt=\"La Haine\"\/><\/a><\/li>\n<li class=\"col-12 pt-4\" data-view-id-type=\"1\" data-view-id=\"706099\" data-view-bc=\"0\"><a class=\"d-block titre text-black mb-1 mb-md-2\" href=\"https:\/\/www.jds.fr\/rouen\/spectacles\/danse\/carmina-burana-ballet-choeurs-et-orchestre-tournee-706099_A\" rel=\"nofollow noopener\" target=\"_blank\">Carmina Burana &#8211; Ballet, Choeurs et Orchestre &#8211; Tourn\u00e9e<\/a>Le 06\/12\/2025<a href=\"https:\/\/www.jds.fr\/rouen\/le-grand-quevilly\/salle-de-concert\/zenith-de-rouen-15867_L\" class=\"lieu font-size-14 text-gray-700 d-block lh-sm my-1\" rel=\"nofollow noopener\" target=\"_blank\"> Z\u00e9nith de Rouen &#8211; Le Grand-Quevilly<\/a>Carmina Burana &#8211; Ballet, Choeurs et Orchestre &#8211; Tourn\u00e9e, un spectacle \u00e0 voir \u00e0 Rouen (Z\u00e9nith de Rouen Le Grand-Quevilly), le 6 d\u00e9cembre 2025. Toutes les informations pratiques [\u2026]<a class=\"image\" href=\"https:\/\/www.jds.fr\/rouen\/spectacles\/danse\/carmina-burana-ballet-choeurs-et-orchestre-tournee-706099_A\" rel=\"nofollow noopener\" target=\"_blank\"><img decoding=\"async\" loading=\"lazy\" src=\"https:\/\/www.europesays.com\/fr\/wp-content\/uploads\/2025\/08\/1754389526_709_\" width=\"180\" height=\"180\" alt=\"Carmina Burana - Ballet, Choeurs et Orchestre - Tourn\u00e9e\"\/><\/a><\/li>\n<li class=\"col-12 pt-4\" data-view-id-type=\"1\" data-view-id=\"869024\" data-view-bc=\"0\"><a class=\"d-block titre text-black mb-1 mb-md-2\" href=\"https:\/\/www.jds.fr\/rouen\/spectacles\/bollywood-masala-tournee-869024_A\" rel=\"nofollow noopener\" target=\"_blank\">Bollywood Masala &#8211; Tourn\u00e9e<\/a>Le 09\/12\/2025<a href=\"https:\/\/www.jds.fr\/rouen\/le-grand-quevilly\/salle-de-concert\/zenith-de-rouen-15867_L\" class=\"lieu font-size-14 text-gray-700 d-block lh-sm my-1\" rel=\"nofollow noopener\" target=\"_blank\"> Z\u00e9nith de Rouen &#8211; Le Grand-Quevilly<\/a>Bollywood Masala &#8211; Tourn\u00e9e, un spectacle \u00e0 voir \u00e0 Rouen (Z\u00e9nith de Rouen Le Grand-Quevilly), le 9 d\u00e9cembre 2025. Toutes les informations pratiques (tarifs, billetterie, plan [\u2026]<a class=\"image\" href=\"https:\/\/www.jds.fr\/rouen\/spectacles\/bollywood-masala-tournee-869024_A\" rel=\"nofollow noopener\" target=\"_blank\"><img decoding=\"async\" loading=\"lazy\" src=\"https:\/\/www.europesays.com\/fr\/wp-content\/uploads\/2025\/08\/1754389527_463_\" width=\"180\" height=\"180\" alt=\"Bollywood Masala - Tourn\u00e9e\"\/><\/a><\/li>\n<li class=\"col-12 pt-4\" data-view-id-type=\"1\" data-view-id=\"945377\" data-view-bc=\"0\"><a class=\"d-block titre text-black mb-1 mb-md-2\" href=\"https:\/\/www.jds.fr\/rouen\/spectacles\/le-noel-magique-de-caroline-marx-945377_A\" rel=\"nofollow noopener\" target=\"_blank\">Le No\u00ebl Magique de Caroline Marx<\/a>Le 13\/12\/2025<a href=\"https:\/\/www.jds.fr\/rouen\/le-grand-quevilly\/salle-de-concert\/zenith-de-rouen-15867_L\" class=\"lieu font-size-14 text-gray-700 d-block lh-sm my-1\" rel=\"nofollow noopener\" target=\"_blank\"> Z\u00e9nith de Rouen &#8211; Le Grand-Quevilly<\/a>Le No\u00ebl Magique de Caroline Marx, un spectacle \u00e0 voir \u00e0 Rouen (Z\u00e9nith de Rouen Le Grand-Quevilly), le 13 d\u00e9cembre 2025. Toutes les informations pratiques (tarifs, billetterie, [\u2026]<a class=\"image\" href=\"https:\/\/www.jds.fr\/rouen\/spectacles\/le-noel-magique-de-caroline-marx-945377_A\" rel=\"nofollow noopener\" target=\"_blank\"><img decoding=\"async\" loading=\"lazy\" src=\"https:\/\/www.europesays.com\/fr\/wp-content\/uploads\/2025\/08\/1754389527_397_\" width=\"180\" height=\"180\" alt=\"Le No\u00ebl Magique de Caroline Marx\"\/><\/a><\/li>\n<li class=\"li_gp_div li_gp_div_infeed\"\/>\n<li class=\"col-12 pt-4\" data-view-id-type=\"1\" data-view-id=\"909855\" data-view-bc=\"0\"><a class=\"d-block titre text-black mb-1 mb-md-2\" href=\"https:\/\/www.jds.fr\/rouen\/spectacles\/cinema\/naruto-shippuden-symphonic-experience-part-1-cine-concert-909855_A\" rel=\"nofollow noopener\" target=\"_blank\">Naruto Shippuden &#8211; Symphonic Exp\u00e9rience (part 1) &#8211; Cin\u00e9-Concert<\/a>Le 22\/03\/2026<a href=\"https:\/\/www.jds.fr\/rouen\/le-grand-quevilly\/salle-de-concert\/zenith-de-rouen-15867_L\" class=\"lieu font-size-14 text-gray-700 d-block lh-sm my-1\" rel=\"nofollow noopener\" target=\"_blank\"> Z\u00e9nith de Rouen &#8211; Le Grand-Quevilly<\/a>Naruto Shippuden &#8211; Symphonic Exp\u00e9rience (part 1) &#8211; Cin\u00e9-Concert, un spectacle \u00e0 voir \u00e0 Rouen (Z\u00e9nith de Rouen Le Grand-Quevilly), le 22 mars 2026. Toutes les informations [\u2026]<a class=\"image\" href=\"https:\/\/www.jds.fr\/rouen\/spectacles\/cinema\/naruto-shippuden-symphonic-experience-part-1-cine-concert-909855_A\" rel=\"nofollow noopener\" target=\"_blank\"><img decoding=\"async\" loading=\"lazy\" src=\"https:\/\/www.europesays.com\/fr\/wp-content\/uploads\/2025\/08\/1754389527_200_\" width=\"180\" height=\"180\" alt=\"Naruto Shippuden - Symphonic Exp\u00e9rience (part 1) - Cin\u00e9-Concert\"\/><\/a><\/li>\n<\/ul>\n<p class=\"font-size-30 fw-bold lh-1 mt-0 mb-4\">Je trouve les meilleures sorties dans ma ville<\/p>\n<p class=\"mt-0 mb-3 h2\">Newsletter JDS Rouen<\/p>\n<p class=\"font-size-18 fw-normal lh-sm\">Pr\u00eat pour un week-end de folie\u00a0? Chaque jeudi tous les bons plans sorties<\/p>\n","protected":false},"excerpt":{"rendered":"Le 29\/08\/2025 Parc des Provinces, 47 Avenue des Provinces | Le Grand-Quevilly NC Envie de profiter d\u2019un bon&hellip;\n","protected":false},"author":2,"featured_media":40537,"comment_status":"","ping_status":"","sticky":false,"template":"","format":"standard","meta":{"footnotes":""},"categories":[9587],"tags":[1111,11,1777,674,1011,27,12,5161,25,9590],"class_list":{"0":"post-297840","1":"post","2":"type-post","3":"status-publish","4":"format-standard","5":"has-post-thumbnail","7":"category-rouen","8":"tag-actu","9":"tag-actualites","10":"tag-eu","11":"tag-europe","12":"tag-fr","13":"tag-france","14":"tag-news","15":"tag-normandie","16":"tag-republique-francaise","17":"tag-rouen"},"share_on_mastodon":{"url":"https:\/\/pubeurope.com\/@fr\/114975678638442408","error":""},"_links":{"self":[{"href":"https:\/\/www.europesays.com\/fr\/wp-json\/wp\/v2\/posts\/297840","targetHints":{"allow":["GET"]}}],"collection":[{"href":"https:\/\/www.europesays.com\/fr\/wp-json\/wp\/v2\/posts"}],"about":[{"href":"https:\/\/www.europesays.com\/fr\/wp-json\/wp\/v2\/types\/post"}],"author":[{"embeddable":true,"href":"https:\/\/www.europesays.com\/fr\/wp-json\/wp\/v2\/users\/2"}],"replies":[{"embeddable":true,"href":"https:\/\/www.europesays.com\/fr\/wp-json\/wp\/v2\/comments?post=297840"}],"version-history":[{"count":0,"href":"https:\/\/www.europesays.com\/fr\/wp-json\/wp\/v2\/posts\/297840\/revisions"}],"wp:featuredmedia":[{"embeddable":true,"href":"https:\/\/www.europesays.com\/fr\/wp-json\/wp\/v2\/media\/40537"}],"wp:attachment":[{"href":"https:\/\/www.europesays.com\/fr\/wp-json\/wp\/v2\/media?parent=297840"}],"wp:term":[{"taxonomy":"category","embeddable":true,"href":"https:\/\/www.europesays.com\/fr\/wp-json\/wp\/v2\/categories?post=297840"},{"taxonomy":"post_tag","embeddable":true,"href":"https:\/\/www.europesays.com\/fr\/wp-json\/wp\/v2\/tags?post=297840"}],"curies":[{"name":"wp","href":"https:\/\/api.w.org\/{rel}","templated":true}]}}