{"id":297843,"date":"2025-08-05T10:28:22","date_gmt":"2025-08-05T10:28:22","guid":{"rendered":"https:\/\/www.europesays.com\/fr\/297843\/"},"modified":"2025-08-05T10:28:22","modified_gmt":"2025-08-05T10:28:22","slug":"tribune-les-femmes-representent-70-des-effectifs-salaries-des-associations-en-bretagne","status":"publish","type":"post","link":"https:\/\/www.europesays.com\/fr\/297843\/","title":{"rendered":"[Tribune] \u00ab Les femmes repr\u00e9sentent 70\u202f% des effectifs salari\u00e9s des associations \u00bb, en Bretagne"},"content":{"rendered":"<p>La Bretagne est une terre d\u2019engagement et cela se refl\u00e8te aussi dans la vie associative, qui est plus dense dans notre r\u00e9gion qu\u2018au plan national. Les chiffres mis en lumi\u00e8re par l\u2019enqu\u00eate r\u00e9alis\u00e9e par l\u2019Ifop, en avril 2025, pour le conseil r\u00e9gional sont \u00e9loquents\u00a0: alors que \u00ab\u00a0seulement\u00a0\u00bb 42\u00a0% des Fran\u00e7ais sont adh\u00e9rents d\u2019une association, c\u2019est plus de 52\u00a0% des Bretons qui adh\u00e8rent \u00e0 une association\u00a0! Qui plus est, un Breton sur quatre est b\u00e9n\u00e9vole dans une association, contre un sur cinq dans le reste du pays. Joli palmar\u00e8s.<\/p>\n<p>Il faut dire que notre tissu associatif est riche\u00a0: la Bretagne compte environ 79\u202f000 associations actives aux activit\u00e9s multiples\u00a0: sociales, sanitaires et \u00e9ducatives, culturelles ou sportives. Ces associations sont notre bien commun, les forces vives qui irriguent notre tissu social.<\/p>\n<p>\u00c9videmment, ce sont avant tout des structures qui n\u00e9cessitent des ressources financi\u00e8res et humaines pour fonctionner. Elles s\u2019appuient sur pr\u00e8s de 700\u202f000 b\u00e9n\u00e9voles qui sont \u00ab\u00a0la colonne vert\u00e9brale\u00a0\u00bb des associations. Elles emploient aussi des salari\u00e9s\u00a0: presque 100\u00a0000 repr\u00e9sentant 11,1\u202f% de l\u2019emploi priv\u00e9 r\u00e9gional. C\u2019est \u00e9norme\u00a0!<\/p>\n<p>Deux secteurs concentrent pr\u00e8s de 70\u202f% des emplois\u00a0: l\u2019action m\u00e9dico-sociale (maisons de retraite, handicap, protection de l\u2019enfance, aide \u00e0 domicile) et l\u2019enseignement associatif, principalement le r\u00e9seau catholique d\u2019enseignement sous contrat, fortement implant\u00e9 en Bretagne. Ce sont les femmes qui repr\u00e9sentent 70\u202f% des effectifs salari\u00e9s des associations, soit 70\u00a0000 salari\u00e9es. Elles choisissent ces m\u00e9tiers parce qu\u2019ils sont align\u00e9s avec des valeurs de solidarit\u00e9, d\u2019accompagnement des publics vuln\u00e9rables. De plus, le secteur associatif propose plus de temps partiels, souvent compatibles avec des responsabilit\u00e9s familiales.<\/p>\n<blockquote><p>Les associations font face \u00e0 plusieurs probl\u00e9matiques, notamment la baisse des subventions publiques qui menace leur p\u00e9rennit\u00e9 et les oblige \u00e0 revoir leur mod\u00e8le \u00e9conomique pour le rendre plus r\u00e9silient et autonome. Il s\u2019agit d\u2019aller chercher des financements priv\u00e9s sans d\u00e9naturer la mission d\u2019int\u00e9r\u00eat g\u00e9n\u00e9ral ni la qualit\u00e9 des prestations rendues.<\/p><\/blockquote>\n<p>Les associations font face \u00e0 plusieurs probl\u00e9matiques, notamment la baisse des subventions publiques qui menace leur p\u00e9rennit\u00e9 et les oblige \u00e0 revoir leur mod\u00e8le \u00e9conomique pour le rendre plus r\u00e9silient et autonome. Il s\u2019agit d\u2019aller chercher des financements priv\u00e9s (hausse des cotisations, vente de services marchands, partenariat avec des m\u00e9c\u00e8nes, financement participatif\u2026) sans d\u00e9naturer la mission d\u2019int\u00e9r\u00eat g\u00e9n\u00e9ral ni la qualit\u00e9 des prestations rendues. <\/p>\n<p>Le deuxi\u00e8me enjeu majeur est un enjeu de ressources humaines\u00a0: comment fid\u00e9liser et motiver les salari\u00e9s qui travaillent dans ces secteurs\u00a0? Quid du remplacement des dirigeants d\u2019association qui sont b\u00e9n\u00e9voles, pour la plupart, et prennent en charge des missions chronophages et complexes\u00a0? Cela interroge aussi la capacit\u00e9 \u00e0 attirer les b\u00e9n\u00e9voles qui prendra peut-\u00eatre d\u2019autres formes (missions plus ponctuelles, participation num\u00e9rique\u2026) <\/p>\n<p>Enfin, un dernier enjeu concerne la transition num\u00e9rique et environnementale des associations, qui doivent s\u2019adapter \u00e0 de nouvelles attentes (diminution de leur empreinte carbone, outils num\u00e9riques) sans avoir beaucoup de moyens humains et financiers \u00e0 y accorder.<\/p>\n<p>Je suis s\u00fbre que, malgr\u00e9 les vents contraires, les associations bretonnes vont garder le cap en s\u2019adaptant aux enjeux, en se r\u00e9inventant, pour continuer \u00e0 faire battre le c\u0153ur du lien social.<\/p>\n<p class=\"note\">*. L\u2019association a pour but de favoriser l\u2019entrepreneuriat au f\u00e9minin en Bretagne historique<\/p>\n","protected":false},"excerpt":{"rendered":"La Bretagne est une terre d\u2019engagement et cela se refl\u00e8te aussi dans la vie associative, qui est plus&hellip;\n","protected":false},"author":2,"featured_media":297844,"comment_status":"","ping_status":"","sticky":false,"template":"","format":"standard","meta":{"footnotes":""},"categories":[2821],"tags":[1111,11,829,1777,674,1011,27,12,1427,584,25],"class_list":{"0":"post-297843","1":"post","2":"type-post","3":"status-publish","4":"format-standard","5":"has-post-thumbnail","7":"category-rennes","8":"tag-actu","9":"tag-actualites","10":"tag-bretagne","11":"tag-eu","12":"tag-europe","13":"tag-fr","14":"tag-france","15":"tag-news","16":"tag-opinions","17":"tag-rennes","18":"tag-republique-francaise"},"share_on_mastodon":{"url":"https:\/\/pubeurope.com\/@fr\/114975690200623745","error":""},"_links":{"self":[{"href":"https:\/\/www.europesays.com\/fr\/wp-json\/wp\/v2\/posts\/297843","targetHints":{"allow":["GET"]}}],"collection":[{"href":"https:\/\/www.europesays.com\/fr\/wp-json\/wp\/v2\/posts"}],"about":[{"href":"https:\/\/www.europesays.com\/fr\/wp-json\/wp\/v2\/types\/post"}],"author":[{"embeddable":true,"href":"https:\/\/www.europesays.com\/fr\/wp-json\/wp\/v2\/users\/2"}],"replies":[{"embeddable":true,"href":"https:\/\/www.europesays.com\/fr\/wp-json\/wp\/v2\/comments?post=297843"}],"version-history":[{"count":0,"href":"https:\/\/www.europesays.com\/fr\/wp-json\/wp\/v2\/posts\/297843\/revisions"}],"wp:featuredmedia":[{"embeddable":true,"href":"https:\/\/www.europesays.com\/fr\/wp-json\/wp\/v2\/media\/297844"}],"wp:attachment":[{"href":"https:\/\/www.europesays.com\/fr\/wp-json\/wp\/v2\/media?parent=297843"}],"wp:term":[{"taxonomy":"category","embeddable":true,"href":"https:\/\/www.europesays.com\/fr\/wp-json\/wp\/v2\/categories?post=297843"},{"taxonomy":"post_tag","embeddable":true,"href":"https:\/\/www.europesays.com\/fr\/wp-json\/wp\/v2\/tags?post=297843"}],"curies":[{"name":"wp","href":"https:\/\/api.w.org\/{rel}","templated":true}]}}