{"id":297845,"date":"2025-08-05T10:29:09","date_gmt":"2025-08-05T10:29:09","guid":{"rendered":"https:\/\/www.europesays.com\/fr\/297845\/"},"modified":"2025-08-05T10:29:09","modified_gmt":"2025-08-05T10:29:09","slug":"rennes-violent-incendie-dans-un-parking-souterrain-de-la-ville","status":"publish","type":"post","link":"https:\/\/www.europesays.com\/fr\/297845\/","title":{"rendered":"Rennes\u00a0: violent incendie dans un parking souterrain de la ville"},"content":{"rendered":"<p> <img decoding=\"async\" src=\"https:\/\/www.europesays.com\/fr\/wp-content\/uploads\/2025\/08\/1200x680_sc_1048726-cvql4tfapa-whr.jpg\" alt=\"illustration agrandir l'image\" style=\"--_image-preview:url('data:image\/jpeg;base64,\/9j\/2wBDACgcHiMeGSgjISMtKygwPGRBPDc3PHtYXUlkkYCZlo+AjIqgtObDoKrarYqMyP\/L2u71\/\/\/\/m8H\/\/\/\/6\/+b9\/\/j\/2wBDASstLTw1PHZBQXb4pYyl+Pj4+Pj4+Pj4+Pj4+Pj4+Pj4+Pj4+Pj4+Pj4+Pj4+Pj4+Pj4+Pj4+Pj4+Pj4+Pj4+Pj\/wAARCAAXACoDASIAAhEBAxEB\/8QAGAABAQEBAQAAAAAAAAAAAAAAAgADAQT\/xAAXEAEBAQEAAAAAAAAAAAAAAAAAAQIR\/8QAGAEAAwEBAAAAAAAAAAAAAAAAAAECAwT\/xAAXEQEBAQEAAAAAAAAAAAAAAAAAARES\/9oADAMBAAIRAxEAPwDy5jSQYcZuqLgU6OhoxnXFR6eny1hxJNKO0NJEqMtCkpT\/2Q==');\" loading=\"eager\" fetchpriority=\"high\" aria-hidden=\"true\" class=\"svelte-1pnmlwx rounded\" onload=\"this.__e=event\" onerror=\"this.__e=event\"\/> Une soixantaine de pompiers ont \u00e9t\u00e9 mobilis\u00e9s pour cet incendie survenu dans un parking souterrain de Rennes \u00a9 Radio France &#8211; Romain Bitot     <\/p>\n<p class=\"g-ici-body-regular-3 info svelte-1c4u67c\">Publi\u00e9 le mardi 5 ao\u00fbt 2025 \u00e0 12:00 <\/p>\n<ul class=\"SocialNetworks svelte-bt5901\">\n<li class=\"svelte-bt5901\"><\/li>\n<li class=\"svelte-bt5901\"><\/li>\n<li class=\"svelte-bt5901\"><\/li>\n<li class=\"svelte-bt5901\"><\/li>\n<li class=\"svelte-bt5901\"><\/li>\n<\/ul>\n<p class=\"standfirst g-ici-body-bold-1 svelte-983d72\">A Rennes (Ille-et-Vilaine), une soixantaine de pompiers ont \u00e9t\u00e9 mobilis\u00e9s lundi 4 ao\u00fbt 2025 en fin de soir\u00e9e pour un incendie survenu dans un parking souterrain du quartier Henri-Fr\u00e9ville. Leur intervention rapide a emp\u00each\u00e9 la propagation du feu.<\/p>\n<p>Pas moins de\u00a060 pompiers et 14 v\u00e9hicules de secours ont \u00e9t\u00e9 engag\u00e9s lundi 4 ao\u00fbt 2025 pour un incendie survenu vers 23h30 dans un parking souterrain situ\u00e9 au 6 all\u00e9e de la Goupillais dans le quartier Henri-Fr\u00e9ville \u00e0 Rennes (Ille-et-Vilaine).\u00a0 <strong>Un v\u00e9hicule a pris feu au niveau -1 du parking.<\/strong> L&rsquo;alerte a \u00e9t\u00e9 donn\u00e9e et rapidement les soldats du feu se sont rendus sur les lieux du sinistre. L&rsquo;intervention des pompiers a dur\u00e9 trois heures et a permis d&rsquo;\u00e9viter toute propagation des flammes \u00e0 d&rsquo;autres v\u00e9hicules ou \u00e0 l&rsquo;immeuble situ\u00e9 au dessus.<\/p>\n<p>Aucune victime n&rsquo;est \u00e0 d\u00e9plorer. Les causes de l&rsquo;incendie restent \u00e0 ce stade ind\u00e9termin\u00e9es.<\/p>\n<ul class=\"SocialNetworks svelte-bt5901\">\n<li class=\"svelte-bt5901\"><\/li>\n<li class=\"svelte-bt5901\"><\/li>\n<li class=\"svelte-bt5901\"><\/li>\n<li class=\"svelte-bt5901\"><\/li>\n<li class=\"svelte-bt5901\"><\/li>\n<\/ul>\n","protected":false},"excerpt":{"rendered":"Une soixantaine de pompiers ont \u00e9t\u00e9 mobilis\u00e9s pour cet incendie survenu dans un parking souterrain de Rennes \u00a9&hellip;\n","protected":false},"author":2,"featured_media":297846,"comment_status":"","ping_status":"","sticky":false,"template":"","format":"standard","meta":{"footnotes":""},"categories":[2821],"tags":[1111,11,829,1777,674,1011,27,12,584,25],"class_list":{"0":"post-297845","1":"post","2":"type-post","3":"status-publish","4":"format-standard","5":"has-post-thumbnail","7":"category-rennes","8":"tag-actu","9":"tag-actualites","10":"tag-bretagne","11":"tag-eu","12":"tag-europe","13":"tag-fr","14":"tag-france","15":"tag-news","16":"tag-rennes","17":"tag-republique-francaise"},"share_on_mastodon":{"url":"https:\/\/pubeurope.com\/@fr\/114975694248366508","error":""},"_links":{"self":[{"href":"https:\/\/www.europesays.com\/fr\/wp-json\/wp\/v2\/posts\/297845","targetHints":{"allow":["GET"]}}],"collection":[{"href":"https:\/\/www.europesays.com\/fr\/wp-json\/wp\/v2\/posts"}],"about":[{"href":"https:\/\/www.europesays.com\/fr\/wp-json\/wp\/v2\/types\/post"}],"author":[{"embeddable":true,"href":"https:\/\/www.europesays.com\/fr\/wp-json\/wp\/v2\/users\/2"}],"replies":[{"embeddable":true,"href":"https:\/\/www.europesays.com\/fr\/wp-json\/wp\/v2\/comments?post=297845"}],"version-history":[{"count":0,"href":"https:\/\/www.europesays.com\/fr\/wp-json\/wp\/v2\/posts\/297845\/revisions"}],"wp:featuredmedia":[{"embeddable":true,"href":"https:\/\/www.europesays.com\/fr\/wp-json\/wp\/v2\/media\/297846"}],"wp:attachment":[{"href":"https:\/\/www.europesays.com\/fr\/wp-json\/wp\/v2\/media?parent=297845"}],"wp:term":[{"taxonomy":"category","embeddable":true,"href":"https:\/\/www.europesays.com\/fr\/wp-json\/wp\/v2\/categories?post=297845"},{"taxonomy":"post_tag","embeddable":true,"href":"https:\/\/www.europesays.com\/fr\/wp-json\/wp\/v2\/tags?post=297845"}],"curies":[{"name":"wp","href":"https:\/\/api.w.org\/{rel}","templated":true}]}}