{"id":297847,"date":"2025-08-05T10:30:11","date_gmt":"2025-08-05T10:30:11","guid":{"rendered":"https:\/\/www.europesays.com\/fr\/297847\/"},"modified":"2025-08-05T10:30:11","modified_gmt":"2025-08-05T10:30:11","slug":"de-fortes-perturbations-de-circulation-sur-une-avenue-tres-frequentee-jusqua-fin-octobre","status":"publish","type":"post","link":"https:\/\/www.europesays.com\/fr\/297847\/","title":{"rendered":"de fortes perturbations de circulation sur une avenue tr\u00e8s fr\u00e9quent\u00e9e jusqu\u2019\u00e0 fin octobre"},"content":{"rendered":"<p>            Par<br \/>\n        <strong><br \/>\n            <a href=\"https:\/\/actu.fr\/auteur\/ivan-capecchi\" title=\"Consulter tous les articles de Ivan CAPECCHI\" target=\"_blank\" rel=\"noopener\">Ivan CAPECCHI<\/a><br \/>\n        <\/strong><\/p>\n<p>        Publi\u00e9 le<\/p>\n<p>            5 ao\u00fbt 2025 \u00e0 12h13        <\/p>\n<p>Des <a href=\"https:\/\/actu.fr\/tag\/travaux\" target=\"_blank\" rel=\"noopener\">travaux<\/a> sur le <strong>r\u00e9seau de chaleur<\/strong>, coupl\u00e9s \u00e0 l\u2019am\u00e9nagement d\u2019une <a href=\"https:\/\/actu.fr\/grand-est\/strasbourg_67482\/une-piste-cyclable-reliant-le-centre-ville-de-strasbourg-au-plan-d-eau-du-baggersee-va-voir-le-jour_62461865.html\" target=\"_blank\" rel=\"noopener\">nouvelle piste cyclable<\/a>, vont entrainer jusqu\u2019\u00e0 fin octobre <strong>d\u2019importantes restrictions de circulation<\/strong> sur une avenue tr\u00e8s fr\u00e9quent\u00e9e \u00e0 <strong>Strasbourg<\/strong>.<\/p>\n<p class=\" wall-content\">Voici le d\u00e9tail des <strong>perturbations<\/strong>.<\/p>\n<p>L\u2019avenue de Colmar perturb\u00e9e jusqu\u2019\u00e0 fin octobre<\/p>\n<p class=\" wall-content\">Le secteur concern\u00e9 est <strong>l\u2019avenue de Colmar<\/strong>, au sud de Strasbourg.<\/p>\n<p class=\" wall-content\">Une <strong>voie<\/strong> y est <strong>ferm\u00e9e du 4 au 9 ao\u00fbt<\/strong>, avant une <strong>coupure compl\u00e8te dans le sens nord-sud du 25 au 31 ao\u00fbt<\/strong>.<\/p>\n<p class=\" wall-content\"><strong>Du 1er septembre au 30 octobre, l\u2019axe sera enti\u00e8rement ferm\u00e9 dans les deux sens<\/strong>.<\/p>\n<p>Pourquoi de tels travaux avenue de Colmar ?<\/p>\n<p>Ces travaux font suite \u00e0 la d\u00e9couverte, l&rsquo;hiver dernier, de conduites endommag\u00e9es pr\u00e8s de la station de tram \u00c9mile Mathis, d&rsquo;apr\u00e8s un communiqu\u00e9 de presse de la Ville. Le transport d\u2019eau chaude avait alors \u00e9t\u00e9 interrompu par mesure de s\u00e9curit\u00e9. Les r\u00e9parations visent \u00e0 remettre le r\u00e9seau en \u00e9tat avant l\u2019hiver prochain et \u00e0 s\u00e9curiser la voirie.<\/p>\n<p>Des d\u00e9viations mises en place<\/p>\n<p class=\" wall-content\">Des <strong>itin\u00e9raires de d\u00e9viation<\/strong> sont mis en place pour les v\u00e9hicules et les transports en commun.<\/p>\n<p class=\" wall-content\">Le<strong> passage du tram<\/strong> et <strong>l\u2019acc\u00e8s aux riverains<\/strong> restent <strong>garantis<\/strong>.<\/p>\n<p class=\" wall-content\">La <strong>livraison de la piste cyclable<\/strong> est maintenue pour <strong>l\u2019automne<\/strong>.<\/p>\n<p class=\" wall-content\">Suivez toute l\u2019actualit\u00e9 de vos villes et m\u00e9dias favoris en vous inscrivant \u00e0 <a href=\"https:\/\/moncompte.actu.fr\" title=\"D\u00e9couvez Mon Actu\" rel=\"nofollow noopener\" data-trk=\"{&quot;cta&quot;:{&quot;action&quot;:&quot;https:\\\/\\\/moncompte.actu.fr&quot;,&quot;category&quot;:&quot;mon compte&quot;,&quot;from&quot;:&quot;article footer&quot;,&quot;name&quot;:&quot;Mon actu&quot;,&quot;type&quot;:&quot;cta&quot;}}\" target=\"_blank\">Mon Actu<\/a>.<\/p>\n","protected":false},"excerpt":{"rendered":"Par Ivan CAPECCHI Publi\u00e9 le 5 ao\u00fbt 2025 \u00e0 12h13 Des travaux sur le r\u00e9seau de chaleur, coupl\u00e9s&hellip;\n","protected":false},"author":2,"featured_media":297848,"comment_status":"","ping_status":"","sticky":false,"template":"","format":"standard","meta":{"footnotes":""},"categories":[2820],"tags":[1111,11,1777,674,1011,27,775,12,25,104,640,2086],"class_list":{"0":"post-297847","1":"post","2":"type-post","3":"status-publish","4":"format-standard","5":"has-post-thumbnail","7":"category-strasbourg","8":"tag-actu","9":"tag-actualites","10":"tag-eu","11":"tag-europe","12":"tag-fr","13":"tag-france","14":"tag-grand-est","15":"tag-news","16":"tag-republique-francaise","17":"tag-societe","18":"tag-strasbourg","19":"tag-travaux"},"share_on_mastodon":{"url":"https:\/\/pubeurope.com\/@fr\/114975698036105201","error":""},"_links":{"self":[{"href":"https:\/\/www.europesays.com\/fr\/wp-json\/wp\/v2\/posts\/297847","targetHints":{"allow":["GET"]}}],"collection":[{"href":"https:\/\/www.europesays.com\/fr\/wp-json\/wp\/v2\/posts"}],"about":[{"href":"https:\/\/www.europesays.com\/fr\/wp-json\/wp\/v2\/types\/post"}],"author":[{"embeddable":true,"href":"https:\/\/www.europesays.com\/fr\/wp-json\/wp\/v2\/users\/2"}],"replies":[{"embeddable":true,"href":"https:\/\/www.europesays.com\/fr\/wp-json\/wp\/v2\/comments?post=297847"}],"version-history":[{"count":0,"href":"https:\/\/www.europesays.com\/fr\/wp-json\/wp\/v2\/posts\/297847\/revisions"}],"wp:featuredmedia":[{"embeddable":true,"href":"https:\/\/www.europesays.com\/fr\/wp-json\/wp\/v2\/media\/297848"}],"wp:attachment":[{"href":"https:\/\/www.europesays.com\/fr\/wp-json\/wp\/v2\/media?parent=297847"}],"wp:term":[{"taxonomy":"category","embeddable":true,"href":"https:\/\/www.europesays.com\/fr\/wp-json\/wp\/v2\/categories?post=297847"},{"taxonomy":"post_tag","embeddable":true,"href":"https:\/\/www.europesays.com\/fr\/wp-json\/wp\/v2\/tags?post=297847"}],"curies":[{"name":"wp","href":"https:\/\/api.w.org\/{rel}","templated":true}]}}