{"id":29785,"date":"2025-04-16T19:01:14","date_gmt":"2025-04-16T19:01:14","guid":{"rendered":"https:\/\/www.europesays.com\/fr\/29785\/"},"modified":"2025-04-16T19:01:14","modified_gmt":"2025-04-16T19:01:14","slug":"a-strasbourg-les-etudiants-serbes-a-velo-contre-la-corruption-accueillis-en-heros","status":"publish","type":"post","link":"https:\/\/www.europesays.com\/fr\/29785\/","title":{"rendered":"\u00c0 Strasbourg, les \u00e9tudiants serbes \u00e0 v\u00e9lo contre la corruption accueillis en h\u00e9ros"},"content":{"rendered":"<p>Strasbourg (France), correspondance particuli\u00e8re.<\/p>\n<p>Devant le Parlement europ\u00e9en, pr\u00e8s de 80 cyclistes manifestent apr\u00e8s avoir parcouru 1\u00a0400 kilom\u00e8tres \u00e0 travers la Slovaquie, la Hongrie, l\u2019Autriche et l\u2019Allemagne depuis la\u2026 Serbie. Pourquoi\u00a0? \u00ab\u00a0Nous ne demandons pas seulement une enqu\u00eate qui r\u00e9v\u00e8le tous les documents qui permettraient de comprendre <a href=\"https:\/\/www.humanite.fr\/monde\/aleksandar-vucic\/serbie-les-etudiants-fers-de-lance-du-mouvement-contre-la-corruption\" target=\"_blank\" rel=\"noopener\">la trag\u00e9die de Novi Sad.<\/a> Nous essayons de faire conna\u00eetre la situation catastrophique de la d\u00e9mocratie en Serbie, afin d\u2019am\u00e9liorer la situation de notre pays\u00a0\u00bb, explique Veljko arriv\u00e9 \u00e0 Strasbourg mardi soir. Ce p\u00e9riple, cet \u00e9tudiant l\u2019a imagin\u00e9 avec d\u2019autres pour d\u00e9noncer la corruption en Serbie.<\/p>\n<p>Le pays est secou\u00e9 par des <a href=\"https:\/\/www.humanite.fr\/monde\/aleksandar-vucic\/en-serbie-une-manifestation-historique-contre-la-corruption-du-gouvernement\" target=\"_blank\" rel=\"noopener\">protestations massives et sans pr\u00e9c\u00e9dent<\/a> depuis cinq mois. Le point de d\u00e9part de ce mouvement est l\u2019effondrement le 1er\u00a0novembre de l\u2019auvent en b\u00e9ton de la gare de la deuxi\u00e8me grande ville du pays, Novi Sad qui a caus\u00e9 la mort de 16 personnes. Ce p\u00e9riple a \u00e9t\u00e9 lanc\u00e9 pour relayer \u00e0 l\u2019ext\u00e9rieur de leur pays ce mouvement qui d\u00e9nonce aussi le r\u00e9gime d\u2019Aleksandar Vucic, le pr\u00e9sident nationaliste et pro-europ\u00e9en de la Serbie depuis 2017.<\/p>\n<p>Un r\u00e9veil port\u00e9 par la jeunesse<\/p>\n<p>Apr\u00e8s avoir pass\u00e9 les 20 premi\u00e8res ann\u00e9es de sa vie en Serbie, Maria Givony qui a connu le r\u00e9gime de Milosevic et les bombardements de l\u2019OTAN sur Belgrade est venue les soutenir. \u00ab\u00a0Le fait qu\u2019il y ait eu des morts innocents a provoqu\u00e9 une \u00e9tincelle. On est certain qu\u2019il y a derri\u00e8re cette catastrophe des choses qui sont r\u00e9v\u00e9latrices de ce que sont la soci\u00e9t\u00e9 et le gouvernement en Serbie\u00a0\u00bb, analyse-t-elle. \u00ab\u00a0Il y a un r\u00e9veil port\u00e9 par la jeunesse qui a secou\u00e9 les citoyens qui jusque-l\u00e0 trouvaient l\u00e9gitime les gens en poste, berc\u00e9s par de constantes fraudes d\u2019une \u00e9lection \u00e0 l\u2019autre\u00a0\u00bb, ajoute Maria Givony qui s\u2019est install\u00e9e en France comme chef de projet en recherche clinique.<\/p>\n<p>Tous les observateurs qui suivent les manifestations en Serbie constatent que <a href=\"https:\/\/www.humanite.fr\/monde\/aleksandar-vucic\/en-serbie-face-a-la-mobilisation-des-etudiants-le-premier-ministre-annonce-sa-demission\" target=\"_blank\" rel=\"noopener\">le mouvement de protestation est sans pr\u00e9c\u00e9dent<\/a>. \u00ab\u00a0C\u2019est la premi\u00e8re fois que ce type de protestation arrive. On a toujours eu en Serbie des probl\u00e8mes contre lesquels les gens ont lutt\u00e9, mais jamais comme actuellement. Les \u00e9tudiants entra\u00eenent massivement les autres personnes qui veulent les rejoindre. Les images que je fais dans les manifestations le montrent\u00a0\u00bb, constate Goran Filipas, r\u00e9alisateur de documentaires.<\/p>\n<p>Natacha Kovacev, journaliste serbe est venue suivre la mobilisation de Strasbourg. \u00ab\u00a0Les gens se sentent de plus en plus concern\u00e9s et les soutiens aux \u00e9tudiants grandissent chaque jour. Au d\u00e9but les protestataires avaient quatre exigences envers le gouvernement\u00a0: la publication de tous les documents sur la r\u00e9novation de la gare et la garantie que les personnes qui avaient attaqu\u00e9 les manifestations seraient jug\u00e9es. Maintenant nous sommes pass\u00e9s \u00e0 six exigences et aucune n\u2019est satisfaite\u00a0\u00bb, constate-t-elle.<\/p>\n<p>Une \u00e9rosion des valeurs d\u00e9mocratiques<\/p>\n<p>La contestation s\u2019\u00e9largit \u00e0 d\u2019autres secteurs d\u2019activit\u00e9 jug\u00e9s \u00eatre aux mains du r\u00e9gime d\u2019Aleksandar Vucic. Mardi, des \u00e9tudiants ont bloqu\u00e9 <a href=\"https:\/\/www.humanite.fr\/monde\/aleksandar-vucic\/serbie-les-etudiants-bloquent-la-radiotelevision-publique-une-delegation-debarque-a-strasbourg-pour-denoncer-la-censure-et-la-corruption-dans-le-pays\" data-type=\"post\" data-id=\"2777686\" target=\"_blank\" rel=\"noopener\">le b\u00e2timent de la radio-t\u00e9l\u00e9vision publique de Belgrade<\/a> pour protester contre la mani\u00e8re dont les m\u00e9dias d\u2019\u00c9tat avaient rendu compte du voyage \u00e0 v\u00e9lo des \u00e9tudiants vers Strasbourg.<\/p>\n<p>Dans une lettre adress\u00e9e au pr\u00e9sident fran\u00e7ais Emmanuel Macron, les manifestants de Strasbourg expliquent qu\u2019ils veulent attirer l\u2019attention de la communaut\u00e9 internationale sur l\u2019\u00e9rosion profonde des valeurs d\u00e9mocratiques <a href=\"https:\/\/www.humanite.fr\/environnement\/aleksandar-vucic\/serbie-la-fronde-de-la-population-contre-lextraction-de-lithium-defendue-par-le-gouvernement\" target=\"_blank\" rel=\"noopener\">en Serbie<\/a>. \u00ab\u00a0Nous habitons dans un pays o\u00f9 les institutions ne prot\u00e8gent plus leurs citoyens, mais profitent \u00e0 un tout petit cercle qui d\u00e9tient le pouvoir, o\u00f9 les m\u00e9dias sont sous contr\u00f4le, o\u00f9 les \u00e9lections sont corrompues, et o\u00f9 toute opposition est marginalis\u00e9e et l\u2019objet d\u2019attaques permanentes\u00a0\u00bb.<\/p>\n<p>Le journal des intelligences libres<\/p>\n<p>\u00ab C\u2019est par des informations \u00e9tendues et exactes que nous voudrions donner \u00e0 toutes les intelligences libres <strong>le moyen de comprendre et de juger elles-m\u00eames les \u00e9v\u00e9nements du monde<\/strong>. \u00bb<br \/>Tel \u00e9tait <strong>\u00ab\u00a0Notre but\u00a0\u00bb<\/strong>, comme l\u2019\u00e9crivait Jean Jaur\u00e8s dans le premier \u00e9ditorial de l\u2019Humanit\u00e9.<br \/><strong>120 ans plus tard, il n\u2019a pas chang\u00e9. <br \/>Gr\u00e2ce \u00e0 vous. <\/strong><br \/>Soutenez-nous\u00a0! Votre don sera d\u00e9fiscalis\u00e9\u00a0: donner 5\u20ac vous reviendra \u00e0 1.65\u20ac. Le prix d\u2019un caf\u00e9.<br \/><a href=\"https:\/\/www.humanite.fr\/lhumanite-cest-vous\" target=\"_blank\" rel=\"noopener\">Je veux en savoir plus\u00a0!<\/a><\/p>\n","protected":false},"excerpt":{"rendered":"Strasbourg (France), correspondance particuli\u00e8re. Devant le Parlement europ\u00e9en, pr\u00e8s de 80 cyclistes manifestent apr\u00e8s avoir parcouru 1\u00a0400 kilom\u00e8tres&hellip;\n","protected":false},"author":2,"featured_media":29786,"comment_status":"","ping_status":"","sticky":false,"template":"","format":"standard","meta":{"footnotes":""},"categories":[2820],"tags":[1111,11,1777,674,1011,27,775,12,25,3329,640,10333],"class_list":{"0":"post-29785","1":"post","2":"type-post","3":"status-publish","4":"format-standard","5":"has-post-thumbnail","7":"category-strasbourg","8":"tag-actu","9":"tag-actualites","10":"tag-eu","11":"tag-europe","12":"tag-fr","13":"tag-france","14":"tag-grand-est","15":"tag-news","16":"tag-republique-francaise","17":"tag-serbie","18":"tag-strasbourg","19":"tag-u00e9tudiants"},"share_on_mastodon":{"url":"https:\/\/pubeurope.com\/@fr\/114349190966162257","error":""},"_links":{"self":[{"href":"https:\/\/www.europesays.com\/fr\/wp-json\/wp\/v2\/posts\/29785","targetHints":{"allow":["GET"]}}],"collection":[{"href":"https:\/\/www.europesays.com\/fr\/wp-json\/wp\/v2\/posts"}],"about":[{"href":"https:\/\/www.europesays.com\/fr\/wp-json\/wp\/v2\/types\/post"}],"author":[{"embeddable":true,"href":"https:\/\/www.europesays.com\/fr\/wp-json\/wp\/v2\/users\/2"}],"replies":[{"embeddable":true,"href":"https:\/\/www.europesays.com\/fr\/wp-json\/wp\/v2\/comments?post=29785"}],"version-history":[{"count":0,"href":"https:\/\/www.europesays.com\/fr\/wp-json\/wp\/v2\/posts\/29785\/revisions"}],"wp:featuredmedia":[{"embeddable":true,"href":"https:\/\/www.europesays.com\/fr\/wp-json\/wp\/v2\/media\/29786"}],"wp:attachment":[{"href":"https:\/\/www.europesays.com\/fr\/wp-json\/wp\/v2\/media?parent=29785"}],"wp:term":[{"taxonomy":"category","embeddable":true,"href":"https:\/\/www.europesays.com\/fr\/wp-json\/wp\/v2\/categories?post=29785"},{"taxonomy":"post_tag","embeddable":true,"href":"https:\/\/www.europesays.com\/fr\/wp-json\/wp\/v2\/tags?post=29785"}],"curies":[{"name":"wp","href":"https:\/\/api.w.org\/{rel}","templated":true}]}}