{"id":297854,"date":"2025-08-05T10:34:17","date_gmt":"2025-08-05T10:34:17","guid":{"rendered":"https:\/\/www.europesays.com\/fr\/297854\/"},"modified":"2025-08-05T10:34:17","modified_gmt":"2025-08-05T10:34:17","slug":"suspension-avertissements-a-nantes-les-chefs-de-files-lfi-aux-municipales-sanctionnes","status":"publish","type":"post","link":"https:\/\/www.europesays.com\/fr\/297854\/","title":{"rendered":"Suspension, avertissements&#8230; \u00e0 Nantes, les chefs de files LFI aux municipales sanctionn\u00e9s"},"content":{"rendered":"<p>Le comit\u00e9 de respect des principes, une instance interne au parti, indique avoir relev\u00e9 des dysfonctionnements au niveau local, li\u00e9s \u00e0 la gestion d\u2019une affaire de \u00abviolences sexistes et sexuelles\u00a0\u00bb et \u00e0 l\u2019organisation de la campagne.<\/p>\n<p class=\"fig-paragraph\"><a href=\"http:\/\/www.lefigaro.fr\/nantes\/municipales-a-nantes-la-france-insoumise-veut-ouvrir-une-salle-de-shoot-pour-encadrer-la-consommation-de-drogue-20250617\" target=\"_blank\" data-fig-type=\"NewsFlash\" rel=\"noopener nofollow\" data-gtm-custom-categorie=\"navigation\" data-gtm-custom-action=\"crossclick\" data-gtm-custom-label=\"Contextuel\" data-gtm-event=\"customEventSPE\" data-fig-domain=\"LEFIGARO\">\u00c0 Nantes<\/a>, une crise secoue la section locale de\u00a0<a href=\"http:\/\/www.lefigaro.fr\/nantes\/harcelement-racisme-couverture-d-un-viol-a-nantes-de-graves-accusations-secouent-la-france-insoumise-20250715\" target=\"_blank\" data-fig-type=\"NewsFlash\" rel=\"noopener nofollow\" data-gtm-custom-categorie=\"navigation\" data-gtm-custom-action=\"crossclick\" data-gtm-custom-label=\"Contextuel\" data-gtm-event=\"customEventSPE\" data-fig-domain=\"LEFIGARO\">La France insoumise<\/a>. Des d\u00e9cisions rendues r\u00e9cemment par le Comit\u00e9 de respect des principes viennent confirmer cette situation d\u00e9l\u00e9t\u00e8re. Comme r\u00e9v\u00e9l\u00e9 par\u00a0<a href=\"https:\/\/www.ouest-france.fr\/politique\/la-cheffe-de-file-nantaise-des-insoumis-a-ete-suspendue-c1e73cf0-6ef5-11f0-98d0-ec518692189f\" target=\"_blank\" rel=\"noopener nofollow\" data-gtm-custom-categorie=\"navigation\" data-gtm-custom-action=\"crossclick\" data-gtm-custom-label=\"Contextuel\" data-gtm-event=\"customEventSPE\">Ouest France<\/a>, l\u2019instance interne charg\u00e9e de faire respecter les orientations du parti a d\u00e9cid\u00e9 de suspendre pour un an Marina Ferreruela,\u00a0<a href=\"http:\/\/www.lefigaro.fr\/nantes\/municipales-2026-a-nantes-les-insoumis-designent-deux-chefs-de-file-pour-faire-mieux-que-le-ps-20250319\" target=\"_blank\" data-fig-type=\"NewsFlash\" rel=\"noopener nofollow\" data-gtm-custom-categorie=\"navigation\" data-gtm-custom-action=\"crossclick\" data-gtm-custom-label=\"Contextuel\" data-gtm-event=\"customEventSPE\" data-fig-domain=\"LEFIGARO\">l\u2019une des deux chefs de file<\/a>\u00a0d\u00e9sign\u00e9s pour orchestrer les municipales nantaises. Son acolyte William Aucant, avec lequel elle n\u2019a actuellement plus de contact, a \u00e9cop\u00e9 pour sa part d\u2019un avertissement. Quatre autres militants ont subi le m\u00eame sort que lui.<\/p>\n<p class=\"fig-paragraph\">Dans un mail qu\u2019a pu consulter Le Figaro, le Comit\u00e9 insoumis indique avoir constat\u00e9, apr\u00e8s avoir men\u00e9 une quinzaine d\u2019entretiens, des \u00abdysfonctionnements dans la gestion locale de la saisine VSS (violences sexistes et sexuelles, NDLR), dans l\u2019organisation des cadres militants nantais et dans l\u2019organisation de la campagne municipale\u00bb. L\u2019instance avait \u00e9t\u00e9 saisie \u00abau mois de juin 2025, concernant la situation conflictuelle suite \u00e0 la gestion locale d\u2019un signalement VSS et \u00e0 l\u2019organisation de la campagne\u00bb, est-il rappel\u00e9 dans ce message \u00e9lectronique.<\/p>\n<p>                                    <a class=\"fig-a11y-skip a11y-hidden\" href=\"#fig-a11y-skip-main-inarticle\"><br \/>\n        Passer la publicit\u00e9<br \/>\n    <\/a><\/p>\n<p>La chef de file suspendue d\u00e9nonce une \u00abcabale\u00bb<\/p>\n<p class=\"fig-paragraph\">En effet, apr\u00e8s un d\u00e9part en fanfare\u00a0<a href=\"http:\/\/www.lefigaro.fr\/nantes\/municipales-2026-a-nantes-les-insoumis-designent-deux-chefs-de-file-pour-faire-mieux-que-le-ps-20250319\" target=\"_blank\" data-fig-type=\"NewsFlash\" rel=\"noopener nofollow\" data-gtm-custom-categorie=\"navigation\" data-gtm-custom-action=\"crossclick\" data-gtm-custom-label=\"Contextuel\" data-gtm-event=\"customEventSPE\" data-fig-domain=\"LEFIGARO\">en mars<\/a>, puis un meeting d\u2019envergure le 16 juin, une note de blog publi\u00e9e ce m\u00eame jour dans Le Club de Mediapart est venue semer le trouble. En ligne de mire\u00a0: Marina Ferreruela, accus\u00e9e anonymement par une militante d\u2019avoir couvert un viol, et de harc\u00e8lement par d\u2019autres.<\/p>\n<p class=\"fig-paragraph\">\u00abOn me reproche une mauvaise gestion d\u2019un dossier de violences sexistes et sexuelles (VSS) au sein du mouvement \u00e0 Nantes. D\u00e8s septembre 2024, j\u2019ai accueilli la victime, l\u2019ai orient\u00e9e vers des professionnels et saisi imm\u00e9diatement les instances nationales. Le militant mis en cause a \u00e9t\u00e9 suspendu sans d\u00e9lai. J\u2019ai assum\u00e9 mes responsabilit\u00e9s\u00bb, se d\u00e9fend Marina Ferreruela elle-m\u00eame \u00abconcern\u00e9e par des violences sexuelles\u00bb.<\/p>\n<p class=\"fig-paragraph\">Dans un communiqu\u00e9 consult\u00e9 par Le Figaro, la suppl\u00e9ante du d\u00e9put\u00e9\u00a0<a href=\"http:\/\/www.lefigaro.fr\/politique\/le-stigmate-me-restera-a-la-peau-pris-en-flagrant-delit-d-achat-de-drogue-le-depute-lfi-andy-kerbrat-fait-son-retour-a-l-assemblee-20250711\" target=\"_blank\" data-fig-type=\"NewsFlash\" rel=\"noopener nofollow\" data-gtm-custom-categorie=\"navigation\" data-gtm-custom-action=\"crossclick\" data-gtm-custom-label=\"Contextuel\" data-gtm-event=\"customEventSPE\" data-fig-domain=\"LEFIGARO\">Andy Kerbrat\u00a0<\/a>d\u00e9nonce \u00abune man\u0153uvre\u00bb. \u00abJe le dis clairement\u00a0: cette cabale d\u00e9passe la seule question municipale. Elle s\u2019inscrit dans une logique de conqu\u00eate des places et des postes, au d\u00e9triment de la v\u00e9rit\u00e9 et de la justice\u00bb, ajoute-t-elle, citant les l\u00e9gislatives.<\/p>\n<p>Suspension pour un an<\/p>\n<p class=\"fig-paragraph\">La sanction qui est tomb\u00e9e stipule qu\u2019\u00abil ne lui est plus possible de se revendiquer de la France insoumise, de s\u2019exprimer en son nom, de faire partie d\u2019un groupe d\u2019action ni de participer aux actions militantes et \u00e9v\u00e9nements\u00bb, pr\u00e9vient le comit\u00e9. Et \u00absa r\u00e9int\u00e9gration ne sera pas automatique et devra \u00eatre motiv\u00e9e\u00bb. \u00abJe suis une militante de terrain, engag\u00e9e depuis des ann\u00e9es dans les luttes sociales, f\u00e9ministes et d\u00e9mocratiques. Mon combat ne s\u2019est pas construit avec La France insoumise, et il ne s\u2019arr\u00eatera pas avec elle\u00bb, tance Marina Ferreruela.<\/p>\n<p class=\"fig-paragraph\">Du c\u00f4t\u00e9 de ses soutiens, certains s\u2019\u00e9tonnent en coulisses de cette situation. \u00abJ\u2019en ai vu des campagnes mais l\u00e0, c\u2019est dingue. Ce qui se passe est incompr\u00e9hensible, si ce n\u2019est pas politique\u00bb, confie une militante de longue haleine, qui a pr\u00e9vu de quitter le navire.<\/p>\n<p>                                    <a class=\"fig-a11y-skip a11y-hidden\" href=\"#fig-a11y-skip-main-inarticle_mtf\"><br \/>\n        Passer la publicit\u00e9<br \/>\n    <\/a><\/p>\n<p class=\"fig-paragraph\">\u00abToute communication publique (r\u00e9seaux sociaux et presse) remettant en question ces d\u00e9cisions et toute tentative de repr\u00e9sailles sur les personnes \u00e0 l\u2019origine de la saisine seront consid\u00e9r\u00e9es comme un acte de rupture d\u00e9finitif avec notre mouvement\u00bb, pr\u00e9vient le comit\u00e9 dans son mail, incitant certains \u00e0 faire profil bas. Contact\u00e9, William Aucant, d\u00e9sormais seul chef de file, n\u2019\u00e9tait pas disponible pour r\u00e9pondre \u00e0 notre sollicitation, se trouvant en cong\u00e9s.<\/p>\n<p class=\"fig-paragraph\">Un nouveau point est pr\u00e9vu en septembre, date \u00e0 laquelle sera dispens\u00e9e \u00abune formation sur la gestion des VSS en milieu militant et une autre sur les luttes antiracistes\u00bb, obligatoire ou facultative selon le degr\u00e9 d\u2019implication dans le parti. Ces mesures interviennent apr\u00e8s une ann\u00e9e compliqu\u00e9e pour La France insoumise de Loire-Atlantique, secou\u00e9e \u00e9galement par\u00a0<a href=\"http:\/\/www.lefigaro.fr\/nantes\/viols-avec-torture-d-enfants-pres-de-nantes-le-principal-suspect-aurait-fait-l-objet-d-un-signalement-des-l-age-de-15-ans-20250710\" target=\"_blank\" data-fig-type=\"NewsFlash\" rel=\"noopener nofollow\" data-gtm-custom-categorie=\"navigation\" data-gtm-custom-action=\"crossclick\" data-gtm-custom-label=\"Contextuel\" data-gtm-event=\"customEventSPE\" data-fig-domain=\"LEFIGARO\">l\u2019affaire Cottineau<\/a>, du nom d\u2019un ancien candidat LFI mis en examen pour des\u00a0<a href=\"http:\/\/www.lefigaro.fr\/nantes\/nantes-un-assistant-familial-arrete-pour-viol-torture-et-barbarie-sur-une-fillette-de-4-ans-20240930\" target=\"_blank\" data-fig-type=\"NewsFlash\" rel=\"noopener nofollow\" data-gtm-custom-categorie=\"navigation\" data-gtm-custom-action=\"crossclick\" data-gtm-custom-label=\"Contextuel\" data-gtm-event=\"customEventSPE\" data-fig-domain=\"LEFIGARO\">faits de viols avec torture<\/a>\u00a0sur plusieurs mineurs, et le feuilleton\u00a0<a href=\"http:\/\/www.lefigaro.fr\/nantes\/le-retour-a-l-assemblee-de-l-insoumis-andy-kerbrat-controle-en-train-d-acheter-de-la-drogue-il-y-a-8-mois-irrite-la-droite-nantaise-20250624\" target=\"_blank\" data-fig-type=\"NewsFlash\" rel=\"noopener nofollow\" data-gtm-custom-categorie=\"navigation\" data-gtm-custom-action=\"crossclick\" data-gtm-custom-label=\"Contextuel\" data-gtm-event=\"customEventSPE\" data-fig-domain=\"LEFIGARO\">Andy Kerbrat<\/a>, d\u00e9put\u00e9 nantais\u00a0<a href=\"http:\/\/www.lefigaro.fr\/politique\/un-depute-lfi-pris-en-flagrant-delit-d-achat-de-drogue-a-paris-20241022\" target=\"_blank\" data-fig-type=\"NewsFlash\" rel=\"noopener nofollow\" data-gtm-custom-categorie=\"navigation\" data-gtm-custom-action=\"crossclick\" data-gtm-custom-label=\"Contextuel\" data-gtm-event=\"customEventSPE\" data-fig-domain=\"LEFIGARO\">pris en flagrant d\u00e9lit d\u2019achat de drogue<\/a>.<\/p>\n","protected":false},"excerpt":{"rendered":"Le comit\u00e9 de respect des principes, une instance interne au parti, indique avoir relev\u00e9 des dysfonctionnements au niveau&hellip;\n","protected":false},"author":2,"featured_media":297855,"comment_status":"","ping_status":"","sticky":false,"template":"","format":"standard","meta":{"footnotes":""},"categories":[2818],"tags":[1111,11,1777,674,1011,27,3554,766,12,2636,25],"class_list":{"0":"post-297854","1":"post","2":"type-post","3":"status-publish","4":"format-standard","5":"has-post-thumbnail","7":"category-nantes","8":"tag-actu","9":"tag-actualites","10":"tag-eu","11":"tag-europe","12":"tag-fr","13":"tag-france","14":"tag-municipales","15":"tag-nantes","16":"tag-news","17":"tag-pays-de-la-loire","18":"tag-republique-francaise"},"share_on_mastodon":{"url":"https:\/\/pubeurope.com\/@fr\/114975713794512711","error":""},"_links":{"self":[{"href":"https:\/\/www.europesays.com\/fr\/wp-json\/wp\/v2\/posts\/297854","targetHints":{"allow":["GET"]}}],"collection":[{"href":"https:\/\/www.europesays.com\/fr\/wp-json\/wp\/v2\/posts"}],"about":[{"href":"https:\/\/www.europesays.com\/fr\/wp-json\/wp\/v2\/types\/post"}],"author":[{"embeddable":true,"href":"https:\/\/www.europesays.com\/fr\/wp-json\/wp\/v2\/users\/2"}],"replies":[{"embeddable":true,"href":"https:\/\/www.europesays.com\/fr\/wp-json\/wp\/v2\/comments?post=297854"}],"version-history":[{"count":0,"href":"https:\/\/www.europesays.com\/fr\/wp-json\/wp\/v2\/posts\/297854\/revisions"}],"wp:featuredmedia":[{"embeddable":true,"href":"https:\/\/www.europesays.com\/fr\/wp-json\/wp\/v2\/media\/297855"}],"wp:attachment":[{"href":"https:\/\/www.europesays.com\/fr\/wp-json\/wp\/v2\/media?parent=297854"}],"wp:term":[{"taxonomy":"category","embeddable":true,"href":"https:\/\/www.europesays.com\/fr\/wp-json\/wp\/v2\/categories?post=297854"},{"taxonomy":"post_tag","embeddable":true,"href":"https:\/\/www.europesays.com\/fr\/wp-json\/wp\/v2\/tags?post=297854"}],"curies":[{"name":"wp","href":"https:\/\/api.w.org\/{rel}","templated":true}]}}