{"id":297856,"date":"2025-08-05T10:35:10","date_gmt":"2025-08-05T10:35:10","guid":{"rendered":"https:\/\/www.europesays.com\/fr\/297856\/"},"modified":"2025-08-05T10:35:10","modified_gmt":"2025-08-05T10:35:10","slug":"disparition-dune-jeune-fille-de-14-ans-du-chu-de-nantes","status":"publish","type":"post","link":"https:\/\/www.europesays.com\/fr\/297856\/","title":{"rendered":"disparition d&rsquo;une jeune fille de 14 ans du CHU de Nantes"},"content":{"rendered":"<p>            Par<br \/>\n        <strong><br \/>\n            <a href=\"https:\/\/actu.fr\/auteur\/redaction-nantes\" title=\"Consulter tous les articles de R\u00e9daction Nantes\" target=\"_blank\" rel=\"noopener\">R\u00e9daction Nantes<\/a><br \/>\n        <\/strong><\/p>\n<p>        Publi\u00e9 le<\/p>\n<p>            5 ao\u00fbt 2025 \u00e0 11h38<br \/>\n        ; mis \u00e0 jour le 5 ao\u00fbt 2025 \u00e0 11h40    <\/p>\n<p>Une <strong>adolescente de 14\u00a0ans<\/strong> a disparu samedi 2\u00a0ao\u00fbt du centre hospitalier universitaire de Nantes, a confirm\u00e9 la police ce mardi matin.<\/p>\n<p class=\" wall-content\">Ad\u00e8le \u00e9tait <strong>admise en chirurgie p\u00e9diatrique au CHU de Nantes<\/strong> lorsqu\u2019elle a disparu, <strong>aux alentours de 17\u2009h\u200930<\/strong>, selon <a href=\"https:\/\/www.facebook.com\/groups\/325902671175590\/permalink\/2275558609543310\/\" target=\"_blank\" rel=\"noopener\">un message publi\u00e9 sur un groupe Facebook<\/a> par un profil anonyme qui semble \u00eatre sa m\u00e8re, lundi 4 ao\u00fbt.<\/p>\n<p>Les recherches sont en cours<\/p>\n<p class=\" wall-content\"><strong>\u00ab\u2009Son \u00e9tat de sant\u00e9 est pr\u00e9caire\u2009\u00bb<\/strong>, dit sa m\u00e8re dans cette publication. Elle a signal\u00e9 la disparition de sa fille \u00e0 la police avec la description suivante\u2009: \u00ab\u2009Taille 1m59, corpulence mine, habill\u00e9e visiblement avec un bas de jogging noir, un maillot de foot du Maroc, un pull gris et des baskets blanches de marque champion.\u2009\u00bb<\/p>\n<p class=\" wall-content\">Le commissariat Waldeck Rousseau de Nantes nous a confirm\u00e9 cette disparition et a indiqu\u00e9 que tous les dispositifs de recherche ont \u00e9t\u00e9 enclench\u00e9s conform\u00e9ment \u00e0 la proc\u00e9dure. Si vous avez une <strong>quelconque information<\/strong> pouvant faire avancer les recherches, <strong>contactez le 17<\/strong>.<\/p>\n<p class=\" wall-content\">Suivez toute l\u2019actualit\u00e9 de vos villes et m\u00e9dias favoris en vous inscrivant \u00e0 <a href=\"https:\/\/moncompte.actu.fr\" title=\"D\u00e9couvez Mon Actu\" rel=\"nofollow noopener\" data-trk=\"{&quot;cta&quot;:{&quot;action&quot;:&quot;https:\\\/\\\/moncompte.actu.fr&quot;,&quot;category&quot;:&quot;mon compte&quot;,&quot;from&quot;:&quot;article footer&quot;,&quot;name&quot;:&quot;Mon actu&quot;,&quot;type&quot;:&quot;cta&quot;}}\" target=\"_blank\">Mon Actu<\/a>.<\/p>\n<ul class=\"ac-article-tag wall-content\">\n<li><a href=\"https:\/\/actu.fr\/tag\/disparition\" data-trk=\"{&quot;cta&quot;:{&quot;action&quot;:&quot;Disparition inqui\\u00e9tante&quot;,&quot;category&quot;:&quot;tag&quot;,&quot;from&quot;:&quot;article footer&quot;,&quot;name&quot;:&quot;Disparition inqui\\u00e9tante&quot;,&quot;type&quot;:&quot;cta&quot;}}\" target=\"_blank\" rel=\"noopener\">#Disparition inqui\u00e9tante<\/a><\/li>\n<\/ul>\n","protected":false},"excerpt":{"rendered":"Par R\u00e9daction Nantes Publi\u00e9 le 5 ao\u00fbt 2025 \u00e0 11h38 ; mis \u00e0 jour le 5 ao\u00fbt 2025&hellip;\n","protected":false},"author":2,"featured_media":297857,"comment_status":"","ping_status":"","sticky":false,"template":"","format":"standard","meta":{"footnotes":""},"categories":[2818],"tags":[1111,11,3676,1777,674,118,1011,27,766,12,2636,25],"class_list":{"0":"post-297856","1":"post","2":"type-post","3":"status-publish","4":"format-standard","5":"has-post-thumbnail","7":"category-nantes","8":"tag-actu","9":"tag-actualites","10":"tag-disparition-inquietante","11":"tag-eu","12":"tag-europe","13":"tag-faits-divers","14":"tag-fr","15":"tag-france","16":"tag-nantes","17":"tag-news","18":"tag-pays-de-la-loire","19":"tag-republique-francaise"},"share_on_mastodon":{"url":"https:\/\/pubeurope.com\/@fr\/114975717747472422","error":""},"_links":{"self":[{"href":"https:\/\/www.europesays.com\/fr\/wp-json\/wp\/v2\/posts\/297856","targetHints":{"allow":["GET"]}}],"collection":[{"href":"https:\/\/www.europesays.com\/fr\/wp-json\/wp\/v2\/posts"}],"about":[{"href":"https:\/\/www.europesays.com\/fr\/wp-json\/wp\/v2\/types\/post"}],"author":[{"embeddable":true,"href":"https:\/\/www.europesays.com\/fr\/wp-json\/wp\/v2\/users\/2"}],"replies":[{"embeddable":true,"href":"https:\/\/www.europesays.com\/fr\/wp-json\/wp\/v2\/comments?post=297856"}],"version-history":[{"count":0,"href":"https:\/\/www.europesays.com\/fr\/wp-json\/wp\/v2\/posts\/297856\/revisions"}],"wp:featuredmedia":[{"embeddable":true,"href":"https:\/\/www.europesays.com\/fr\/wp-json\/wp\/v2\/media\/297857"}],"wp:attachment":[{"href":"https:\/\/www.europesays.com\/fr\/wp-json\/wp\/v2\/media?parent=297856"}],"wp:term":[{"taxonomy":"category","embeddable":true,"href":"https:\/\/www.europesays.com\/fr\/wp-json\/wp\/v2\/categories?post=297856"},{"taxonomy":"post_tag","embeddable":true,"href":"https:\/\/www.europesays.com\/fr\/wp-json\/wp\/v2\/tags?post=297856"}],"curies":[{"name":"wp","href":"https:\/\/api.w.org\/{rel}","templated":true}]}}