{"id":297860,"date":"2025-08-05T10:37:09","date_gmt":"2025-08-05T10:37:09","guid":{"rendered":"https:\/\/www.europesays.com\/fr\/297860\/"},"modified":"2025-08-05T10:37:09","modified_gmt":"2025-08-05T10:37:09","slug":"le-motard-blesse-sur-la-rocade-etait-un-policier-en-service","status":"publish","type":"post","link":"https:\/\/www.europesays.com\/fr\/297860\/","title":{"rendered":"le motard bless\u00e9 sur la rocade \u00e9tait un policier en service"},"content":{"rendered":"<p>            Par<br \/>\n        <strong><br \/>\n            <a href=\"https:\/\/actu.fr\/auteur\/redaction-bordeaux\" title=\"Consulter tous les articles de R\u00e9daction Bordeaux\" rel=\"nofollow noopener\" target=\"_blank\">R\u00e9daction Bordeaux<\/a><br \/>\n        <\/strong><\/p>\n<p>        Publi\u00e9 le<\/p>\n<p>            5 ao\u00fbt 2025 \u00e0 12h09        <\/p>\n<p>Nouvel accident concernant un motard des forces de l\u2019ordre cet \u00e9t\u00e9 en Gironde. <a href=\"https:\/\/actu.fr\/nouvelle-aquitaine\/bruges_33075\/accident-sur-la-rocade-de-bordeaux-deux-victimes-dont-un-motard-en-urgence-absolue_62997652.html\" rel=\"nofollow noopener\" target=\"_blank\">Lundi 4\u00a0ao\u00fbt 2025 vers 15h,<\/a> un motard de la police nationale a \u00e9t\u00e9 <strong>percut\u00e9<\/strong> par une voiture sur la rocade de Bordeaux, \u00e0 hauteur de <a href=\"https:\/\/actu.fr\/nouvelle-aquitaine\/bruges_33075\" rel=\"nofollow noopener\" target=\"_blank\">Bruges<\/a>.<\/p>\n<p class=\" wall-content\">D\u2019apr\u00e8s les forces de l\u2019ordre, les motocyclistes en service faisaient signe \u00e0 un poids lourd de se rabattre sur la droite car il occupait la file du milieu sur la rocade. En se d\u00e9calant, le <strong>camion a heurt\u00e9 un v\u00e9hicule<\/strong> l\u00e9ger. C\u2019est cette voiture qui est ensuite\u00a0venue percuter le motard.\u00a0<\/p>\n<p class=\" wall-content\">Ce dernier, un pilote \u00e2g\u00e9 de 38 ans, souffre d\u2019une<strong> fracture ouverture au tibia<\/strong>, indique la DIPN de Gironde. Il a \u00e9t\u00e9 transport\u00e9 au <a href=\"https:\/\/actu.fr\/tag\/chu-de-bordeaux\" rel=\"nofollow noopener\" target=\"_blank\">CHU de Bordeaux<\/a> mais ses jours n\u2019\u00e9taient pas en danger.\u00a0<\/p>\n<p>Troisi\u00e8me accident en moins d\u2019un mois<\/p>\n<p class=\" wall-content\">Depuis le dimanche 13 juillet, il s\u2019agit du <strong>troisi\u00e8me accident<\/strong> concernant un motard des forces de l\u2019ordre en service dans le d\u00e9partement. Le premier avait eu lieu au Teich o\u00f9 un gendarme avait \u00e9t\u00e9 gravement bless\u00e9. <a href=\"https:\/\/actu.fr\/nouvelle-aquitaine\/le-teich_33527\/bassin-d-arcachon-un-gendarme-est-en-urgence-absolue-apres-avoir-ete-percute-lors-d-un-controle-routier_62908837.html\" rel=\"nofollow noopener\" target=\"_blank\">Un chauffard lui avait fonc\u00e9<\/a> dessus apr\u00e8s un contr\u00f4le.<\/p>\n<p class=\" wall-content\">Le deuxi\u00e8me s\u2019\u00e9tait produit \u00e0 La-Teste-de-Buch, le samedi 2 ao\u00fbt vers 19h. Le police avait \u00e9t\u00e9 gri\u00e8vement <strong>bless\u00e9<\/strong> apr\u00e8s une <a href=\"https:\/\/actu.fr\/nouvelle-aquitaine\/la-teste-de-buch_33529\/en-service-un-policier-grievement-blesse-dans-un-accident-sur-une-route-de-gironde_62992807.html\" rel=\"nofollow noopener\" target=\"_blank\">collision avec un v\u00e9hicule<\/a> sur une route du bassin d\u2019Arcachon.\u00a0<\/p>\n<p class=\" wall-content\">L\u2019accident survenu sur la rocade vient donc s\u2019ajouter \u00e0 cette liste.<\/p>\n<p class=\" wall-content\">Suivez toute l\u2019actualit\u00e9 de vos villes et m\u00e9dias favoris en vous inscrivant \u00e0 <a href=\"https:\/\/moncompte.actu.fr\" title=\"D\u00e9couvez Mon Actu\" rel=\"nofollow noopener\" data-trk=\"{&quot;cta&quot;:{&quot;action&quot;:&quot;https:\\\/\\\/moncompte.actu.fr&quot;,&quot;category&quot;:&quot;mon compte&quot;,&quot;from&quot;:&quot;article footer&quot;,&quot;name&quot;:&quot;Mon actu&quot;,&quot;type&quot;:&quot;cta&quot;}}\" target=\"_blank\">Mon Actu<\/a>.<\/p>\n","protected":false},"excerpt":{"rendered":"Par R\u00e9daction Bordeaux Publi\u00e9 le 5 ao\u00fbt 2025 \u00e0 12h09 Nouvel accident concernant un motard des forces de&hellip;\n","protected":false},"author":2,"featured_media":297861,"comment_status":"","ping_status":"","sticky":false,"template":"","format":"standard","meta":{"footnotes":""},"categories":[2817],"tags":[119,1111,11,1997,1777,674,118,1011,27,1457,12,2219,1072,25],"class_list":{"0":"post-297860","1":"post","2":"type-post","3":"status-publish","4":"format-standard","5":"has-post-thumbnail","7":"category-bordeaux","8":"tag-accident","9":"tag-actu","10":"tag-actualites","11":"tag-bordeaux","12":"tag-eu","13":"tag-europe","14":"tag-faits-divers","15":"tag-fr","16":"tag-france","17":"tag-moto","18":"tag-news","19":"tag-nouvelle-aquitaine","20":"tag-police","21":"tag-republique-francaise"},"share_on_mastodon":{"url":"https:\/\/pubeurope.com\/@fr\/114975725664599067","error":""},"_links":{"self":[{"href":"https:\/\/www.europesays.com\/fr\/wp-json\/wp\/v2\/posts\/297860","targetHints":{"allow":["GET"]}}],"collection":[{"href":"https:\/\/www.europesays.com\/fr\/wp-json\/wp\/v2\/posts"}],"about":[{"href":"https:\/\/www.europesays.com\/fr\/wp-json\/wp\/v2\/types\/post"}],"author":[{"embeddable":true,"href":"https:\/\/www.europesays.com\/fr\/wp-json\/wp\/v2\/users\/2"}],"replies":[{"embeddable":true,"href":"https:\/\/www.europesays.com\/fr\/wp-json\/wp\/v2\/comments?post=297860"}],"version-history":[{"count":0,"href":"https:\/\/www.europesays.com\/fr\/wp-json\/wp\/v2\/posts\/297860\/revisions"}],"wp:featuredmedia":[{"embeddable":true,"href":"https:\/\/www.europesays.com\/fr\/wp-json\/wp\/v2\/media\/297861"}],"wp:attachment":[{"href":"https:\/\/www.europesays.com\/fr\/wp-json\/wp\/v2\/media?parent=297860"}],"wp:term":[{"taxonomy":"category","embeddable":true,"href":"https:\/\/www.europesays.com\/fr\/wp-json\/wp\/v2\/categories?post=297860"},{"taxonomy":"post_tag","embeddable":true,"href":"https:\/\/www.europesays.com\/fr\/wp-json\/wp\/v2\/tags?post=297860"}],"curies":[{"name":"wp","href":"https:\/\/api.w.org\/{rel}","templated":true}]}}