{"id":297862,"date":"2025-08-05T10:38:11","date_gmt":"2025-08-05T10:38:11","guid":{"rendered":"https:\/\/www.europesays.com\/fr\/297862\/"},"modified":"2025-08-05T10:38:11","modified_gmt":"2025-08-05T10:38:11","slug":"alerte-orange-en-haute-garonne-ou-une-vigilance-canicule-se-profile-aussi","status":"publish","type":"post","link":"https:\/\/www.europesays.com\/fr\/297862\/","title":{"rendered":"alerte orange en Haute-Garonne, o\u00f9 une vigilance canicule se profile aussi"},"content":{"rendered":"<p>            Par<br \/>\n        <strong><br \/>\n            <a href=\"https:\/\/actu.fr\/auteur\/guillaume-laurens\" title=\"Consulter tous les articles de Guillaume Laurens\" rel=\"nofollow noopener\" target=\"_blank\">Guillaume Laurens<\/a><br \/>\n        <\/strong><\/p>\n<p>        Publi\u00e9 le<\/p>\n<p>            5 ao\u00fbt 2025 \u00e0 12h26        <\/p>\n<p>Alors que les <strong>feux de v\u00e9g\u00e9tation<\/strong> s\u2019encha\u00eenent ces derniers jours en Haute-Garonne, o\u00f9 <a href=\"https:\/\/actu.fr\/occitanie\/toulouse_31555\/le-soleil-est-il-bel-et-bien-de-retour-voici-les-previsions-pour-toulouse-et-l-occitanie_62995286.html\" rel=\"nofollow noopener\" target=\"_blank\">les temp\u00e9ratures montent en fl\u00e8che<\/a> avant un probable \u00e9pisode de canicule, le d\u00e9partement vient de basculer ce mardi 5\u00a0ao\u00fbt 2025 en <strong>vigilance orange<\/strong> aux <strong>feux de for\u00eats<\/strong>. Une grande premi\u00e8re depuis le d\u00e9ploiement de ce nouvel outil de pr\u00e9visions pour le grand public, en juin dernier, sur <a href=\"https:\/\/meteofrance.com\/meteo-des-forets\" rel=\"nofollow noopener\" target=\"_blank\">le site de M\u00e9t\u00e9o France<\/a>.<\/p>\n<p>Deux gros incendies lundi en Haute-Garonne<\/p>\n<p class=\" wall-content\">Alors que le d\u00e9partement voisin de <strong>l\u2019Aude<\/strong> est carr\u00e9ment en <strong>rouge<\/strong>, une toute premi\u00e8re vigilance orange aux feux de for\u00eat est donc d\u00e9cr\u00e9t\u00e9e ce mardi en Haute-Garonne. <strong>Deux incendies de v\u00e9g\u00e9tation<\/strong> se sont produits la veille \u00e0 <a href=\"https:\/\/actu.fr\/occitanie\/saint-gaudens_31483\/trois-hectares-de-brules-dans-une-commune-au-sud-de-toulouse-les-pompiers-interviennent_62997736.html\" rel=\"nofollow noopener\" target=\"_blank\">Saint-Gaudens, dans le Comminges<\/a> (trois hectares de r\u00e9coltes en feu), et \u00e0 <a href=\"https:\/\/actu.fr\/occitanie\/folcarde_31185\/haute-garonne-plusieurs-pompiers-du-lauragais-mobilises-sur-un-incendie-dans-un-village-a-l-est-de-toulouse_62996838.html\" rel=\"nofollow noopener\" target=\"_blank\">Folcarde, dans le Lauragais<\/a> (huit hectares de chaumes).<\/p>\n<p class=\" wall-content\">Et ce ne sont pas les seuls\u2009: en seulement 24\u00a0heures, ce mardi matin, les pompiers du SDIS de la Haute-Garonne sont intervenus sur un total de <strong>15 incendies<\/strong>, tous types de feux confondus.<\/p>\n<p>    <img   decoding=\"async\" loading=\"lazy\" src=\"https:\/\/www.europesays.com\/fr\/wp-content\/uploads\/2025\/08\/meteo-forets-meteo-france-haute-garonne-960x640.jpg\" alt=\"Ce risque \u00e9lev\u00e9 (orange) ou tr\u00e8s \u00e9lev\u00e9 (rouge) de feux concerne au total dix d\u00e9partements du sud de la France ce mardi\" width=\"960\" height=\"640\"\/><br \/>\n    Ce risque \u00e9lev\u00e9 (orange) ou tr\u00e8s \u00e9lev\u00e9 (rouge) de feux concerne au total dix d\u00e9partements du sud de la France ce mardi (\u00a9M\u00e9t\u00e9o France)Orange mardi et jaune mercredi<\/p>\n<p class=\" wall-content\">Ce risque \u00e9lev\u00e9 (orange) ou tr\u00e8s \u00e9lev\u00e9 (rouge) de feux concerne au total <strong>dix d\u00e9partements<\/strong> du sud de la France ce mardi. Il ne devrait en rester que sept mercredis, quand la Haute-Garonne devrait rebasculer en jaune, observe <strong>Val\u00e9ry Mourot, <\/strong>pr\u00e9visionniste chez M\u00e9t\u00e9o France pour la r\u00e9gion Midi-Pyr\u00e9n\u00e9es.<\/p>\n<blockquote class=\"ac-article-quote wall-content\">\n<p>Ce mardi, le risque n&rsquo;est pas au plus haut, comme sur le pourtour m\u00e9diterran\u00e9en, mais il est important en Haute-Garonne.<\/p>\n<p>    <strong>Val\u00e9ry Mourot<\/strong><br \/>\n        Pr\u00e9visionniste chez M\u00e9t\u00e9o France    <\/p><\/blockquote>\n<p>Vid\u00e9os : en ce moment sur ActuUn \u00ab\u2009contexte m\u00e9t\u00e9o\u2009\u00bb propice aux incendies<\/p>\n<p class=\" wall-content\"><a href=\"https:\/\/actu.fr\/occitanie\/toulouse_31555\/incendies-en-gironde-la-haute-garonne-peut-elle-etre-touchee-par-de-tels-megafeux_52576142.html\" rel=\"nofollow noopener\" target=\"_blank\">Contrairement \u00e0 d\u2019autres d\u00e9partements, comme la Gironde<\/a> (o\u00f9 il y a de nombreuses for\u00eats de conif\u00e8res), la Haute-Garonne (o\u00f9 il y a davantage de feuillus) n\u2019est pas le territoire le plus propice aux \u00ab\u2009m\u00e9ga-feux\u2009\u00bb de for\u00eats. Elle n\u2019en reste pas moins <strong>un secteur \u00e0 risque<\/strong> pour les incendies de v\u00e9g\u00e9tation divers et vari\u00e9s\u2009: \u00ab\u2009On l\u2019a appel\u00e9e \u2018M\u00e9t\u00e9o des for\u00eats\u2019, mais <strong>cela concerne tous les feux de v\u00e9g\u00e9tation<\/strong> au sens large du terme\u2009\u00bb, souligne Val\u00e9ry Mourot.<\/p>\n<blockquote class=\"ac-article-quote wall-content\">\n<p>Le risque de feux de v\u00e9g\u00e9tation est assez s\u00e9v\u00e8re en Haute-Garonne, vu le contexte m\u00e9t\u00e9o : nous avons une humidit\u00e9 tr\u00e8s basse de l&rsquo;ordre de 30 %, des temp\u00e9ratures hautes de 32\u00b0C ou 33\u00b0C (35,1\u00b0C ont m\u00eame \u00e9t\u00e9 relev\u00e9s \u00e0 Toulouse-Blagnac mardi soir, NDLR), et des sols secs puisqu&rsquo;il n&rsquo;a pas plu ces derniers jours.<\/p>\n<p>    <strong>Val\u00e9ry Mourot<\/strong>\n            <\/p><\/blockquote>\n<p class=\" wall-content\">Pour couronner le tout, <strong>le vent<\/strong> reste assez soutenu sur le d\u00e9partement, avec des rafales entre 40 et 50\u00a0km\/h, qui ne font que compliquer la mission des pompiers sur le terrain\u2009: \u00ab\u2009Le moindre d\u00e9part de feu aura <strong>tendance \u00e0 se propager\u2009\u00bb, <\/strong>pr\u00e9vient le sp\u00e9cialiste.<\/p>\n<p>Vers une alerte orange canicule d\u00e8s jeudi<\/p>\n<p class=\" wall-content\">Outre cette vigilance aux feux de for\u00eats, les pr\u00e9visionnistes de M\u00e9t\u00e9o France scrutent <strong>une autre alerte orange<\/strong> qui se profile\u2009: celle de <strong>la canicule<\/strong>.<\/p>\n<p class=\" wall-content\">D\u2019apr\u00e8s Val\u00e9ry Mourot, au regard des mod\u00e8les en cours, c\u2019est probablement pour jeudi\u2009: \u00ab\u2009On voit poindre une vigilance canicule sur la fin de semaine, on pr\u00e9voit 36\u00b0C voire 37\u00b0C sur le Pays Toulousain (<a href=\"https:\/\/meteofrance.com\/previsions-meteo-france\/toulouse\/31000\" rel=\"nofollow noopener\" target=\"_blank\">M\u00e9t\u00e9o France \u00e9voque m\u00eame 39\u00b0C samedi sur la Ville rose<\/a> elle-m\u00eame, NDLR)\u2009\u00bb.<\/p>\n<blockquote class=\"ac-article-quote wall-content\">\n<p>D\u00e8s mercredi, la Haute-Garonne sera plac\u00e9e en vigilance canicule jaune. Et il n&rsquo;est pas exclu qu&rsquo;on passe en orange \u00e0 compter de jeudi matin, car les temp\u00e9ratures annonc\u00e9es devraient supplanter les seuils de d\u00e9clenchement (pour rappel, il faut notamment que l&rsquo;on d\u00e9passe 21\u00b0C pour les minimales et 36\u00b0C pour les maximales pendant trois nuits et jours cons\u00e9cutifs \u00e0 Toulouse pour basculer en orange, NDLR).\u00a0<\/p>\n<p>    <strong>Val\u00e9ry Mourot<\/strong>\n            <\/p><\/blockquote>\n<p class=\" wall-content\">Pour l\u2019heure \u2014 \u00e0 l\u2019exception des feux de for\u00eats donc \u2014 la Haute-Garonne est en vert. Reste \u00e0 savoir si les pr\u00e9visions se confirmeront sur les relev\u00e9s m\u00e9t\u00e9o ces prochains jours.<\/p>\n<p class=\" wall-content\">Suivez toute l\u2019actualit\u00e9 de vos villes et m\u00e9dias favoris en vous inscrivant \u00e0 <a href=\"https:\/\/moncompte.actu.fr\" title=\"D\u00e9couvez Mon Actu\" rel=\"nofollow noopener\" data-trk=\"{&quot;cta&quot;:{&quot;action&quot;:&quot;https:\\\/\\\/moncompte.actu.fr&quot;,&quot;category&quot;:&quot;mon compte&quot;,&quot;from&quot;:&quot;article footer&quot;,&quot;name&quot;:&quot;Mon actu&quot;,&quot;type&quot;:&quot;cta&quot;}}\" target=\"_blank\">Mon Actu<\/a>.<\/p>\n","protected":false},"excerpt":{"rendered":"Par Guillaume Laurens Publi\u00e9 le 5 ao\u00fbt 2025 \u00e0 12h26 Alors que les feux de v\u00e9g\u00e9tation s\u2019encha\u00eenent ces&hellip;\n","protected":false},"author":2,"featured_media":297863,"comment_status":"","ping_status":"","sticky":false,"template":"","format":"standard","meta":{"footnotes":""},"categories":[2816],"tags":[1111,11,1777,674,27571,1011,27,1310,2357,12,2680,25,104,2312],"class_list":{"0":"post-297862","1":"post","2":"type-post","3":"status-publish","4":"format-standard","5":"has-post-thumbnail","7":"category-toulouse","8":"tag-actu","9":"tag-actualites","10":"tag-eu","11":"tag-europe","12":"tag-feux-de-foret","13":"tag-fr","14":"tag-france","15":"tag-incendie","16":"tag-meteo-france","17":"tag-news","18":"tag-occitanie","19":"tag-republique-francaise","20":"tag-societe","21":"tag-toulouse"},"share_on_mastodon":{"url":"https:\/\/pubeurope.com\/@fr\/114975729557309175","error":""},"_links":{"self":[{"href":"https:\/\/www.europesays.com\/fr\/wp-json\/wp\/v2\/posts\/297862","targetHints":{"allow":["GET"]}}],"collection":[{"href":"https:\/\/www.europesays.com\/fr\/wp-json\/wp\/v2\/posts"}],"about":[{"href":"https:\/\/www.europesays.com\/fr\/wp-json\/wp\/v2\/types\/post"}],"author":[{"embeddable":true,"href":"https:\/\/www.europesays.com\/fr\/wp-json\/wp\/v2\/users\/2"}],"replies":[{"embeddable":true,"href":"https:\/\/www.europesays.com\/fr\/wp-json\/wp\/v2\/comments?post=297862"}],"version-history":[{"count":0,"href":"https:\/\/www.europesays.com\/fr\/wp-json\/wp\/v2\/posts\/297862\/revisions"}],"wp:featuredmedia":[{"embeddable":true,"href":"https:\/\/www.europesays.com\/fr\/wp-json\/wp\/v2\/media\/297863"}],"wp:attachment":[{"href":"https:\/\/www.europesays.com\/fr\/wp-json\/wp\/v2\/media?parent=297862"}],"wp:term":[{"taxonomy":"category","embeddable":true,"href":"https:\/\/www.europesays.com\/fr\/wp-json\/wp\/v2\/categories?post=297862"},{"taxonomy":"post_tag","embeddable":true,"href":"https:\/\/www.europesays.com\/fr\/wp-json\/wp\/v2\/tags?post=297862"}],"curies":[{"name":"wp","href":"https:\/\/api.w.org\/{rel}","templated":true}]}}