{"id":297864,"date":"2025-08-05T10:39:11","date_gmt":"2025-08-05T10:39:11","guid":{"rendered":"https:\/\/www.europesays.com\/fr\/297864\/"},"modified":"2025-08-05T10:39:11","modified_gmt":"2025-08-05T10:39:11","slug":"limage-en-plein-centre-de-toulouse-un-chantier-de-plusieurs-semaines-lance-dans-cette-station-de-metro","status":"publish","type":"post","link":"https:\/\/www.europesays.com\/fr\/297864\/","title":{"rendered":"L&rsquo;IMAGE. En plein centre de Toulouse, un chantier de plusieurs semaines lanc\u00e9 dans cette station de m\u00e9tro"},"content":{"rendered":"<p>            Par<br \/>\n        <strong><br \/>\n            <a href=\"https:\/\/actu.fr\/auteur\/mareva-laville-actu-fr\" title=\"Consulter tous les articles de Mar\u00e9va Laville\" target=\"_blank\" rel=\"noopener\">Mar\u00e9va Laville<\/a><br \/>\n        <\/strong><\/p>\n<p>        Publi\u00e9 le<\/p>\n<p>            5 ao\u00fbt 2025 \u00e0 12h08        <\/p>\n<p>Elle est loin de passer inaper\u00e7ue. En plein centre de <a href=\"http:\/\/www.actu.fr\/toulouse\" target=\"_blank\" rel=\"noopener\"><strong>Toulouse<\/strong><\/a>, une grue de plusieurs m\u00e8tres de haut a pris ses quartiers \u00e0 <strong>Compans-Caffarelli.<\/strong> Au pied du m\u00e9tro. Un chantier immanquable.<\/p>\n<p>La station de m\u00e9tro enti\u00e8rement ferm\u00e9e<\/p>\n<p class=\" wall-content\">Car depuis lundi 4\u00a0ao\u00fbt 2025, la<a href=\"https:\/\/actu.fr\/occitanie\/toulouse_31555\/toulouse-cette-station-de-metro-tres-frequentee-va-etre-fermee-pendant-trois-semaines-cet-ete_62889828.html\" target=\"_blank\" rel=\"noopener\"> tr\u00e8s fr\u00e9quent\u00e9e<strong> station de m\u00e9tro<\/strong>, situ\u00e9e sur la ligne B, affiche porte close<\/a>. Entr\u00e9e et sortie impossible pendant plusieurs semaines. <strong>Jusqu\u2019au 26\u00a0ao\u00fbt inclus<\/strong>, pr\u00e9cis\u00e9ment.<\/p>\n<p>En attendant la r\u00e9ouverture&#8230;.<\/p>\n<p>Les itin\u00e9raires des lignes L1, L14, ligne 45 et navette a\u00e9roport restent inchang\u00e9s et permettent de desservir le quartier.<br \/>Les voyageurs de la navette a\u00e9roport souhaitant se connecter au m\u00e9tro Ligne B sont invit\u00e9s \u00e0 s\u2019arr\u00eater aux stations Jean Jaur\u00e8s ou Jeanne d\u2019Arc. \u00c0 pied, le temps de marche estim\u00e9 est de 7 minutes depuis la station Canal du Midi et 13 minutes depuis la station Jeanne d\u2019Arc.<\/p>\n<p>Les escalators chang\u00e9s sur la ligne B du m\u00e9tro<\/p>\n<p class=\" wall-content\">Tiss\u00e9o est en pleine<strong> op\u00e9ration de renouvellement d\u2019escaliers m\u00e9caniques<\/strong>. D\u2019ici 2026, pas moins de 77 escalators de la ligne B seront int\u00e9gralement chang\u00e9s pour des mod\u00e8les plus r\u00e9cents. Un plan de remplacement qui co\u00fbtera au total <strong>22,2\u00a0millions d\u2019euros hors taxe<\/strong> pour les 20 stations.<\/p>\n<p class=\" wall-content\">\u00ab\u2009Cette op\u00e9ration de grande envergure est \u00e9chelonn\u00e9e station par station afin de <strong>limiter les nuisance<\/strong>s sur les voyageurs. Chaque chantier station dure en moyenne entre 3 et 5\u00a0mois. Les stations seront compl\u00e8tement ferm\u00e9es entre 2 et 5 semaines selon leur configuration\u2009\u00bb, explique le r\u00e9seau de transport en commun.<\/p>\n<p>    <img   decoding=\"async\" loading=\"lazy\" src=\"https:\/\/www.europesays.com\/fr\/wp-content\/uploads\/2025\/08\/chantier-metro-compans-960x640.jpeg\" alt=\"Ces travaux dureront jusqu'au  26 ao\u00fbt inclus.\" width=\"960\" height=\"640\"\/><br \/>\n    Ces travaux dureront jusqu\u2019au 26 ao\u00fbt inclus. (\u00a9Mar\u00e9va Laville \/ Actu Toulouse)Vid\u00e9os : en ce moment sur ActuUne deuxi\u00e8me \u00e9tape de travaux plus contraignante<\/p>\n<p class=\" wall-content\">Et le tour est venu \u00e0 la station<strong> Compans-Caffarelli<\/strong>. Les travaux ont commenc\u00e9 le 21\u00a0juillet avec une premi\u00e8re \u00e9tape de travaux pr\u00e9paratoires ne n\u00e9cessitant que la fermeture de certains acc\u00e8s et deux escalators, appelant d\u00e8s lors les voyageurs \u00e0 emprunter les escaliers ou les ascenseurs.<\/p>\n<p class=\" wall-content\">La seconde \u00e9tape consiste d\u00e9sormais, depuis le 4\u00a0ao\u00fbt et jusqu\u2019au 26 du mois, \u00e0 <strong>sortir les anciens escaliers m\u00e9caniques<\/strong>, bloc par bloc,<a href=\"https:\/\/actu.fr\/occitanie\/toulouse_31555\/toulouse-que-se-passe-t-il-a-l-interieur-de-cette-station-de-metro-fermee-pour-travaux_60763551.html\" target=\"_blank\" rel=\"noopener\"> comme Actu Toulouse l\u2019expliquait en images au sujet de la station des Carmes,<\/a> et \u00e0 faire entrer le nouvel escalator.<\/p>\n<blockquote class=\"ac-article-quote wall-content\">\n<p>Cette op\u00e9ration n\u00e9cessite des engins lourds et pour des questions de s\u00e9curit\u00e9, on ferme la station.<\/p>\n<p>    <strong>Tiss\u00e9o<\/strong>\n            <\/p><\/blockquote>\n<p class=\" wall-content\">\n<p>\u00a0Apr\u00e8s la r\u00e9ouverture, les travaux se poursuivent<\/p>\n<p class=\" wall-content\">Apr\u00e8s trois semaines de travaux, la station rouvrira, mais le chantier ne sera pas termin\u00e9. Et les escalators ne pourront \u00eatre utilis\u00e9s. Marches, balustrades, <strong>\u00e9quipements<\/strong> et <strong>finitions<\/strong> devront \u00eatre assur\u00e9s le temps de 5 \u00e0 8 semaines. Suivront ensuite deux semaines de <strong>contr\u00f4les et tests<\/strong> avant de donner le feu vert aux passagers.<\/p>\n<p class=\" wall-content\">Les sorties de m\u00e9tro seront plus sportives qu\u2019auparavant le temps de quelques mois encore\u2026<\/p>\n<p class=\" wall-content\">Suivez toute l\u2019actualit\u00e9 de vos villes et m\u00e9dias favoris en vous inscrivant \u00e0 <a href=\"https:\/\/moncompte.actu.fr\" title=\"D\u00e9couvez Mon Actu\" rel=\"nofollow noopener\" data-trk=\"{&quot;cta&quot;:{&quot;action&quot;:&quot;https:\\\/\\\/moncompte.actu.fr&quot;,&quot;category&quot;:&quot;mon compte&quot;,&quot;from&quot;:&quot;article footer&quot;,&quot;name&quot;:&quot;Mon actu&quot;,&quot;type&quot;:&quot;cta&quot;}}\" target=\"_blank\">Mon Actu<\/a>.<\/p>\n<ul class=\"ac-article-tag wall-content\">\n<li><a href=\"https:\/\/actu.fr\/tag\/metro-de-toulouse\" data-trk=\"{&quot;cta&quot;:{&quot;action&quot;:&quot;M\\u00e9tro de Toulouse&quot;,&quot;category&quot;:&quot;tag&quot;,&quot;from&quot;:&quot;article footer&quot;,&quot;name&quot;:&quot;M\\u00e9tro de Toulouse&quot;,&quot;type&quot;:&quot;cta&quot;}}\" target=\"_blank\" rel=\"noopener\">#M\u00e9tro de Toulouse<\/a><\/li>\n<li><a href=\"https:\/\/actu.fr\/tag\/tisseo\" data-trk=\"{&quot;cta&quot;:{&quot;action&quot;:&quot;Tiss\\u00e9o&quot;,&quot;category&quot;:&quot;tag&quot;,&quot;from&quot;:&quot;article footer&quot;,&quot;name&quot;:&quot;Tiss\\u00e9o&quot;,&quot;type&quot;:&quot;cta&quot;}}\" target=\"_blank\" rel=\"noopener\">#Tiss\u00e9o<\/a><\/li>\n<\/ul>\n","protected":false},"excerpt":{"rendered":"Par Mar\u00e9va Laville Publi\u00e9 le 5 ao\u00fbt 2025 \u00e0 12h08 Elle est loin de passer inaper\u00e7ue. En plein&hellip;\n","protected":false},"author":2,"featured_media":297865,"comment_status":"","ping_status":"","sticky":false,"template":"","format":"standard","meta":{"footnotes":""},"categories":[2816],"tags":[1111,11,1777,674,1011,27,10596,12,2680,25,104,5400,2312],"class_list":{"0":"post-297864","1":"post","2":"type-post","3":"status-publish","4":"format-standard","5":"has-post-thumbnail","7":"category-toulouse","8":"tag-actu","9":"tag-actualites","10":"tag-eu","11":"tag-europe","12":"tag-fr","13":"tag-france","14":"tag-metro-de-toulouse","15":"tag-news","16":"tag-occitanie","17":"tag-republique-francaise","18":"tag-societe","19":"tag-tisseo","20":"tag-toulouse"},"share_on_mastodon":{"url":"https:\/\/pubeurope.com\/@fr\/114975733525543098","error":""},"_links":{"self":[{"href":"https:\/\/www.europesays.com\/fr\/wp-json\/wp\/v2\/posts\/297864","targetHints":{"allow":["GET"]}}],"collection":[{"href":"https:\/\/www.europesays.com\/fr\/wp-json\/wp\/v2\/posts"}],"about":[{"href":"https:\/\/www.europesays.com\/fr\/wp-json\/wp\/v2\/types\/post"}],"author":[{"embeddable":true,"href":"https:\/\/www.europesays.com\/fr\/wp-json\/wp\/v2\/users\/2"}],"replies":[{"embeddable":true,"href":"https:\/\/www.europesays.com\/fr\/wp-json\/wp\/v2\/comments?post=297864"}],"version-history":[{"count":0,"href":"https:\/\/www.europesays.com\/fr\/wp-json\/wp\/v2\/posts\/297864\/revisions"}],"wp:featuredmedia":[{"embeddable":true,"href":"https:\/\/www.europesays.com\/fr\/wp-json\/wp\/v2\/media\/297865"}],"wp:attachment":[{"href":"https:\/\/www.europesays.com\/fr\/wp-json\/wp\/v2\/media?parent=297864"}],"wp:term":[{"taxonomy":"category","embeddable":true,"href":"https:\/\/www.europesays.com\/fr\/wp-json\/wp\/v2\/categories?post=297864"},{"taxonomy":"post_tag","embeddable":true,"href":"https:\/\/www.europesays.com\/fr\/wp-json\/wp\/v2\/tags?post=297864"}],"curies":[{"name":"wp","href":"https:\/\/api.w.org\/{rel}","templated":true}]}}