{"id":297866,"date":"2025-08-05T10:40:15","date_gmt":"2025-08-05T10:40:15","guid":{"rendered":"https:\/\/www.europesays.com\/fr\/297866\/"},"modified":"2025-08-05T10:40:15","modified_gmt":"2025-08-05T10:40:15","slug":"un-adolescent-de-15-ans-interpelle-en-pleine-nuit-au-volant-dun-camion-vole-dans-le-nord","status":"publish","type":"post","link":"https:\/\/www.europesays.com\/fr\/297866\/","title":{"rendered":"Un adolescent de 15\u00a0ans interpell\u00e9 en pleine nuit au volant d\u2019un camion vol\u00e9 dans le Nord"},"content":{"rendered":"<p>Dans la nuit de vendredi\u00a01er \u00e0 samedi 2\u00a0ao\u00fbt, dans le Nord, la police a interpell\u00e9 trois individus \u00e0 bord d\u2019un camion vol\u00e9 \u00e0 une entreprise. D\u2019apr\u00e8s <a href=\"https:\/\/actu.fr\/hauts-de-france\/onnaing_59447\/dans-le-nord-la-police-arrete-un-camion-circulant-de-maniere-inquietante_62996955.html\" target=\"_blank\" rel=\"nofollow noopener\"> Lille actu <\/a>, vers 1\u00a0h\u00a045, \u00e0 <a href=\"https:\/\/valenciennes.maville.com\/\/\" target=\"_self\" rel=\"nofollow noopener\">Onnaing<\/a>, les forces de l\u2019ordre ont remarqu\u00e9 les d\u00e9placements suspects du v\u00e9hicule, qui faisait des embard\u00e9es.\u00a0<\/p>\n<p>Les policiers ont alors d\u00e9cid\u00e9 de contr\u00f4ler le camion. Le conducteur a obtemp\u00e9r\u00e9 et s\u2019est arr\u00eat\u00e9 mais a tent\u00e9 de prendre la fuite \u00e0 pied. Finalement, le fuyard a rapidement \u00e9t\u00e9 rattrap\u00e9. Les agents ont constat\u00e9 qu\u2019il n\u2019avait que 15\u00a0ans et n\u2019\u00e9tait donc \u00e9videmment pas titulaire du permis de conduire.<\/p>\n<p>Une enqu\u00eate en cours<\/p>\n<p>Les deux passagers, \u00e2g\u00e9s de 15 et 22\u00a0ans, ont \u00e9galement \u00e9t\u00e9 interpell\u00e9s. Le trio a \u00e9t\u00e9 plac\u00e9 en garde \u00e0 vue. Les suspects ont ensuite \u00e9t\u00e9 rel\u00e2ch\u00e9s. Une enqu\u00eate a \u00e9t\u00e9 ouverte, indique <a href=\"https:\/\/www.lavoixdunord.fr\/1612488\/article\/2025-08-04\/15-ans-il-vole-le-camion-d-une-entreprise-et-se-fait-interpeller-par-la-police\" target=\"_blank\" rel=\"nofollow noopener\"> La Voix du Nord <\/a>.<\/p>\n<p>En ao\u00fbt\u00a02024, <a href=\"https:\/\/rennes.maville.com\/actu\/actudet_-intercepte-a-149-km-h-au-volant-de-sa-bmw-sur-la-rocade-de-rennes...-le-chauffard-est-age-de-15-ans-_7-6416241_actu.Htm\" target=\"_self\" rel=\"nofollow noopener\">une voiture avait \u00e9t\u00e9 flash\u00e9e \u00e0 149\u00a0km\/h sur la rocade autour de Rennes<\/a> (en Ille-et-Vilaine),\u00a0une route limit\u00e9e \u00e0 90\u00a0km\/h. Pris en chasse par les motards de la police nationale, le v\u00e9hicule avait \u00e9t\u00e9 immobilis\u00e9. Les agents avaient alors d\u00e9couvert un adolescent de 15\u00a0ans au volant du bolide.<\/p>\n<p>\u00a0<\/p>\n","protected":false},"excerpt":{"rendered":"Dans la nuit de vendredi\u00a01er \u00e0 samedi 2\u00a0ao\u00fbt, dans le Nord, la police a interpell\u00e9 trois individus \u00e0&hellip;\n","protected":false},"author":2,"featured_media":297867,"comment_status":"","ping_status":"","sticky":false,"template":"","format":"standard","meta":{"footnotes":""},"categories":[2815],"tags":[9284,1111,11,1084,1764,660,1777,674,1011,27,811,9817,1307,12,1308,293,19940,25,9818,9343],"class_list":{"0":"post-297866","1":"post","2":"type-post","3":"status-publish","4":"format-standard","5":"has-post-thumbnail","7":"category-lille","8":"tag-9284","9":"tag-actu","10":"tag-actualites","11":"tag-adolescent","12":"tag-ans","13":"tag-camion","14":"tag-eu","15":"tag-europe","16":"tag-fr","17":"tag-france","18":"tag-hauts-de-france","19":"tag-interpelle","20":"tag-lille","21":"tag-news","22":"tag-nord","23":"tag-nuit","24":"tag-pleine","25":"tag-republique-francaise","26":"tag-volant","27":"tag-vole"},"share_on_mastodon":{"url":"https:\/\/pubeurope.com\/@fr\/114975737419569697","error":""},"_links":{"self":[{"href":"https:\/\/www.europesays.com\/fr\/wp-json\/wp\/v2\/posts\/297866","targetHints":{"allow":["GET"]}}],"collection":[{"href":"https:\/\/www.europesays.com\/fr\/wp-json\/wp\/v2\/posts"}],"about":[{"href":"https:\/\/www.europesays.com\/fr\/wp-json\/wp\/v2\/types\/post"}],"author":[{"embeddable":true,"href":"https:\/\/www.europesays.com\/fr\/wp-json\/wp\/v2\/users\/2"}],"replies":[{"embeddable":true,"href":"https:\/\/www.europesays.com\/fr\/wp-json\/wp\/v2\/comments?post=297866"}],"version-history":[{"count":0,"href":"https:\/\/www.europesays.com\/fr\/wp-json\/wp\/v2\/posts\/297866\/revisions"}],"wp:featuredmedia":[{"embeddable":true,"href":"https:\/\/www.europesays.com\/fr\/wp-json\/wp\/v2\/media\/297867"}],"wp:attachment":[{"href":"https:\/\/www.europesays.com\/fr\/wp-json\/wp\/v2\/media?parent=297866"}],"wp:term":[{"taxonomy":"category","embeddable":true,"href":"https:\/\/www.europesays.com\/fr\/wp-json\/wp\/v2\/categories?post=297866"},{"taxonomy":"post_tag","embeddable":true,"href":"https:\/\/www.europesays.com\/fr\/wp-json\/wp\/v2\/tags?post=297866"}],"curies":[{"name":"wp","href":"https:\/\/api.w.org\/{rel}","templated":true}]}}