{"id":297872,"date":"2025-08-05T10:43:11","date_gmt":"2025-08-05T10:43:11","guid":{"rendered":"https:\/\/www.europesays.com\/fr\/297872\/"},"modified":"2025-08-05T10:43:11","modified_gmt":"2025-08-05T10:43:11","slug":"4-500-marines-15-000-repas-par-jour-plus-grand-que-la-tour-eiffel-luss-gerald-ford-plus-grand-porte-avions-du-monde-est-arrive-a-marseille","status":"publish","type":"post","link":"https:\/\/www.europesays.com\/fr\/297872\/","title":{"rendered":"4.500 marines, 15.000 repas par jour, plus grand que la Tour Eiffel&#8230; l&rsquo;USS Gerald Ford, plus grand porte-avions du monde, est arriv\u00e9 \u00e0 Marseille"},"content":{"rendered":"<p>Sa silhouette ne passera pas inaper\u00e7ue, au milieu des paquebots accost\u00e9s au Grand Port de Marseille.<\/p>\n<p>Le plus grand porte-avions du monde, <strong>l&rsquo;USS Gerald Ford, et l&rsquo;USS Winston Churchill, un destroyer am\u00e9ricain charg\u00e9 d&rsquo;escorter le navire<\/strong>, sont arriv\u00e9s \u00e0 Marseille\u00a0ce lundi 4 ao\u00fbt en milieu de matin\u00e9e.<\/p>\n<p>La pr\u00e9fecture des Bouches-du-Rh\u00f4ne a pris <strong>un arr\u00eat\u00e9 interdisant toute \u00ab\u00a0navigation, mouillage des navires et engins de toute nature\u00a0\u00bb<\/strong>\u00a0\u00e0 moins de 100 m\u00e8tres de l&rsquo;imposant b\u00e2timent.\u00a0Tout comme la baignade et la plong\u00e9e.<\/p>\n<p>              <img ci-src=\"https:\/\/www.nicematin.com\/defense\/Visite+du+porte-avions+am%C3%A9ricain+USS+Gerald+R-Yd9s5VCU.jpg?vh=477272&amp;ci_seal=fa3804b766\" alt=\"\"\/><br \/>\n        L&rsquo;USS Gerald Ford. <strong>Photo PQR\/LA PROVENCE\/SPEICH Frederic.<\/strong> <\/p>\n<p>Il \u00e9tait 10h du matin lorsque <strong>ces deux navires de guerre am\u00e9ricains ont jet\u00e9 l&rsquo;ancre<\/strong> au Grand Port de Marseille, pour une visite de cinq jours.<\/p>\n<p>Une escale de quelques jours <a href=\"https:\/\/jfcnaples.nato.int\/newsroom\/news\/news-archive\/2025\/nato-concludes-second-iteration-of-neptune-strike-2025\" target=\"_blank\" rel=\"noopener nofollow\">apr\u00e8s l&rsquo;op\u00e9ration Neptune Strike<\/a> men\u00e9e en mer M\u00e9diterran\u00e9e avec la France, la Finlande, l&rsquo;Italie et la Gr\u00e8ce (entre autres), <strong>mais surtout un <\/strong><strong>\u00ab\u00a0symbole de l&rsquo;alliance franco-am\u00e9ricaine<\/strong> (&#8230;) d&rsquo;autant plus que nous entamons des n\u00e9gociations avec les Alli\u00e9s europ\u00e9ens sur l&rsquo;augmentation des achats de mat\u00e9riel de d\u00e9fense et le respect de leurs engagements envers l&rsquo;OTAN\u00a0\u00bb, a lanc\u00e9 Charles Kushner, ambassadeur des \u00c9tats-Unis en France.<\/p>\n<p>Une visite qui tombe d&rsquo;ailleurs \u00e0 point nomm\u00e9 apr\u00e8s <strong>la promesse des Europ\u00e9ens de l&rsquo;OTAN<\/strong> de d\u00e9penser plus pour leur d\u00e9fense.<\/p>\n<p>              <img ci-src=\"https:\/\/www.nicematin.com\/defense\/Visite%20du%20porte-avions%20am%C3%A9ricain%20USS%20Gerald%20R-vSBUPscl.jpg?ci_seal=04019b74d9\" alt=\"\"\/><br \/>\n        Le navire est capable d&#8217;embarquer plus de 70 avions de chasse.  <strong>Photo PQR\/LA PROVENCE\/SPEICH Frederic.<\/strong> <\/p>\n<p>                                <strong>4.400 personnes, 15.000 repas servis chaque jour, 70 avions de chasse&#8230;\u00a0<\/strong><\/p>\n<p>Inaugur\u00e9 en 2017 par Donald Trump, l&rsquo;USS Gerald Ford est le premier porte-avions am\u00e9ricain nouvelle g\u00e9n\u00e9ration.\u00a0<\/p>\n<p>D&rsquo;une<strong> longueur de 333 m\u00e8tres, soit trois terrains de foot<\/strong>, le navire a un \u00e9quipage de 4.460 personnes et est propuls\u00e9 par deux r\u00e9acteurs nucl\u00e9aires.<\/p>\n<p>\u00c0 titre de comparaison, le Charles-de-Gaulle mesure 262 m\u00e8tres et fait 40.600 tonnes.\u00a0<\/p>\n<p>\u00c0 son bord, il embarque 70 avions de chasse qui peuvent, gr\u00e2ce \u00e0 une technologie particuli\u00e8re, <strong>\u00eatre propuls\u00e9s en seulement 10 secondes. <\/strong><\/p>\n<p>D&rsquo;ailleurs, il peut op\u00e9rer <strong>338 catapultages par jour<\/strong>. Au quotidien, ce sont 15.000 repas qui sont servis chaque jour pour nourrir les marines.\u00a0<\/p>\n<p>Son poids? 100.000 tonnes. Son prix? <strong>14 milliards de dollars.<\/strong><\/p>\n<p>              <img ci-src=\"https:\/\/www.nicematin.com\/defense\/Visite+du+porte-avions+am%C3%A9ricain+USS+Gerald+R-wDIT4Upk.jpg?vh=191493&amp;ci_seal=a5922a47ec\" alt=\"\"\/><br \/>\n        L&rsquo;USS Gerald Ford. <strong>Photo PQR\/LA PROVENCE\/SPEICH Frederic.<\/strong> <\/p>\n<p>Une pr\u00e9c\u00e9dente <strong>visite devait avoir lieu en 2023<\/strong>, mais <a href=\"https:\/\/www.varmatin.com\/defense\/l-uss-gerald-ford-un-titan-des-mers-au-large-d-israel-879374\" rel=\"nofollow noopener\" target=\"_blank\">avec la situation au Moyen-Orient, il avait d\u00fb faire l&rsquo;impasse sur l&rsquo;escale marseillaise pour se diriger vers Isra\u00ebl<\/a>.<\/p>\n<p>En 2024, c&rsquo;est un autre porte-avions am\u00e9ricain, <strong>l&rsquo;USS Harry Truman<\/strong>, qui avait jet\u00e9 l&rsquo;ancre dans la cit\u00e9 phoc\u00e9enne. <strong>Pour le Ford, c&rsquo;est une premi\u00e8re.<\/strong><\/p>\n<p>Au cours de cette \u00e9tape de cinq jours, <strong>les diff\u00e9rents \u00e9quipages visiteront Marseille, Paris et Monaco<\/strong>, ainsi que le pr\u00e9cise le site de la <a href=\"https:\/\/www.navy.mil\/Press-Office\/News-Stories\/display-news\/Article\/4263196\/uss-gerald-r-ford-and-uss-winston-s-churchill-arrive-in-marseille-france\/\" target=\"_blank\" rel=\"noopener nofollow\">Navy.\u00a0<\/a><\/p>\n","protected":false},"excerpt":{"rendered":"Sa silhouette ne passera pas inaper\u00e7ue, au milieu des paquebots accost\u00e9s au Grand Port de Marseille. Le plus&hellip;\n","protected":false},"author":2,"featured_media":297873,"comment_status":"","ping_status":"","sticky":false,"template":"","format":"standard","meta":{"footnotes":""},"categories":[2814],"tags":[1111,11,554,1777,674,1011,27,884,12,882,25],"class_list":{"0":"post-297872","1":"post","2":"type-post","3":"status-publish","4":"format-standard","5":"has-post-thumbnail","7":"category-marseille","8":"tag-actu","9":"tag-actualites","10":"tag-defense","11":"tag-eu","12":"tag-europe","13":"tag-fr","14":"tag-france","15":"tag-marseille","16":"tag-news","17":"tag-provence-alpes-cote-dazur","18":"tag-republique-francaise"},"share_on_mastodon":{"url":"https:\/\/pubeurope.com\/@fr\/114975749151235898","error":""},"_links":{"self":[{"href":"https:\/\/www.europesays.com\/fr\/wp-json\/wp\/v2\/posts\/297872","targetHints":{"allow":["GET"]}}],"collection":[{"href":"https:\/\/www.europesays.com\/fr\/wp-json\/wp\/v2\/posts"}],"about":[{"href":"https:\/\/www.europesays.com\/fr\/wp-json\/wp\/v2\/types\/post"}],"author":[{"embeddable":true,"href":"https:\/\/www.europesays.com\/fr\/wp-json\/wp\/v2\/users\/2"}],"replies":[{"embeddable":true,"href":"https:\/\/www.europesays.com\/fr\/wp-json\/wp\/v2\/comments?post=297872"}],"version-history":[{"count":0,"href":"https:\/\/www.europesays.com\/fr\/wp-json\/wp\/v2\/posts\/297872\/revisions"}],"wp:featuredmedia":[{"embeddable":true,"href":"https:\/\/www.europesays.com\/fr\/wp-json\/wp\/v2\/media\/297873"}],"wp:attachment":[{"href":"https:\/\/www.europesays.com\/fr\/wp-json\/wp\/v2\/media?parent=297872"}],"wp:term":[{"taxonomy":"category","embeddable":true,"href":"https:\/\/www.europesays.com\/fr\/wp-json\/wp\/v2\/categories?post=297872"},{"taxonomy":"post_tag","embeddable":true,"href":"https:\/\/www.europesays.com\/fr\/wp-json\/wp\/v2\/tags?post=297872"}],"curies":[{"name":"wp","href":"https:\/\/api.w.org\/{rel}","templated":true}]}}