{"id":297874,"date":"2025-08-05T10:44:10","date_gmt":"2025-08-05T10:44:10","guid":{"rendered":"https:\/\/www.europesays.com\/fr\/297874\/"},"modified":"2025-08-05T10:44:10","modified_gmt":"2025-08-05T10:44:10","slug":"lyon-lenseigne-normal-annonce-louverture-prochaine-de-deux-magasins-rue-de-la-republique","status":"publish","type":"post","link":"https:\/\/www.europesays.com\/fr\/297874\/","title":{"rendered":"Lyon. L\u2019enseigne Normal annonce l\u2019ouverture prochaine de deux magasins rue de la R\u00e9publique"},"content":{"rendered":"<p>Quadriller la rue de la R\u00e9publique. Telle est l\u2019ambition affich\u00e9e par S\u00e9bastien Chirouze, directeur France des magasins discount Normal.\u00a0L\u2019enseigne, qui poss\u00e8de d\u00e9j\u00e0 trois boutiques \u00e0 Lyon, pr\u00e9voit prochainement d\u2019en avoir trois dans la seule art\u00e8re commerciale.<\/p>\n<p>\u00ab\u00a0Nous avons d\u00e9j\u00e0 un magasin au milieu de la rue de la R\u00e9publique, et nous aimerions en ouvrir un autre \u00e0 chaque extr\u00e9mit\u00e9\u00a0\u00bb, assure-t-il <a href=\"https:\/\/www.lemonde.fr\/article-offert\/de3bfbaebfa6-6626635\/le-fulgurant-succes-de-normal-le-discount-qui-se-veut-cool\" target=\"_blank\" rel=\"nofollow noopener\">dans un entretien au journal Le <\/a><a href=\"https:\/\/www.lemonde.fr\/article-offert\/de3bfbaebfa6-6626635\/le-fulgurant-succes-de-normal-le-discount-qui-se-veut-cool\" target=\"_blank\" rel=\"nofollow noopener\">Monde<\/a>.<\/p>\n<p>  210 Normal en France et 6 dans le Rh\u00f4ne<\/p>\n<p>Fond\u00e9e en 2019 au Danemark, Normal est une enseigne sp\u00e9cialis\u00e9e dans les produits d\u2019hygi\u00e8ne et les soins de beaut\u00e9 \u00e0 tout petit prix. En plein essor, la marque poss\u00e8de d\u00e9j\u00e0 217 boutiques en France et 900 en Europe.<\/p>\n<p>Dans le Rh\u00f4ne, 6 magasins Normal ont vu le jour en 6 ans. Et ce n\u2019est que le d\u00e9but. \u00ab\u00a0Bient\u00f4t, dans un rayon de 2 heures de route, on va avoir 20 magasins alors que nous en avions deux. Les gens veulent plus de Normal \u00e0 c\u00f4t\u00e9 de chez eux\u2026\u00a0\u00bb, estimait d\u00e9j\u00e0\u00a0S\u00e9bastien Chirouze dans nos colonnes l\u2019ann\u00e9e derni\u00e8re.<\/p>\n","protected":false},"excerpt":{"rendered":"Quadriller la rue de la R\u00e9publique. Telle est l\u2019ambition affich\u00e9e par S\u00e9bastien Chirouze, directeur France des magasins discount&hellip;\n","protected":false},"author":2,"featured_media":297875,"comment_status":"","ping_status":"","sticky":false,"template":"","format":"standard","meta":{"footnotes":""},"categories":[1889],"tags":[1111,11,2430,4406,33,2757,1777,674,107,1011,27,2428,2756,12,25,2429,216],"class_list":{"0":"post-297874","1":"post","2":"type-post","3":"status-publish","4":"format-standard","5":"has-post-thumbnail","7":"category-lyon","8":"tag-actu","9":"tag-actualites","10":"tag-auvergne-rhone-alpes","11":"tag-commerce-et-services","12":"tag-economie","13":"tag-edition-lyon-villeurbanne","14":"tag-eu","15":"tag-europe","16":"tag-fil-info","17":"tag-fr","18":"tag-france","19":"tag-lyon","20":"tag-lyon-bassin","21":"tag-news","22":"tag-republique-francaise","23":"tag-rhone","24":"tag-vie-des-entreprises"},"share_on_mastodon":{"url":"https:\/\/pubeurope.com\/@fr\/114975753099778907","error":""},"_links":{"self":[{"href":"https:\/\/www.europesays.com\/fr\/wp-json\/wp\/v2\/posts\/297874","targetHints":{"allow":["GET"]}}],"collection":[{"href":"https:\/\/www.europesays.com\/fr\/wp-json\/wp\/v2\/posts"}],"about":[{"href":"https:\/\/www.europesays.com\/fr\/wp-json\/wp\/v2\/types\/post"}],"author":[{"embeddable":true,"href":"https:\/\/www.europesays.com\/fr\/wp-json\/wp\/v2\/users\/2"}],"replies":[{"embeddable":true,"href":"https:\/\/www.europesays.com\/fr\/wp-json\/wp\/v2\/comments?post=297874"}],"version-history":[{"count":0,"href":"https:\/\/www.europesays.com\/fr\/wp-json\/wp\/v2\/posts\/297874\/revisions"}],"wp:featuredmedia":[{"embeddable":true,"href":"https:\/\/www.europesays.com\/fr\/wp-json\/wp\/v2\/media\/297875"}],"wp:attachment":[{"href":"https:\/\/www.europesays.com\/fr\/wp-json\/wp\/v2\/media?parent=297874"}],"wp:term":[{"taxonomy":"category","embeddable":true,"href":"https:\/\/www.europesays.com\/fr\/wp-json\/wp\/v2\/categories?post=297874"},{"taxonomy":"post_tag","embeddable":true,"href":"https:\/\/www.europesays.com\/fr\/wp-json\/wp\/v2\/tags?post=297874"}],"curies":[{"name":"wp","href":"https:\/\/api.w.org\/{rel}","templated":true}]}}