{"id":297876,"date":"2025-08-05T10:45:13","date_gmt":"2025-08-05T10:45:13","guid":{"rendered":"https:\/\/www.europesays.com\/fr\/297876\/"},"modified":"2025-08-05T10:45:13","modified_gmt":"2025-08-05T10:45:13","slug":"le-fruit-dun-combat-collectif-pour-la-mairie-du-5e","status":"publish","type":"post","link":"https:\/\/www.europesays.com\/fr\/297876\/","title":{"rendered":"\u00ab\u00a0Le fruit d\u2019un combat collectif\u00a0\u00bb pour la mairie du 5e"},"content":{"rendered":"<p>Le 2\u00a0juillet, le Conseil d\u2019\u00c9tat confirmait la dissolution des Remparts, de la Traboule et de Top Sports Rh\u00f4ne, annonc\u00e9es en conseil des ministres le 26\u00a0juin dernier. Les sages rejetaient la requ\u00eate en annulation formul\u00e9e par le mouvement lyonnais d\u2019ultra-droite, leur bar associatif situ\u00e9 \u00e0 Saint-Jean \u00e0 Lyon 5e et la salle de sport attenante.<\/p>\n<p>Dans un communiqu\u00e9 de presse, la mairie du 5e arrondissement de Lyon, administr\u00e9 par la maire, Nadine Georgel (Les \u00c9cologistes), salue <a href=\"https:\/\/www.leprogres.fr\/faits-divers-justice\/2025\/08\/02\/ultra-droite-le-conseil-d-etat-a-tranche-les-remparts-sont-bien-dissous\" target=\"_blank\" rel=\"noopener\"> cette d\u00e9cision\u00a0:<\/a> \u00ab\u00a0Ces structures violentes et radicalis\u00e9es incarnaient une id\u00e9ologie dangereuse, fond\u00e9e sur la haine, le racisme, l\u2019homophobie, la division et l\u2019intimidation. Leur pr\u00e9sence depuis 14 ans dans le Vieux Lyon constituait une menace pour les habitants, les commer\u00e7ants, les associations locales, ainsi que pour l\u2019image du quartier\u00a0\u00bb.<\/p>\n<p>\u00ab En premi\u00e8re ligne face aux pressions et aux violences\u00a0\u00bb<\/p>\n<p>Pour la mairie d\u2019arrondissement, \u00ab\u00a0cette dissolution est le fruit d\u2019un combat collectif. Nous tenons \u00e0 adresser une pens\u00e9e sinc\u00e8re \u00e0 tous les habitants militants et associations mobilis\u00e9s pour conserver la dignit\u00e9 et l\u2018\u00e2me de leur quartier, souvent en premi\u00e8re ligne face aux pressions et aux violences. Leur courage et leur d\u00e9termination ont \u00e9t\u00e9 d\u00e9cisifs\u00a0\u00bb.<\/p>\n<p>\u00ab\u00a0\u00c0 l\u2019heure o\u00f9 les id\u00e9es de l\u2019extr\u00eame droite impr\u00e8gnent insidieusement la soci\u00e9t\u00e9, la mairie du 5e arrondissement de Lyon r\u00e9affirme sa volont\u00e9 de garantir un cadre de vie serein et respectueux des principes r\u00e9publicains d\u2019\u00e9galit\u00e9, de libert\u00e9 et de fraternit\u00e9 \u00e0 ses habitants\u00a0\u00bb, conclut le texte.<\/p>\n","protected":false},"excerpt":{"rendered":"Le 2\u00a0juillet, le Conseil d\u2019\u00c9tat confirmait la dissolution des Remparts, de la Traboule et de Top Sports Rh\u00f4ne,&hellip;\n","protected":false},"author":2,"featured_media":297877,"comment_status":"","ping_status":"","sticky":false,"template":"","format":"standard","meta":{"footnotes":""},"categories":[1889],"tags":[1111,11,2430,2757,1777,674,1011,27,2428,15658,15657,12,316,25,2429],"class_list":{"0":"post-297876","1":"post","2":"type-post","3":"status-publish","4":"format-standard","5":"has-post-thumbnail","7":"category-lyon","8":"tag-actu","9":"tag-actualites","10":"tag-auvergne-rhone-alpes","11":"tag-edition-lyon-villeurbanne","12":"tag-eu","13":"tag-europe","14":"tag-fr","15":"tag-france","16":"tag-lyon","17":"tag-lyon-5e","18":"tag-lyon-5e-arrondissement","19":"tag-news","20":"tag-politique","21":"tag-republique-francaise","22":"tag-rhone"},"share_on_mastodon":{"url":"https:\/\/pubeurope.com\/@fr\/114975756931444713","error":""},"_links":{"self":[{"href":"https:\/\/www.europesays.com\/fr\/wp-json\/wp\/v2\/posts\/297876","targetHints":{"allow":["GET"]}}],"collection":[{"href":"https:\/\/www.europesays.com\/fr\/wp-json\/wp\/v2\/posts"}],"about":[{"href":"https:\/\/www.europesays.com\/fr\/wp-json\/wp\/v2\/types\/post"}],"author":[{"embeddable":true,"href":"https:\/\/www.europesays.com\/fr\/wp-json\/wp\/v2\/users\/2"}],"replies":[{"embeddable":true,"href":"https:\/\/www.europesays.com\/fr\/wp-json\/wp\/v2\/comments?post=297876"}],"version-history":[{"count":0,"href":"https:\/\/www.europesays.com\/fr\/wp-json\/wp\/v2\/posts\/297876\/revisions"}],"wp:featuredmedia":[{"embeddable":true,"href":"https:\/\/www.europesays.com\/fr\/wp-json\/wp\/v2\/media\/297877"}],"wp:attachment":[{"href":"https:\/\/www.europesays.com\/fr\/wp-json\/wp\/v2\/media?parent=297876"}],"wp:term":[{"taxonomy":"category","embeddable":true,"href":"https:\/\/www.europesays.com\/fr\/wp-json\/wp\/v2\/categories?post=297876"},{"taxonomy":"post_tag","embeddable":true,"href":"https:\/\/www.europesays.com\/fr\/wp-json\/wp\/v2\/tags?post=297876"}],"curies":[{"name":"wp","href":"https:\/\/api.w.org\/{rel}","templated":true}]}}