{"id":297880,"date":"2025-08-05T10:48:13","date_gmt":"2025-08-05T10:48:13","guid":{"rendered":"https:\/\/www.europesays.com\/fr\/297880\/"},"modified":"2025-08-05T10:48:13","modified_gmt":"2025-08-05T10:48:13","slug":"une-personne-placee-en-garde-a-vue","status":"publish","type":"post","link":"https:\/\/www.europesays.com\/fr\/297880\/","title":{"rendered":"une personne plac\u00e9e en garde \u00e0 vue"},"content":{"rendered":"<p class=\"c-chapo \">\n  Lundi matin, le cadavre d&rsquo;un homme de 32 ans a \u00e9t\u00e9 retrouv\u00e9 sur une aire de sport par une promeneuse.\n<\/p>\n<p>            lire plus tard<\/p>\n<p id=\"dialog__title\" class=\"dialog__title\">Pour sauvegarder cet article, connectez-vous ou cr\u00e9ez un compte franceinfo<\/p>\n<p class=\"dialog__description\">Sans paiement. Sans abonnement.<\/p>\n<p>        Fermer la fen\u00eatre d\u2019activation des notifications France Info<\/p>\n<p>            cr\u00e9er votre compte<\/p>\n<p>            se connecter<\/p>\n<p>        Fermer la fen\u00eatre de pr\u00e9sentation<\/p>\n<p>    <img loading=\"lazy\" decoding=\"async\" class=\"signature__image lazyload\" width=\"100\" height=\"100\" data- alt=\"\" src=\"https:\/\/www.europesays.com\/fr\/wp-content\/uploads\/2025\/05\/64a7df4c5fe71_placeholder-36b69ec8.png\"\/><\/p>\n<p>    Publi\u00e9 le 05\/08\/2025 11:50<\/p>\n<p>        Temps de lecture : 1min<\/p>\n<p>    <img decoding=\"async\"  alt=\"Un v\u00e9hicule de police. Image d'illustration. (RICCARDO MILANI \/ HANS LUCAS via AFP)\" width=\"432\" height=\"243\" src=\"https:\/\/www.europesays.com\/fr\/wp-content\/uploads\/2025\/08\/080-hl-rmilani-2717326-67ea4a1684e32326778497.jpg\" fetchpriority=\"high\"\/><\/p>\n<p>      Un v\u00e9hicule de police. Image d&rsquo;illustration. (RICCARDO MILANI \/ HANS LUCAS via AFP)<\/p>\n<p>Une personne a \u00e9t\u00e9 plac\u00e9e en garde \u00e0 vue mardi 5 ao\u00fbt, apr\u00e8s la d\u00e9couverte du cadavre d&rsquo;un homme, lundi, <a href=\"https:\/\/www.franceinfo.fr\/faits-divers\/le-corps-d-un-homme-de-32-ans-egorge-et-eviscere-decouvert-par-une-promeneuse-dans-un-parc-pres-d-amiens_7417522.html\" rel=\"nofollow noopener\" target=\"_blank\">retrouv\u00e9 \u00e9gorg\u00e9 et \u00e9visc\u00e9r\u00e9<\/a> \u00e0 Pont-de-Metz, pr\u00e8s d&rsquo;Amiens (Somme), a appris franceinfo de source proche du dossier, confirmant <a href=\"https:\/\/www.leparisien.fr\/faits-divers\/corps-egorge-et-eviscere-dans-la-somme-un-suspect-place-en-garde-a-vue-05-08-2025-DFHE4U23EZHCTHNUZAGIIIFDWM.php\" target=\"_blank\" rel=\"noopener nofollow\">une information du <\/a><a href=\"https:\/\/www.leparisien.fr\/faits-divers\/corps-egorge-et-eviscere-dans-la-somme-un-suspect-place-en-garde-a-vue-05-08-2025-DFHE4U23EZHCTHNUZAGIIIFDWM.php\" target=\"_blank\" rel=\"noopener nofollow\">Parisien<\/a>. \u00a0<br \/>\u00a0<br \/>Lundi matin, le cadavre d&rsquo;un homme de 32 ans a \u00e9t\u00e9 retrouv\u00e9 sur une aire de sport par une promeneuse. La victime \u00e9tait en position de croix, comme mise en sc\u00e8ne. Elle pr\u00e9sentait des coups de couteau au niveau du cou et dans le dos. La police judiciaire est saisie de l&rsquo;enqu\u00eate. Une autopsie doit avoir lieu ce jour.\u00a0<\/p>\n<p class=\"related-tags__title\" role=\"heading\" aria-level=\"2\">les mots-cl\u00e9s associ\u00e9s \u00e0 cet article\n    <\/p>\n","protected":false},"excerpt":{"rendered":"Lundi matin, le cadavre d&rsquo;un homme de 32 ans a \u00e9t\u00e9 retrouv\u00e9 sur une aire de sport par&hellip;\n","protected":false},"author":2,"featured_media":297881,"comment_status":"","ping_status":"","sticky":false,"template":"","format":"standard","meta":{"footnotes":""},"categories":[1888],"tags":[1111,1928,11,1927,1777,674,1011,27,12,1926,626,1925,25],"class_list":{"0":"post-297880","1":"post","2":"type-post","3":"status-publish","4":"format-standard","5":"has-post-thumbnail","7":"category-paris","8":"tag-actu","9":"tag-actu-paris","10":"tag-actualites","11":"tag-actualites-paris","12":"tag-eu","13":"tag-europe","14":"tag-fr","15":"tag-france","16":"tag-news","17":"tag-news-paris","18":"tag-paris","19":"tag-paris-news","20":"tag-republique-francaise"},"share_on_mastodon":{"url":"https:\/\/pubeurope.com\/@fr\/114975768829205908","error":""},"_links":{"self":[{"href":"https:\/\/www.europesays.com\/fr\/wp-json\/wp\/v2\/posts\/297880","targetHints":{"allow":["GET"]}}],"collection":[{"href":"https:\/\/www.europesays.com\/fr\/wp-json\/wp\/v2\/posts"}],"about":[{"href":"https:\/\/www.europesays.com\/fr\/wp-json\/wp\/v2\/types\/post"}],"author":[{"embeddable":true,"href":"https:\/\/www.europesays.com\/fr\/wp-json\/wp\/v2\/users\/2"}],"replies":[{"embeddable":true,"href":"https:\/\/www.europesays.com\/fr\/wp-json\/wp\/v2\/comments?post=297880"}],"version-history":[{"count":0,"href":"https:\/\/www.europesays.com\/fr\/wp-json\/wp\/v2\/posts\/297880\/revisions"}],"wp:featuredmedia":[{"embeddable":true,"href":"https:\/\/www.europesays.com\/fr\/wp-json\/wp\/v2\/media\/297881"}],"wp:attachment":[{"href":"https:\/\/www.europesays.com\/fr\/wp-json\/wp\/v2\/media?parent=297880"}],"wp:term":[{"taxonomy":"category","embeddable":true,"href":"https:\/\/www.europesays.com\/fr\/wp-json\/wp\/v2\/categories?post=297880"},{"taxonomy":"post_tag","embeddable":true,"href":"https:\/\/www.europesays.com\/fr\/wp-json\/wp\/v2\/tags?post=297880"}],"curies":[{"name":"wp","href":"https:\/\/api.w.org\/{rel}","templated":true}]}}