{"id":297887,"date":"2025-08-05T10:52:10","date_gmt":"2025-08-05T10:52:10","guid":{"rendered":"https:\/\/www.europesays.com\/fr\/297887\/"},"modified":"2025-08-05T10:52:10","modified_gmt":"2025-08-05T10:52:10","slug":"la-russie-continue-davancer-et-revendique-la-conquete-dun-troisieme-village-dans-la-region-de-dnipropretrovsk","status":"publish","type":"post","link":"https:\/\/www.europesays.com\/fr\/297887\/","title":{"rendered":"la Russie continue d&rsquo;avancer et revendique la conqu\u00eate d&rsquo;un troisi\u00e8me village dans la r\u00e9gion de Dnipropretrovsk"},"content":{"rendered":"<p>Depuis le d\u00e9but du mois de juillet l&rsquo;arm\u00e9e russe continue son avanc\u00e9e dans la r\u00e9gion ukrainienne qui se situe au centre-est du pays.<\/p>\n<p>Une avanc\u00e9e strat\u00e9gique qui s&rsquo;amplifie jour apr\u00e8s jour. L&rsquo;arm\u00e9e russe a affirm\u00e9 ce mardi 5 ao\u00fbt avoir conquis un nouveau village dans la r\u00e9gion ukrainienne de <a href=\"https:\/\/www.bfmtv.com\/international\/asie\/russie\/video-guerre-en-ukraine-au-moins-25-morts-apres-des-bombardements-russes-sur-une-prison_VN-202507290407.html\" title=\"Guerre en Ukraine: au moins 25 morts apr\u00e8s des bombardements russes sur une prison\" class=\"internal_link\" rel=\"nofollow noopener\" target=\"_blank\">Dnipropetrovsk<\/a> (centre-est), atteinte r\u00e9cemment par ses troupes qui grignotent du terrain dans ce secteur.<\/p>\n<p>Dans un communiqu\u00e9, le minist\u00e8re russe de la D\u00e9fense a d\u00e9clar\u00e9 que des unit\u00e9s du groupement \u00ab\u00a0Est\u00a0\u00bb avaient \u00ab\u00a0lib\u00e9r\u00e9\u00a0\u00bb la localit\u00e9 de Sitchn\u00e9v\u00e9 (Ianvarsko\u00efe en russe) situ\u00e9e tout pr\u00e8s de la fronti\u00e8re avec la r\u00e9gion ukrainienne voisine de Donetsk.<\/p>\n<p>Il s&rsquo;agit du troisi\u00e8me village dont la conqu\u00eate est revendiqu\u00e9e par Moscou dans cette r\u00e9gion. Le 7 juillet, elles ont affirm\u00e9 y avoir conquis le village de Datchn\u00e9, puis le 26 juillet, celui de Mali\u00efvka.<\/p>\n<p>L&rsquo;Ukraine n&rsquo;a pour le moment pas r\u00e9agi \u00e0 cette revendication.<\/p>\n<p>Une situation diplomatique au point mort<\/p>\n<p>Bien que cibl\u00e9e par des attaques a\u00e9riennes depuis le d\u00e9but de l&rsquo;offensive \u00e0 grande \u00e9chelle contre l&rsquo;Ukraine en f\u00e9vrier 2022, la r\u00e9gion industrielle de Dnipropetrovsk \u00e9tait jusqu&rsquo;alors \u00e9pargn\u00e9e des combats qui font rage sur le front.<\/p>\n<p>Mais apr\u00e8s des mois d&rsquo;intenses affrontements, <a href=\"https:\/\/www.bfmtv.com\/international\/asie\/russie\/guerre-en-ukraine-l-armee-russe-annonce-attaquer-la-region-de-dnipropetrovsk-une-premiere-en-plus-de-trois-ans-de-conflit_AN-202506080151.html\" title=\"Guerre en Ukraine: l&#039;arm\u00e9e russe annonce attaquer la r\u00e9gion de Dnipropetrovsk, une premi\u00e8re en plus de trois ans de conflit\" class=\"internal_link\" rel=\"nofollow noopener\" target=\"_blank\">les troupes du Kremlin s&rsquo;en sont rapproch\u00e9es de plus en plus<\/a>, jusqu&rsquo;\u00e0 l&rsquo;atteindre.<\/p>\n<p>Les troupes ukrainiennes, moins nombreuses et moins bien \u00e9quip\u00e9es, sont toujours en difficult\u00e9 dans certains parties du front et reculent face \u00e0 l&rsquo;arm\u00e9e russe, alors que les n\u00e9gociations entre Kiev et Moscou pour trouver une issue diplomatique au conflit sont dans l&rsquo;impasse.<\/p>\n","protected":false},"excerpt":{"rendered":"Depuis le d\u00e9but du mois de juillet l&rsquo;arm\u00e9e russe continue son avanc\u00e9e dans la r\u00e9gion ukrainienne qui se&hellip;\n","protected":false},"author":2,"featured_media":297888,"comment_status":"","ping_status":"","sticky":false,"template":"","format":"standard","meta":{"footnotes":""},"categories":[1591],"tags":[11,1887,12,1885,1886,132],"class_list":{"0":"post-297887","1":"post","2":"type-post","3":"status-publish","4":"format-standard","5":"has-post-thumbnail","7":"category-russie","8":"tag-actualites","9":"tag-federation-de-russie","10":"tag-news","11":"tag-russia","12":"tag-russian-federation","13":"tag-russie"},"share_on_mastodon":{"url":"https:\/\/pubeurope.com\/@fr\/114975784635898450","error":""},"_links":{"self":[{"href":"https:\/\/www.europesays.com\/fr\/wp-json\/wp\/v2\/posts\/297887","targetHints":{"allow":["GET"]}}],"collection":[{"href":"https:\/\/www.europesays.com\/fr\/wp-json\/wp\/v2\/posts"}],"about":[{"href":"https:\/\/www.europesays.com\/fr\/wp-json\/wp\/v2\/types\/post"}],"author":[{"embeddable":true,"href":"https:\/\/www.europesays.com\/fr\/wp-json\/wp\/v2\/users\/2"}],"replies":[{"embeddable":true,"href":"https:\/\/www.europesays.com\/fr\/wp-json\/wp\/v2\/comments?post=297887"}],"version-history":[{"count":0,"href":"https:\/\/www.europesays.com\/fr\/wp-json\/wp\/v2\/posts\/297887\/revisions"}],"wp:featuredmedia":[{"embeddable":true,"href":"https:\/\/www.europesays.com\/fr\/wp-json\/wp\/v2\/media\/297888"}],"wp:attachment":[{"href":"https:\/\/www.europesays.com\/fr\/wp-json\/wp\/v2\/media?parent=297887"}],"wp:term":[{"taxonomy":"category","embeddable":true,"href":"https:\/\/www.europesays.com\/fr\/wp-json\/wp\/v2\/categories?post=297887"},{"taxonomy":"post_tag","embeddable":true,"href":"https:\/\/www.europesays.com\/fr\/wp-json\/wp\/v2\/tags?post=297887"}],"curies":[{"name":"wp","href":"https:\/\/api.w.org\/{rel}","templated":true}]}}