{"id":297905,"date":"2025-08-05T11:02:15","date_gmt":"2025-08-05T11:02:15","guid":{"rendered":"https:\/\/www.europesays.com\/fr\/297905\/"},"modified":"2025-08-05T11:02:15","modified_gmt":"2025-08-05T11:02:15","slug":"parcours-de-reve-pour-deux-jeunes-golfeurs-estriens","status":"publish","type":"post","link":"https:\/\/www.europesays.com\/fr\/297905\/","title":{"rendered":"Parcours de r\u00eave pour deux jeunes golfeurs estriens"},"content":{"rendered":"<p class=\"article-bodystyled__StyledText-sc-19uhgql-0 bGeyRM body-paragraph\">C\u2019est en \u00e9quipe qu\u2019ils ont remport\u00e9 la m\u00e9daille d\u2019argent \u00e0 Trois-Rivi\u00e8res. Tous deux entra\u00een\u00e9s par Thomas Ducharme, c\u2019\u00e9tait la premi\u00e8re fois qu\u2019ils partageaient le terrain. Leur victoire fait la fiert\u00e9 de leur mentor. <\/p>\n<p class=\"article-bodystyled__StyledText-sc-19uhgql-0 bGeyRM body-paragraph\">Arthur Brault, 13 ans, est originaire de Magog. Il a d\u00e9couvert le golf \u00e0 l\u2019\u00e2ge de six ans. \u00abMon p\u00e8re \u00e9tait en voyage d\u2019affaires et je suis all\u00e9 avec lui en Arizona. Il y avait un terrain de golf. J\u2019ai essay\u00e9, j\u2019ai ador\u00e9 et je n\u2019ai jamais arr\u00eat\u00e9.\u00bb<\/p>\n<p class=\"article-bodystyled__StyledText-sc-19uhgql-0 bGeyRM body-paragraph\">Pourtant, le golf est loin d\u2019\u00eatre une affaire de famille dans son cas. \u00abIl n\u2019y a personne dans ma famille qui joue au golf. Ce que j\u2019aime, c\u2019est la difficult\u00e9, les d\u00e9fis. Le gagnant, c\u2019est celui qui fait le moins d\u2019erreurs ou celui qui peut les surmonter.\u00bb<\/p>\n<p class=\"article-bodystyled__StyledText-sc-19uhgql-0 bGeyRM body-paragraph\">Arthur Brault poss\u00e8de d\u00e9j\u00e0 un riche parcours de comp\u00e9tition qui l\u2019a men\u00e9 du Qu\u00e9bec \u00e0 Miami. Dans la province, il se mesure d\u00e9j\u00e0 aux plus exp\u00e9riment\u00e9s. \u00abJ\u2019ai \u00e9t\u00e9 invit\u00e9 au championnat junior des 16-18 ans alors que j\u2019ai seulement 13 ans, j\u2019\u00e9tais vraiment fier.\u00bb<\/p>\n<p class=\"article-bodystyled__StyledText-sc-19uhgql-0 bGeyRM body-paragraph\">Lors des jeux du Qu\u00e9bec \u00e0 Trois-Rivi\u00e8res, il a remport\u00e9 une m\u00e9daille de bronze individuelle et une m\u00e9daille d\u2019argent pour un parcours en \u00e9quipe avec Zachary Patterson. \u00ab\u00c7a veut dire beaucoup pour moi. Mon grand-p\u00e8re a d\u00e9j\u00e0 \u00e9t\u00e9 directeur des Jeux du Qu\u00e9bec, il m\u2019a parl\u00e9 de l\u2019histoire et de l\u2019importance de ces jeux depuis le d\u00e9but. Donc, je suis tr\u00e8s fier de repr\u00e9senter l\u2019Estrie.\u00bb <\/p>\n<p class=\"article-bodystyled__StyledText-sc-19uhgql-0 bGeyRM body-paragraph\">D\u00e9termin\u00e9 \u00e0 continuer de cheminer dans son sport, il r\u00eave de prendre part au Masters un jour. <\/p>\n<p class=\"article-bodystyled__StyledText-sc-19uhgql-0 bGeyRM body-paragraph\">Zachary Patterson, 14 ans de Stanstead, a travaill\u00e9 en \u00e9quipe avec Arthur Brault pour d\u00e9crocher l\u2019argent. <\/p>\n<p class=\"article-bodystyled__StyledText-sc-19uhgql-0 bGeyRM body-paragraph\">Il a lui aussi commenc\u00e9 jouer \u00e0 six ans avec sa famille. \u00abQuand j\u2019avais sept ans, j\u2019ai commenc\u00e9 \u00e0 vraiment aimer le golf parce que mon p\u00e8re et ma s\u0153ur jouaient aussi et c\u2019\u00e9tait une activit\u00e9 que je pouvais faire avec eux.\u00bb<\/p>\n<p class=\"article-bodystyled__StyledText-sc-19uhgql-0 bGeyRM body-paragraph\">\u00c0 onze ans, ses parents l\u2019inscrivent \u00e0 un premier tournoi et il ne s\u2019est plus arr\u00eat\u00e9 depuis. Aux Jeux du Qu\u00e9bec, il a d\u00e9couvert non seulement un niveau \u00e9lev\u00e9 de comp\u00e9tition, mais il a aussi nou\u00e9 des amiti\u00e9s. \u00abC\u2019\u00e9tait une exp\u00e9rience merveilleuse. J\u2019ai ador\u00e9 jouer avec Arthur qui est un excellent partenaire.\u00bb Auparavant adversaires dans les comp\u00e9titions r\u00e9gionales, ils ont appris \u00e0 jouer ensemble pendant leur s\u00e9jour \u00e0 Trois-Rivi\u00e8res. <\/p>\n<p class=\"article-bodystyled__StyledText-sc-19uhgql-0 bGeyRM body-paragraph\">\u00abJ\u2019aime la comp\u00e9tition et \u00eatre dehors dans la nature, jouer sur de beaux terrains.\u00bb, raconte Zachary Patterson. Son int\u00e9r\u00eat \u00e0 d\u00e9couvrir de nouveaux parcours l\u2019incite \u00e0 voyager. <\/p>\n<p class=\"article-bodystyled__StyledText-sc-19uhgql-0 bGeyRM body-paragraph\">Il r\u00eave de prendre part au PGA Tour un jour. Mais d\u2019ici l\u00e0, il veut continuer de progresser dans son sport et souhaite participer de nouveau aux Jeux du Qu\u00e9bec dans deux ans. <\/p>\n<p><img decoding=\"async\" data-chromatic=\"ignore\" alt=\"Les golfeurs Arthur Brault et Zachary Patterson ont remport&#xE9; l'argent en &#xE9;quipe aux Jeux du Qu&#xE9;bec, faisant la fiert&#xE9; de leur entra&#xEE;neur Thomas Ducharme.\" class=\"c-image\" loading=\"lazy\" src=\"https:\/\/www.europesays.com\/fr\/wp-content\/uploads\/2025\/08\/YV6NN2MLVFGYNDRUEMGDNOM4RU.jpg\"  width=\"1200\" height=\"1600\"\/><\/p>\n<p class=\"image-metadata__MetadataParagraph-sc-1gfk7p2-0 cAaLKg image-metadata\">Les golfeurs Arthur Brault et Zachary Patterson ont remport\u00e9 l&rsquo;argent en \u00e9quipe aux Jeux du Qu\u00e9bec, faisant la fiert\u00e9 de leur entra\u00eeneur Thomas Ducharme. (Jeux du Qu\u00e9bec)<\/p>\n<p>Un entra\u00eeneur fier<\/p>\n<p class=\"article-bodystyled__StyledText-sc-19uhgql-0 bGeyRM body-paragraph\">L\u2019entra\u00eeneur des deux athl\u00e8tes, Thomas Ducharme, \u00e9tait lui-m\u00eame sur le terrain des Jeux du Qu\u00e9bec comme athl\u00e8te il y a deux ans. Aujourd\u2019hui \u00e2g\u00e9 de 19 ans, il est professionnel au club de golf Venise de Magog. <\/p>\n<p class=\"article-bodystyled__StyledText-sc-19uhgql-0 bGeyRM body-paragraph\">\u00abCe sont deux golfeurs avec un talent incroyable, des habilet\u00e9s comme on voit chez tr\u00e8s peu de jeunes. Ils avaient d\u00e9j\u00e0 le swing, on est all\u00e9 chercher une petite touche mentale et strat\u00e9gique cette semaine. Ils sont r\u00e9ceptifs et s\u2019ex\u00e9cutent parfaitement, c\u2019est beau de les voir aller.\u00bb<\/p>\n<p class=\"article-bodystyled__StyledText-sc-19uhgql-0 bGeyRM body-paragraph\">Selon Thomas Ducharme, \u00abils ont vraiment le potentiel d\u2019atteindre leurs r\u00eaves, \u00e7a va juste d\u00e9pendre des efforts qu\u2019ils vont y mettre.\u00bb<\/p>\n<p class=\"article-bodystyled__StyledText-sc-19uhgql-0 bGeyRM body-paragraph\">Il gardera en souvenir quelques moments forts cette ann\u00e9e: \u00abArthur avait besoin d\u2019un oiselet pour terminer la partie et faire le podium. Il l\u2019a fait parfaitement, c\u2019\u00e9tait vraiment un beau moment.\u00bb<\/p>\n<p class=\"article-bodystyled__StyledText-sc-19uhgql-0 bGeyRM body-paragraph\">Il ajoute que travailler \u00e0 deux quand on ne se conna\u00eet pas est un d\u00e9fi que Zachary et Arthur ont relev\u00e9 avec brio. \u00abIl y avait une belle chimie d\u2019\u00e9quipe, m\u00eame s\u2019ils se sont rencontr\u00e9s au d\u00e9but de la semaine.\u00bb<\/p>\n","protected":false},"excerpt":{"rendered":"C\u2019est en \u00e9quipe qu\u2019ils ont remport\u00e9 la m\u00e9daille d\u2019argent \u00e0 Trois-Rivi\u00e8res. Tous deux entra\u00een\u00e9s par Thomas Ducharme, c\u2019\u00e9tait&hellip;\n","protected":false},"author":2,"featured_media":297906,"comment_status":"","ping_status":"","sticky":false,"template":"","format":"standard","meta":{"footnotes":""},"categories":[1418],"tags":[43818,5708,1011,27,1472,43817,60,43816,43815],"class_list":{"0":"post-297905","1":"post","2":"type-post","3":"status-publish","4":"format-standard","5":"has-post-thumbnail","7":"category-golf","8":"tag-arthur-brault","9":"tag-club-de-golf-venise","10":"tag-fr","11":"tag-france","12":"tag-golf","13":"tag-jeux-du-quebec","14":"tag-sports","15":"tag-thomas-ducharme","16":"tag-zachary-patterson"},"share_on_mastodon":{"url":"https:\/\/pubeurope.com\/@fr\/114975823866162309","error":""},"_links":{"self":[{"href":"https:\/\/www.europesays.com\/fr\/wp-json\/wp\/v2\/posts\/297905","targetHints":{"allow":["GET"]}}],"collection":[{"href":"https:\/\/www.europesays.com\/fr\/wp-json\/wp\/v2\/posts"}],"about":[{"href":"https:\/\/www.europesays.com\/fr\/wp-json\/wp\/v2\/types\/post"}],"author":[{"embeddable":true,"href":"https:\/\/www.europesays.com\/fr\/wp-json\/wp\/v2\/users\/2"}],"replies":[{"embeddable":true,"href":"https:\/\/www.europesays.com\/fr\/wp-json\/wp\/v2\/comments?post=297905"}],"version-history":[{"count":0,"href":"https:\/\/www.europesays.com\/fr\/wp-json\/wp\/v2\/posts\/297905\/revisions"}],"wp:featuredmedia":[{"embeddable":true,"href":"https:\/\/www.europesays.com\/fr\/wp-json\/wp\/v2\/media\/297906"}],"wp:attachment":[{"href":"https:\/\/www.europesays.com\/fr\/wp-json\/wp\/v2\/media?parent=297905"}],"wp:term":[{"taxonomy":"category","embeddable":true,"href":"https:\/\/www.europesays.com\/fr\/wp-json\/wp\/v2\/categories?post=297905"},{"taxonomy":"post_tag","embeddable":true,"href":"https:\/\/www.europesays.com\/fr\/wp-json\/wp\/v2\/tags?post=297905"}],"curies":[{"name":"wp","href":"https:\/\/api.w.org\/{rel}","templated":true}]}}