{"id":297907,"date":"2025-08-05T11:04:10","date_gmt":"2025-08-05T11:04:10","guid":{"rendered":"https:\/\/www.europesays.com\/fr\/297907\/"},"modified":"2025-08-05T11:04:10","modified_gmt":"2025-08-05T11:04:10","slug":"la-coupe-du-monde-2027-attire-deja-les-foules-explications","status":"publish","type":"post","link":"https:\/\/www.europesays.com\/fr\/297907\/","title":{"rendered":"La Coupe du Monde 2027 attire d\u00e9j\u00e0 les foules ! Explications."},"content":{"rendered":"<p>L\u2019engouement autour de la Coupe du monde de rugby 2027 en Australie ne fait que commencer.<\/p>\n<p>Les 2 027 Superfan Pass, mis en vente ce mardi 5 ao\u00fbt \u00e0 14h (heure de Sydney), ont \u00e9t\u00e9 arrach\u00e9s en moins d\u2019une heure, confirmant l\u2019immense attente autour de l\u2019\u00e9v\u00e9nement souligne <a href=\"https:\/\/www.rugbypass.com\/fr\/news\/les-superfan-pass-pour-australie-2027-ecoules-en-quelques-minutes\/\" rel=\"nofollow noopener\" target=\"_blank\">Rugbypass.<\/a><\/p>\n<p>La ru\u00e9e sur les Superfan Pass a confirm\u00e9 ce que beaucoup pressentaient : <strong>l\u2019\u00e9dition australienne de la Coupe du monde s\u2019annonce comme l\u2019une des plus populaires de l\u2019histoire.<\/strong><\/p>\n<p>Cette premi\u00e8re vague de s\u00e9sames exclusifs a rapidement trouv\u00e9 preneur, marquant le coup d\u2019envoi symbolique d\u2019une longue course aux billets.<\/p>\n<p>Propos\u00e9s au tarif de 750 $AUD (environ 420 \u20ac), ces Pass ne comprennent pas de billets pour les matchs mais offrent \u00e0 leurs d\u00e9tenteurs un acc\u00e8s anticip\u00e9 \u00e0 la billetterie d\u00e8s f\u00e9vrier 2026, soit avant le grand public.<\/p>\n<p>Chaque Superfan pourra acheter jusqu\u2019\u00e0 4 places par match, dans la limite de 52 billets sur l\u2019ensemble de la comp\u00e9tition, y compris pour les moments les plus convoit\u00e9s : le match d\u2019ouverture et la finale.<\/p>\n<p><strong>Chris Stanley, directeur de Australie 2027, s\u2019est r\u00e9joui du lancement de ce nouveau dispositif. Extrait :<\/strong><\/p>\n<p>\u00ab Nous \u00e9tions heureux de lancer la semaine derni\u00e8re les Superfan Pass, une nouveaut\u00e9 enthousiasmante et une premi\u00e8re pour une Coupe du monde de rugby, pens\u00e9e directement en r\u00e9ponse \u00e0 ce que les fans nous r\u00e9clament depuis longtemps : le besoin de garanties et l\u2019envie de se pr\u00e9parer \u00e0 fond pour le tournoi \u00bb.<\/p>\n<p><strong>Le succ\u00e8s fulgurant de cette op\u00e9ration a m\u00eame d\u00e9pass\u00e9 les attentes des organisateurs explique t\u2019il. Extrait :<\/strong><\/p>\n<p>\u00ab Mais on ne s\u2019attendait clairement pas \u00e0 un tel engouement ! Voir tous les Pass partir en moins d\u2019une heure montre \u00e0 quel point les fans sont impatients de vivre la plus grande Coupe du monde jamais organis\u00e9e et cette c\u00e9l\u00e9bration unique du rugby en Australie. \u00bb<\/p>\n<p>Pas de panique pour ceux qui n\u2019ont pas r\u00e9ussi \u00e0 obtenir leur Pass : une nouvelle phase de vente ouvrira en f\u00e9vrier 2026. Cette fois, des billets individuels pour les 52 rencontres seront propos\u00e9s.<\/p>\n<p>Mais il y aura une condition pr\u00e9alable : s\u2019\u00eatre inscrit sur le site officiel (rugbyworldcup.com\/2027) avant fin janvier 2026.<\/p>\n","protected":false},"excerpt":{"rendered":"L\u2019engouement autour de la Coupe du monde de rugby 2027 en Australie ne fait que commencer. Les 2&hellip;\n","protected":false},"author":2,"featured_media":297908,"comment_status":"","ping_status":"","sticky":false,"template":"","format":"standard","meta":{"footnotes":""},"categories":[1416],"tags":[1011,27,479,1468,60],"class_list":{"0":"post-297907","1":"post","2":"type-post","3":"status-publish","4":"format-standard","5":"has-post-thumbnail","7":"category-rugby","8":"tag-fr","9":"tag-france","10":"tag-rugby","11":"tag-rugby-football","12":"tag-sports"},"share_on_mastodon":{"url":"https:\/\/pubeurope.com\/@fr\/114975831734896858","error":""},"_links":{"self":[{"href":"https:\/\/www.europesays.com\/fr\/wp-json\/wp\/v2\/posts\/297907","targetHints":{"allow":["GET"]}}],"collection":[{"href":"https:\/\/www.europesays.com\/fr\/wp-json\/wp\/v2\/posts"}],"about":[{"href":"https:\/\/www.europesays.com\/fr\/wp-json\/wp\/v2\/types\/post"}],"author":[{"embeddable":true,"href":"https:\/\/www.europesays.com\/fr\/wp-json\/wp\/v2\/users\/2"}],"replies":[{"embeddable":true,"href":"https:\/\/www.europesays.com\/fr\/wp-json\/wp\/v2\/comments?post=297907"}],"version-history":[{"count":0,"href":"https:\/\/www.europesays.com\/fr\/wp-json\/wp\/v2\/posts\/297907\/revisions"}],"wp:featuredmedia":[{"embeddable":true,"href":"https:\/\/www.europesays.com\/fr\/wp-json\/wp\/v2\/media\/297908"}],"wp:attachment":[{"href":"https:\/\/www.europesays.com\/fr\/wp-json\/wp\/v2\/media?parent=297907"}],"wp:term":[{"taxonomy":"category","embeddable":true,"href":"https:\/\/www.europesays.com\/fr\/wp-json\/wp\/v2\/categories?post=297907"},{"taxonomy":"post_tag","embeddable":true,"href":"https:\/\/www.europesays.com\/fr\/wp-json\/wp\/v2\/tags?post=297907"}],"curies":[{"name":"wp","href":"https:\/\/api.w.org\/{rel}","templated":true}]}}