{"id":297910,"date":"2025-08-05T11:07:19","date_gmt":"2025-08-05T11:07:19","guid":{"rendered":"https:\/\/www.europesays.com\/fr\/297910\/"},"modified":"2025-08-05T11:07:19","modified_gmt":"2025-08-05T11:07:19","slug":"moto-gp-voici-le-programme-tv-du-gp-de-grande-bretagne-2025","status":"publish","type":"post","link":"https:\/\/www.europesays.com\/fr\/297910\/","title":{"rendered":"Moto GP &#8211; Voici le programme TV du GP de Grande-Bretagne 2025"},"content":{"rendered":"<p itemprop=\"description\">Ici, vous retrouverez le programme TV complet pour le Grand Prix de Grande-Bretagne 2025 en MotoGP, Moto 2, Moto 3.<\/p>\n<p dir=\"auto\">C\u2019est le c\u0153ur l\u00e9ger que nous allons entamer ce nouveau week-end de course pour le <strong>Grand Prix de Grande-Bretagne sur le circuit de Silverstone<\/strong>. En effet, nous avons v\u00e9cu, il y a de cela deux semaines, <strong>un Grand Prix de France de folie<\/strong> sur le circuit Bugatti, au Mans. Nous avons vu le pilote fran\u00e7ais <strong>Johann Zarco s\u2019emparer de la premi\u00e8re position<\/strong> <a href=\"https:\/\/www.autoplus.fr\/actualite\/insolite\/fracture-jambe-course-motos-637434.html\" rel=\"nofollow noopener\" target=\"_blank\">lors de la course<\/a> le dimanche.<\/p>\n<p dir=\"auto\">Une course qui a \u00e9t\u00e9 <strong>l\u2019une des plus anim\u00e9es<\/strong> depuis un bon bout de temps en MotoGP. Des conditions changeantes, plusieurs changements de moto pour certains, chute de certains pilotes\u2026 C\u2019est le pilote fran\u00e7ais au guidon de sa Honda LCR qui a su d\u00e9jouer les pronostics en s\u2019imposant <strong>avec pr\u00e8s d\u2019une vingtaine de secondes d\u00a0\u00bbavance<\/strong> sur Marc Marquez et sa Ducati officielle !<\/p>\n<p dir=\"auto\">Si nous avons cru un instant que <a href=\"https:\/\/www.autoplus.fr\/actualite\/sport\/fabio-quartararo-toit-monde-540412.html\" target=\"_blank\" rel=\"noopener nofollow\"><strong>Fabio Quartararo<\/strong><\/a> allait remporter cette course en partant de la pole position, il est tomb\u00e9 dans le dernier virage du circuit lors de la course. Un virage qui a pi\u00e9g\u00e9 de nombreux pilotes ! Pour autant, c\u2019est bien pour Johann Zarco que la Marseillaise a retenti sur le podium de cette course en France,<strong> reprise en ch\u0153ur par tous les spectateurs pr\u00e9sents le dimanche !<\/strong> Un Fran\u00e7ais victorieux en cat\u00e9gorie reine <a href=\"https:\/\/www.autoplus.fr\/actualite\/quels-sont-les-modeles-encore-produit-en-france-1374629.html\" rel=\"nofollow noopener\" target=\"_blank\">en France<\/a>, <strong>cela n\u2019\u00e9tait pas arriv\u00e9 depuis 71 ans<\/strong> et la victoire de Pierre Monneret en 1954 !<\/p>\n<p dir=\"auto\">Arrivera-t-il \u00e0 r\u00e9it\u00e9rer cet exploit en Grande-Bretagne ? Rien n\u2019est moins s\u00fbr, tellement <a href=\"https:\/\/www.ducati.com\/fr\/fr\/home\" rel=\"nofollow noopener\" target=\"_blank\">les Ducati<\/a> semblent au-dessus du lot encore cette ann\u00e9e. Cependant, avec ce que nous avons vu en France, <strong>nous ne sommes pas \u00e0 l\u2019abri d\u2019une bonne surprise !<\/strong> Alors pour ne rien rater de ce nouveau week-end de course, voici le programme TV.<\/p>\n<p> <strong>Programme TV complet de Grande-Bretagne<\/strong> <\/p>\n<p><strong>Vendredi 23 mai 2025<\/strong><\/p>\n<ul>\n<li>Moto3 &#8211; Essais Libres 1 de<strong> 11 h \u00e0 11 h 35<\/strong> (Canal+ Sport 360)<\/li>\n<li>Moto2 &#8211; Essais Libres 1 de <strong>11 h 50 \u00e0 12 h 30<\/strong> (Canal+ Sport 360)<\/li>\n<li><strong>MotoGP<\/strong> &#8211; Essais Libres 1 de <strong>12 h 45 \u00e0 13 h 30<\/strong> (Canal+ Sport 360)<\/li>\n<li>Moto3 &#8211; Essais de<strong> 15 h 15 \u00e0 15 h 50<\/strong> (Canal+ Sport 360)<\/li>\n<li>Moto2 &#8211; Essais de <strong>16 h 05 \u00e0 16 h 45<\/strong> (Canal+ Sport 360)<\/li>\n<li><strong>MotoGP<\/strong> &#8211; Essais de <strong>17 h \u00e0 18 h<\/strong> (Canal+ Sport 360)<\/li>\n<\/ul>\n<p><strong>Samedi 24 mai 2025<\/strong><\/p>\n<ul>\n<li>Moto3 &#8211; Essais Libres 2 de <strong>10 h 40 \u00e0 11 h 10<\/strong> (Canal+ Sport 360)<\/li>\n<li>Moto2 &#8211; Essais Libres 2 de<strong> 11 h 25 \u00e0 11 h 55<\/strong> (Canal+ Sport 360)<\/li>\n<li><strong>MotoGP<\/strong> &#8211; Essais Libres 2 de <strong>12 h 10 \u00e0 12 h 40<\/strong> (Canal+ Sport 360)<\/li>\n<li><strong>MotoGP<\/strong> &#8211; Qualifications 1 de <strong>12 h 50 \u00e0 13 h 05<\/strong> (Canal+ Sport 360)<\/li>\n<li><strong>MotoGP<\/strong> &#8211; Qualifications 2 de <strong>13 h 15 \u00e0 13 h 30<\/strong> (Canal+ Sport 360)<\/li>\n<li>Moto3 &#8211; Qualifications 1 de <strong>14 h 50 \u00e0 15 h 05<\/strong> (Canal+ Sport 360)<\/li>\n<li>Moto3 &#8211; Qualifications 2 de <strong>15 h 15 \u00e0 15 h 30<\/strong> (Canal+ Sport 360)<\/li>\n<li>Moto2 &#8211; Qualifications 1 de <strong>15 h 45 \u00e0 16 h<\/strong> (Canal+ Sport 360)<\/li>\n<li>Moto2 &#8211; Qualifications 2 de <strong>16 h 10 \u00e0 16 h 25<\/strong> (Canal+ Sport 360)<\/li>\n<li><strong>MotoGP<\/strong> &#8211; Sprint \u00e0 <strong>17 h<\/strong> (10 tours) (Canal+ Sport 360)<\/li>\n<\/ul>\n<p><strong>Dimanche 25 mai 2025<\/strong><\/p>\n<ul>\n<li><strong>MotoGP<\/strong> &#8211; Warm Up de<strong> 10 h 40 \u00e0 10 h 50<\/strong> (Canal+ Sport 360)<\/li>\n<li>Moto2 &#8211; Course \u00e0<strong> 12 h 15<\/strong> (17 tours) (Canal+ Sport 360)<\/li>\n<li><strong>MotoGP<\/strong> &#8211; Course \u00e0<strong> 14 h<\/strong> (20 tours) (Canal+ Sport 360)<\/li>\n<li>Moto3 &#8211; Course \u00e0 <strong>15 h 30<\/strong> (15 tours) (Canal+ Sport 360)<\/li>\n<\/ul>\n","protected":false},"excerpt":{"rendered":"Ici, vous retrouverez le programme TV complet pour le Grand Prix de Grande-Bretagne 2025 en MotoGP, Moto 2,&hellip;\n","protected":false},"author":2,"featured_media":297911,"comment_status":"","ping_status":"","sticky":false,"template":"","format":"standard","meta":{"footnotes":""},"categories":[1413],"tags":[1011,27,1638,1457,1456,60],"class_list":{"0":"post-297910","1":"post","2":"type-post","3":"status-publish","4":"format-standard","5":"has-post-thumbnail","7":"category-moto","8":"tag-fr","9":"tag-france","10":"tag-has_diapo","11":"tag-moto","12":"tag-motocycle","13":"tag-sports"},"share_on_mastodon":{"url":"https:\/\/pubeurope.com\/@fr\/114975843620214641","error":""},"_links":{"self":[{"href":"https:\/\/www.europesays.com\/fr\/wp-json\/wp\/v2\/posts\/297910","targetHints":{"allow":["GET"]}}],"collection":[{"href":"https:\/\/www.europesays.com\/fr\/wp-json\/wp\/v2\/posts"}],"about":[{"href":"https:\/\/www.europesays.com\/fr\/wp-json\/wp\/v2\/types\/post"}],"author":[{"embeddable":true,"href":"https:\/\/www.europesays.com\/fr\/wp-json\/wp\/v2\/users\/2"}],"replies":[{"embeddable":true,"href":"https:\/\/www.europesays.com\/fr\/wp-json\/wp\/v2\/comments?post=297910"}],"version-history":[{"count":0,"href":"https:\/\/www.europesays.com\/fr\/wp-json\/wp\/v2\/posts\/297910\/revisions"}],"wp:featuredmedia":[{"embeddable":true,"href":"https:\/\/www.europesays.com\/fr\/wp-json\/wp\/v2\/media\/297911"}],"wp:attachment":[{"href":"https:\/\/www.europesays.com\/fr\/wp-json\/wp\/v2\/media?parent=297910"}],"wp:term":[{"taxonomy":"category","embeddable":true,"href":"https:\/\/www.europesays.com\/fr\/wp-json\/wp\/v2\/categories?post=297910"},{"taxonomy":"post_tag","embeddable":true,"href":"https:\/\/www.europesays.com\/fr\/wp-json\/wp\/v2\/tags?post=297910"}],"curies":[{"name":"wp","href":"https:\/\/api.w.org\/{rel}","templated":true}]}}