{"id":297912,"date":"2025-08-05T11:08:17","date_gmt":"2025-08-05T11:08:17","guid":{"rendered":"https:\/\/www.europesays.com\/fr\/297912\/"},"modified":"2025-08-05T11:08:17","modified_gmt":"2025-08-05T11:08:17","slug":"aston-martin-a-frappe-fort-a-budapest-sans-comprendre-comment","status":"publish","type":"post","link":"https:\/\/www.europesays.com\/fr\/297912\/","title":{"rendered":"Aston Martin a frapp\u00e9 fort \u00e0 Budapest sans comprendre comment"},"content":{"rendered":"<p>Apr\u00e8s les tr\u00e8s bonnes qualifications d&rsquo;<a href=\"https:\/\/fr.motorsport.com\/team\/aston-martin\/806\/\" target=\"_blank\" rel=\"noopener\">Aston Martin<\/a> sur la grille de d\u00e9part du Grand Prix de Hongrie, <a href=\"https:\/\/fr.motorsport.com\/driver\/fernando-alonso\/76096\/\" target=\"_blank\" rel=\"noopener\">Fernando Alonso<\/a> conservait le mince espoir de terminer la course comme l&rsquo;\u00e9quipe l&rsquo;avait commenc\u00e9e : dans le top 10. N\u00e9anmoins, l&rsquo;Espagnol ne s&rsquo;attendait pas \u00e0 ce que les deux AMR25 terminent dans les points, battant une <a href=\"https:\/\/fr.motorsport.com\/team\/red-bull\/553\/\" target=\"_blank\" rel=\"noopener\">Red Bull<\/a>, une <a href=\"https:\/\/fr.motorsport.com\/team\/mercedes\/611\/\" target=\"_blank\" rel=\"noopener\">Mercedes<\/a> et une <a href=\"https:\/\/fr.motorsport.com\/team\/ferrari\/615\/\" target=\"_blank\" rel=\"noopener\">Ferrari<\/a>.\u00a0<\/p>\n<p>Bien que les d\u00e9boires de <a href=\"https:\/\/fr.motorsport.com\/driver\/kimi-antonelli\/947765\/\" target=\"_blank\" rel=\"noopener\">Kimi Antonelli<\/a> et de <a href=\"https:\/\/fr.motorsport.com\/driver\/lewis-hamilton\/76878\/\" target=\"_blank\" rel=\"noopener\">Lewis Hamilton<\/a> lors des qualifications aient beaucoup jou\u00e9 dans leur mauvais r\u00e9sultat du dimanche au Hungaroring, et que Red Bull s&rsquo;est tir\u00e9 une balle dans le pied avec une strat\u00e9gie qui n&rsquo;a pas \u00e9t\u00e9 maximis\u00e9e, le fait est que Fernando Alonso et <a href=\"https:\/\/fr.motorsport.com\/driver\/lance-stroll\/96414\/\" target=\"_blank\" rel=\"noopener\">Lance Stroll<\/a> ont termin\u00e9 devant eux, cinqui\u00e8me et septi\u00e8me de la course, inscrivant 16 points d&rsquo;une traite pour leur \u00e9curie.\u00a0<\/p>\n<p>\u00ab\u00a0Je pense qu&rsquo;on ne pouvait pas faire mieux que \u00e7a\u00a0\u00bb, a d\u00e9clar\u00e9 le double champion du monde au sujet de sa course. \u00ab\u00a0On m&rsquo;a dit que les deux <a href=\"https:\/\/fr.motorsport.com\/team\/mclaren\/609\/\" target=\"_blank\" rel=\"noopener\">McLaren<\/a> \u00e9taient tr\u00e8s proches \u00e0 un moment, [le r\u00e9sultat] aurait \u00e9t\u00e9 encore mieux [si elles s&rsquo;\u00e9taient accroch\u00e9es], mais \u00e7a ne s&rsquo;est pas produit. Mais bon, en dehors de \u00e7a, je pense qu&rsquo;on a maximis\u00e9 la performance de la voiture hier en qualifs et aujourd&rsquo;hui en course.\u00a0\u00bb <\/p>\n<p>\u00ab\u00a0On ne pouvait pas faire grand-chose de plus. La plus grande menace, c&rsquo;\u00e9tait [Max] Verstappen qui faisait deux arr\u00eats, mais il a eu du trafic, et \u00e0 la fin, on \u00e9tait un peu plus tranquilles.\u00a0\u00bb<\/p>\n<blockquote>\n<p>Le bon c\u00f4t\u00e9, c&rsquo;est qu&rsquo;on \u00e9tait comp\u00e9titifs et rapides. Ce qui est plus inqui\u00e9tant, c&rsquo;est qu&rsquo;on ne sait pas pourquoi.<\/p>\n<\/blockquote>\n<p>   <img decoding=\"async\" draggable=\"false\" src=\"https:\/\/www.europesays.com\/fr\/wp-content\/uploads\/2025\/08\/1754392095_865_fernando-alonso-aston-martin-r.jpg\" alt=\"Fernando Alonso (Aston Martin).\" width=\"1200\" height=\"800\" loading=\"lazy\"\/> <\/p>\n<p class=\"title\">Fernando Alonso (Aston Martin).<\/p>\n<p class=\"photographer\">Photo de: James Sutton \/ Formula 1 \/ Formula Motorsport Ltd via Getty Images<\/p>\n<p>Cette solide performance est d&rsquo;autant plus surprenante quand on se rappelle qu&rsquo;une semaine plus t\u00f4t, les deux pilotes avaient conclu le Grand Prix de Belgique 14e et 17e apr\u00e8s avoir sign\u00e9 les deux derniers temps des qualifications. Mais alors, d&rsquo;o\u00f9 vient ce regain de performance ? Eh bien, c&rsquo;est l\u00e0 tout le probl\u00e8me, Aston Martin n&rsquo;en sait rien.\u00a0<\/p>\n<p>\u00ab\u00a0[Ce r\u00e9sultat] est une surprise, clairement, mais une belle surprise\u00a0\u00bb, a ajout\u00e9 Alonso. \u00ab\u00a0Le bon c\u00f4t\u00e9, c&rsquo;est qu&rsquo;on \u00e9tait comp\u00e9titifs et rapides. Ce qui est plus inqui\u00e9tant, c&rsquo;est qu&rsquo;on ne sait pas pourquoi. On va avoir besoin de cette semaine \u00e0 l&rsquo;usine pour analyser exactement quelles sont les diff\u00e9rences entre Spa et la Hongrie, ce qui a chang\u00e9 sur la voiture, les r\u00e9glages, les \u00e9l\u00e9ments a\u00e9ro qu&rsquo;on a utilis\u00e9s.\u00a0\u00bb<\/p>\n<p>Alors que le d\u00e9veloppement de sa monoplace \u00e9tait l&rsquo;une de ses grosses faiblesses, Aston Martin se montrant souvent incapable de faire fonctionner ses \u00e9volutions, l&rsquo;\u00e9curie semble avoir bien progress\u00e9 dans ce domaine. Que ce soit pour le nouveau plancher introduit \u00e0 Silverstone ou le nouvel aileron avant apport\u00e9 \u00e0 Spa, elle ne voit que du vert sur ses \u00e9crans.\u00a0<\/p>\n<p>\u00ab\u00a0Le principal changement pour nous [en Hongrie], c&rsquo;\u00e9tait l&rsquo;aileron avant, qui \u00e9tait nouveau ce week-end\u00a0\u00bb, a expliqu\u00e9 Alonso. \u00ab\u00a0Si cet aileron nous donne autant de performance, c&rsquo;est une tr\u00e8s bonne nouvelle, mais il faut encore le confirmer [&#8230;] Comme je l&rsquo;ai dit hier, le bon point, c&rsquo;est que tout ce qu&rsquo;on apporte en piste donne exactement ce que la soufflerie promettait. La corr\u00e9lation est tr\u00e8s bonne, donc quoi qu&rsquo;on monte sur la voiture un week-end donn\u00e9, on sait ce qu&rsquo;elle va produire.\u00a0\u00bb<\/p>\n<blockquote>\n<p>Je ne vais pas mentir, j&rsquo;\u00e9tais inquiet pour la deuxi\u00e8me partie de saison. On \u00e9tait un peu d\u00e9motiv\u00e9s.<\/p>\n<\/blockquote>\n<p>   <img decoding=\"async\" draggable=\"false\" src=\"https:\/\/www.europesays.com\/fr\/wp-content\/uploads\/2025\/08\/1754392097_98_fernando-alonso-aston-martin-r.jpg\" alt=\"Fernando Alonso avec Lawrence Stroll, PDG d'Aston Martin.\" width=\"1200\" height=\"800\" loading=\"lazy\"\/> <\/p>\n<p class=\"title\">Fernando Alonso avec Lawrence Stroll, PDG d&rsquo;Aston Martin.<\/p>\n<p class=\"photographer\">Photo de: Zak Mauger \/ LAT Images via Getty Images<\/p>\n<p>Alors que Fernando Alonso et Aston Martin cumulent six entr\u00e9es dans les points lors des sept derni\u00e8res courses, terminant notamment cette premi\u00e8re partie de saison de la meilleure des mani\u00e8res, l&rsquo;espoir rena\u00eet forc\u00e9ment au sein de l&rsquo;\u00e9quipe apr\u00e8s des premiers mois 2025 compliqu\u00e9s.<\/p>\n<p>\u00ab\u00a0Oui, clairement\u00a0\u00bb, a r\u00e9pondu le double champion du monde. \u00ab\u00a0C&rsquo;est un gros changement en une semaine, un grand tournant apr\u00e8s Spa. Je ne vais pas mentir, j&rsquo;\u00e9tais inquiet pour la deuxi\u00e8me partie de saison. On \u00e9tait un peu d\u00e9motiv\u00e9s, tout le monde dans l&rsquo;\u00e9quipe, et ces sept derniers jours ont tout chang\u00e9, \u00e0 180 degr\u00e9s. Maintenant, on a h\u00e2te de disputer les dix derni\u00e8res courses, m\u00eame si on a encore du travail pour comprendre pourquoi on a \u00e9t\u00e9 aussi comp\u00e9titifs ici.\u00a0\u00bb<\/p>\n<p style=\"text-align: right;\">Propos recueillis par Oleg Karpov<\/p>\n<p>Lire aussi :<\/p>\n<p>Dans cet article<\/p>\n<p>Soyez le premier inform\u00e9 et souscrivez aux alertes mails pour recevoir les infos en temps r\u00e9el<\/p>\n<p>    S&rsquo;abonner aux alertes de news<\/p>\n","protected":false},"excerpt":{"rendered":"Apr\u00e8s les tr\u00e8s bonnes qualifications d&rsquo;Aston Martin sur la grille de d\u00e9part du Grand Prix de Hongrie, Fernando&hellip;\n","protected":false},"author":2,"featured_media":297913,"comment_status":"","ping_status":"","sticky":false,"template":"","format":"standard","meta":{"footnotes":""},"categories":[1412],"tags":[1709,1451,1710,1452,1453,1454,1455,1011,27,21746,42060,2246,60],"class_list":{"0":"post-297912","1":"post","2":"type-post","3":"status-publish","4":"format-standard","5":"has-post-thumbnail","7":"category-f1","8":"tag-aston-martin","9":"tag-f1","10":"tag-fernando-alonso","11":"tag-formula-1","12":"tag-formula1","13":"tag-formule-1","14":"tag-formule1","15":"tag-fr","16":"tag-france","17":"tag-gp-de-hongrie","18":"tag-hungaroring","19":"tag-lance-stroll","20":"tag-sports"},"share_on_mastodon":{"url":"https:\/\/pubeurope.com\/@fr\/114975847631255163","error":""},"_links":{"self":[{"href":"https:\/\/www.europesays.com\/fr\/wp-json\/wp\/v2\/posts\/297912","targetHints":{"allow":["GET"]}}],"collection":[{"href":"https:\/\/www.europesays.com\/fr\/wp-json\/wp\/v2\/posts"}],"about":[{"href":"https:\/\/www.europesays.com\/fr\/wp-json\/wp\/v2\/types\/post"}],"author":[{"embeddable":true,"href":"https:\/\/www.europesays.com\/fr\/wp-json\/wp\/v2\/users\/2"}],"replies":[{"embeddable":true,"href":"https:\/\/www.europesays.com\/fr\/wp-json\/wp\/v2\/comments?post=297912"}],"version-history":[{"count":0,"href":"https:\/\/www.europesays.com\/fr\/wp-json\/wp\/v2\/posts\/297912\/revisions"}],"wp:featuredmedia":[{"embeddable":true,"href":"https:\/\/www.europesays.com\/fr\/wp-json\/wp\/v2\/media\/297913"}],"wp:attachment":[{"href":"https:\/\/www.europesays.com\/fr\/wp-json\/wp\/v2\/media?parent=297912"}],"wp:term":[{"taxonomy":"category","embeddable":true,"href":"https:\/\/www.europesays.com\/fr\/wp-json\/wp\/v2\/categories?post=297912"},{"taxonomy":"post_tag","embeddable":true,"href":"https:\/\/www.europesays.com\/fr\/wp-json\/wp\/v2\/tags?post=297912"}],"curies":[{"name":"wp","href":"https:\/\/api.w.org\/{rel}","templated":true}]}}