{"id":297918,"date":"2025-08-05T11:11:19","date_gmt":"2025-08-05T11:11:19","guid":{"rendered":"https:\/\/www.europesays.com\/fr\/297918\/"},"modified":"2025-08-05T11:11:19","modified_gmt":"2025-08-05T11:11:19","slug":"5-ans-apres-catherine-matausch-touchee-par-un-cancer-du-poumon-son-message-dutilite-publique","status":"publish","type":"post","link":"https:\/\/www.europesays.com\/fr\/297918\/","title":{"rendered":"\u00ab\u00a05 ans apr\u00e8s\u2026\u00a0\u00bb : Catherine Matausch touch\u00e9e par un cancer du poumon, son message d\u2019utilit\u00e9 publique"},"content":{"rendered":"<p>En pleine pand\u00e9mie de Covid\u201119, en 2020, <a href=\"https:\/\/www.closermag.fr\/people\/catherine-matausch-vraiment-pas-simple-elle-dit-tout-sur-sa-vie-amoureuse-3478519\" rel=\"nofollow noopener\" target=\"_blank\"><br \/>\nCatherine Matausch<\/a>, ancienne pr\u00e9sentatrice embl\u00e9matique des<br \/>\njournaux r\u00e9gionaux puis du Soir<br \/>\n3 sur France 3, affrontait un combat intime : un <a href=\"https:\/\/www.closermag.fr\/people\/catherine-matausch-cest-pendant-loperation-quil-decide-elle-leve-le-voile-sur-son-cancer-du-poumon-3478492\" rel=\"nofollow noopener\" target=\"_blank\"><br \/>\ncancer du poumon<\/a>. \u00c0 60 ans, elle \u00e9tait surprise par une fatigue<br \/>\ninexplicable et une toux persistante. Consid\u00e9r\u00e9e comme \u00ab\u00a0fragile des<br \/>\nbronches\u00a0\u00bb, elle passait un scanner\u2026 sans que rien n\u2019alerte le<br \/>\npremier m\u00e9decin.<\/p>\n<p>Mais la journaliste d\u00e9cidait d\u2019en consulter un autre. C\u2019est la<br \/>\npneumologue Dr. Evelyne Balloul qui d\u00e9tectait alors une<br \/>\n<strong data-start=\"506\" data-end=\"531\">petite tache<br \/>\nsuspecte<\/strong> sur l\u2019un de ses poumons. Plusieurs examens<br \/>\nconfirmant : il s\u2019agissait bien d\u2019un cancer. Rapidement, une<br \/>\nchirurgie avait \u00e9t\u00e9 d\u00e9cid\u00e9e \u2014 l\u2019ablation compl\u00e8te du lobe sup\u00e9rieur<br \/>\ndu poumon gauche \u2014 sans besoin de radioth\u00e9rapie ni <a href=\"https:\/\/www.closermag.fr\/royautes\/kate-middleton-a-lhopital-ses-propos-sur-la-chimiotherapie-en-disent-long-sur-ce-quelle-a-traverse-3509062\" rel=\"nofollow noopener\" target=\"_blank\"><br \/>\nchimioth\u00e9rapie<\/a>.<\/p>\n<p>\u00ab\u00a05 ans apr\u00e8s\u2026\u00a0\u00bb : Catherine Matausch touch\u00e9e par un cancer du<br \/>\npoumon, son message d\u2019utilit\u00e9 publique<\/p>\n<p><img loading=\"lazy\" decoding=\"async\" itemprop=\"thumbnailUrl\" class=\"alignnone size-full wp-image-3569233 img-responsive\" src=\"https:\/\/www.europesays.com\/fr\/wp-content\/uploads\/2025\/08\/9cb30af64a19e10c46a798467ab0f82349f337c68c9166822acd20fd71c07158.png\" alt=\"\" width=\"704\" height=\"575\"\/> \u00a9 Capture<br \/>\nFacebook<\/p>\n<p>\nAujourd\u2019hui, cinq ans apr\u00e8s l\u2019op\u00e9ration, Catherine Matausch se veut<br \/>\nrassurante : non seulement elle <strong data-start=\"91\" data-end=\"107\">va tr\u00e8s bien<\/strong>, mais elle ne souffre d\u2019aucune<br \/>\ns\u00e9quelle. Pas de traitements en cours. C&rsquo;est sur <a href=\"https:\/\/www.closermag.fr\/vecu\/des-ossements-humains-educatifs-vendus-sur-facebook-la-police-nen-revient-pas-3539367\" rel=\"nofollow noopener\" target=\"_blank\"><br \/>\nFacebook<\/a> qu&rsquo;elle a donn\u00e9 de ses nouvelles et qu&rsquo;elle a confi\u00e9<br \/>\nqu&rsquo;elle s\u2019attendait \u00e0 perdre beaucoup de souffle. Finalement ? Rien<br \/>\nn\u2019a chang\u00e9 dans son quotidien, si ce n\u2019est sa vigilance renouvel\u00e9e<br \/>\nface \u00e0 sa sant\u00e9.<br \/>\nLa journaliste se consid\u00e8re chanceuse : \u00ab\u00a0<strong>5 ans apr\u00e8s<br \/>\nmon cancer et mon op\u00e9ration \u00e0 l\u2019h\u00f4pital Foch de Suresnes je vais<br \/>\ntr\u00e8s bien.\u00a0\u00bb<\/strong><\/p>\n<p>\u00ab\u00a0Mon cancer a \u00e9t\u00e9 d\u00e9tect\u00e9 tr\u00e8s t\u00f4t gr\u00e2ce \u00e0 un scanner. Je<br \/>\nvous annonce un \u00e9v\u00e9nement dans la pr\u00e9vention de ce cancer qui se<br \/>\nd\u00e9veloppe beaucoup chez les femmes. En septembre vous pourrez<br \/>\nb\u00e9n\u00e9ficier d\u2019un d\u00e9pistage dans 4 r\u00e9gions pilotes puis partout en<br \/>\nFrance. C\u2019est le lancement du programme impulsion. J\u2019ai accept\u00e9 la<br \/>\nmission du collectif Ensemble nous poumons pour tenter de lever les<br \/>\npeurs et vous encourager \u00e0 faire ce scanner des poumons. C\u2019est une<br \/>\nchance.\u00a0\u00bb a-t-elle poursuivi.<\/p>\n<p>Catherine Matausch : pourquoi elle<br \/>\navait cach\u00e9 son cancer \u00e0 ses filles<\/p>\n<p>Catherine Matausch a choisi de taire son cancer \u00e0 ses filles<br \/>\npendant un temps, un silence dict\u00e9 par l\u2019amour et la protection<br \/>\nmaternelle. Consciente que l\u2019annonce d\u2019une telle maladie aurait<br \/>\nprovoqu\u00e9 une onde de choc \u00e9motionnelle chez ses enfants, elle a<br \/>\npr\u00e9f\u00e9r\u00e9 attendre. \u00ab\u00a0Je voulais leur dire le plus tard<br \/>\npossible.\u00a0 Mais effectivement, elles auraient<br \/>\nsouhait\u00e9 que je leur dise plus t\u00f4t. Mais \u00e7a, c\u2019est un peu mon<br \/>\ncaract\u00e8re. <strong>J\u2019affronte les choses seule\u00a0\u00bb<\/strong>,<br \/>\na-t-elle indiqu\u00e9, avant de pr\u00e9ciser chez <a href=\"https:\/\/www.closermag.fr\/people\/saute-par-la-fenetre-jordan-de-luxe-submerge-par-lemotion-son-temoignage-glacant-face-a-faustine-bollaert-3491127\" rel=\"nofollow noopener\" target=\"_blank\"><br \/>\nJordan de Luxe<\/a> : \u00ab\u00a0J\u2019ai d\u00fb leur dire un mois avant<br \/>\nl\u2019op\u00e9ration, ce n\u2019est pas bien grave.\u00a0\u00bb<\/p>\n","protected":false},"excerpt":{"rendered":"En pleine pand\u00e9mie de Covid\u201119, en 2020, Catherine Matausch, ancienne pr\u00e9sentatrice embl\u00e9matique des journaux r\u00e9gionaux puis du Soir&hellip;\n","protected":false},"author":2,"featured_media":297919,"comment_status":"","ping_status":"","sticky":false,"template":"","format":"standard","meta":{"footnotes":""},"categories":[1359],"tags":[548,43819,58,59,1011,27,973],"class_list":{"0":"post-297918","1":"post","2":"type-post","3":"status-publish","4":"format-standard","5":"has-post-thumbnail","7":"category-people","8":"tag-article-simple","9":"tag-catherine-matausch","10":"tag-divertissement","11":"tag-entertainment","12":"tag-fr","13":"tag-france","14":"tag-people"},"share_on_mastodon":{"url":"","error":""},"_links":{"self":[{"href":"https:\/\/www.europesays.com\/fr\/wp-json\/wp\/v2\/posts\/297918","targetHints":{"allow":["GET"]}}],"collection":[{"href":"https:\/\/www.europesays.com\/fr\/wp-json\/wp\/v2\/posts"}],"about":[{"href":"https:\/\/www.europesays.com\/fr\/wp-json\/wp\/v2\/types\/post"}],"author":[{"embeddable":true,"href":"https:\/\/www.europesays.com\/fr\/wp-json\/wp\/v2\/users\/2"}],"replies":[{"embeddable":true,"href":"https:\/\/www.europesays.com\/fr\/wp-json\/wp\/v2\/comments?post=297918"}],"version-history":[{"count":0,"href":"https:\/\/www.europesays.com\/fr\/wp-json\/wp\/v2\/posts\/297918\/revisions"}],"wp:featuredmedia":[{"embeddable":true,"href":"https:\/\/www.europesays.com\/fr\/wp-json\/wp\/v2\/media\/297919"}],"wp:attachment":[{"href":"https:\/\/www.europesays.com\/fr\/wp-json\/wp\/v2\/media?parent=297918"}],"wp:term":[{"taxonomy":"category","embeddable":true,"href":"https:\/\/www.europesays.com\/fr\/wp-json\/wp\/v2\/categories?post=297918"},{"taxonomy":"post_tag","embeddable":true,"href":"https:\/\/www.europesays.com\/fr\/wp-json\/wp\/v2\/tags?post=297918"}],"curies":[{"name":"wp","href":"https:\/\/api.w.org\/{rel}","templated":true}]}}