{"id":297920,"date":"2025-08-05T11:12:22","date_gmt":"2025-08-05T11:12:22","guid":{"rendered":"https:\/\/www.europesays.com\/fr\/297920\/"},"modified":"2025-08-05T11:12:22","modified_gmt":"2025-08-05T11:12:22","slug":"jungles-cimes-et-grands-fleuves-le-musee-dart-du-valais-tombe-les-murs","status":"publish","type":"post","link":"https:\/\/www.europesays.com\/fr\/297920\/","title":{"rendered":"Jungles, cimes et grands fleuves, le Mus\u00e9e d\u2019art du Valais tombe les murs"},"content":{"rendered":"<p>    R\u00e9sum\u00e9 en 20 secondes<\/p>\n<p>        En savoir plus sur ce type de contenu<\/p>\n<p>Ce r\u00e9sum\u00e9 peut avoir \u00e9t\u00e9 \u00e9crit avec l&rsquo;assistance d\u2019une IA g\u00e9n\u00e9rative. <a href=\"https:\/\/www.letemps.ch\/cyber\/l-usage-de-l-ia-generative-par-les-journalistes-du-temps\" target=\"_blank\" rel=\"noopener\">En savoir plus<\/a><\/p>\n<p class=\"article__abstract-call-to-action\" data-ariato=\"TrackableElement\" data-trackable-element-type=\"article_abstract_cta\" data-trackable-element-location=\"article_header\" data-trackable-element-id=\"502132\">\n        <a data-event=\"click-&gt;clicked\" href=\"https:\/\/www.letemps.ch\/abonnements\" target=\"_blank\" rel=\"noopener\">Abonnez-vous<\/a> pour acc\u00e9der au r\u00e9sum\u00e9 en 20 secondes.\n      <\/p>\n<p>Le Mus\u00e9e d\u2019art du Valais s\u2019\u00e9tend bien au-del\u00e0 des murs du ch\u00e2teau de la Vidomnat qui l\u2019abrite. Il plonge dans des bisses aux profondeurs insoup\u00e7onn\u00e9es, passe par-dessus les fleuves, les cimes, les mers jusqu\u2019aux fleuves d\u2019Afrique, et s\u2019\u00e9tend jusqu\u2019aux jungles tropicales du Guatemala. Le Mus\u00e9e d\u2019art du Valais s\u2019est envol\u00e9, le temps d\u2019une exposition, bien loin de la vieille ville de Sion: il explore des territoires, arpente les montagnes, les eaux, les for\u00eats, affronte des temp\u00eates, mais se prom\u00e8ne aussi entre les formes, les couleurs, les sons, les images et les techniques. Il ouvre des fen\u00eatres dans des dimensions multiples.<\/p>\n<p>Voici pourquoi le cycle d\u2019exposition inaugur\u00e9 au printemps 2025 pour presque une ann\u00e9e, s\u2019intitule Les Grands Espaces. Mani\u00e8re d\u2019annoncer que les d\u00e9couvertes seront riches et surprenantes; mani\u00e8re aussi de repousser les murs du ch\u00e2teau, o\u00f9 d\u00e9sormais, \u00e0 l\u2019heure de la cr\u00e9ation d\u2019un p\u00f4le mus\u00e9al \u00e0 travers la ville (Mus\u00e9e d\u2019histoire du Valais, Mus\u00e9e de la nature du Valais), l\u2019art, jadis plus vagabond, est d\u00e9sormais install\u00e9.\u00a0Et c\u2019est tout un monde que Laurence Schmidlin, la directrice et curatrice, a entrepris de recr\u00e9er dans son mus\u00e9e, m\u00ealant d\u00e9couvertes et red\u00e9couvertes des collections valaisannes.<\/p>\n","protected":false},"excerpt":{"rendered":"R\u00e9sum\u00e9 en 20 secondes En savoir plus sur ce type de contenu Ce r\u00e9sum\u00e9 peut avoir \u00e9t\u00e9 \u00e9crit&hellip;\n","protected":false},"author":2,"featured_media":297921,"comment_status":"","ping_status":"","sticky":false,"template":"","format":"standard","meta":{"footnotes":""},"categories":[1358],"tags":[1348,1384,1385,8981,1386,58,59,1011,27,14022,301],"class_list":{"0":"post-297920","1":"post","2":"type-post","3":"status-publish","4":"format-standard","5":"has-post-thumbnail","7":"category-arts-et-design","8":"tag-arts","9":"tag-arts-and-design","10":"tag-arts-et-design","11":"tag-arts-plastiques","12":"tag-design","13":"tag-divertissement","14":"tag-entertainment","15":"tag-fr","16":"tag-france","17":"tag-musees-et-expositions","18":"tag-premium"},"share_on_mastodon":{"url":"https:\/\/pubeurope.com\/@fr\/114975863292187945","error":""},"_links":{"self":[{"href":"https:\/\/www.europesays.com\/fr\/wp-json\/wp\/v2\/posts\/297920","targetHints":{"allow":["GET"]}}],"collection":[{"href":"https:\/\/www.europesays.com\/fr\/wp-json\/wp\/v2\/posts"}],"about":[{"href":"https:\/\/www.europesays.com\/fr\/wp-json\/wp\/v2\/types\/post"}],"author":[{"embeddable":true,"href":"https:\/\/www.europesays.com\/fr\/wp-json\/wp\/v2\/users\/2"}],"replies":[{"embeddable":true,"href":"https:\/\/www.europesays.com\/fr\/wp-json\/wp\/v2\/comments?post=297920"}],"version-history":[{"count":0,"href":"https:\/\/www.europesays.com\/fr\/wp-json\/wp\/v2\/posts\/297920\/revisions"}],"wp:featuredmedia":[{"embeddable":true,"href":"https:\/\/www.europesays.com\/fr\/wp-json\/wp\/v2\/media\/297921"}],"wp:attachment":[{"href":"https:\/\/www.europesays.com\/fr\/wp-json\/wp\/v2\/media?parent=297920"}],"wp:term":[{"taxonomy":"category","embeddable":true,"href":"https:\/\/www.europesays.com\/fr\/wp-json\/wp\/v2\/categories?post=297920"},{"taxonomy":"post_tag","embeddable":true,"href":"https:\/\/www.europesays.com\/fr\/wp-json\/wp\/v2\/tags?post=297920"}],"curies":[{"name":"wp","href":"https:\/\/api.w.org\/{rel}","templated":true}]}}