{"id":297924,"date":"2025-08-05T11:14:28","date_gmt":"2025-08-05T11:14:28","guid":{"rendered":"https:\/\/www.europesays.com\/fr\/297924\/"},"modified":"2025-08-05T11:14:28","modified_gmt":"2025-08-05T11:14:28","slug":"quel-impact-a-eu-la-nouvelle-numerotation-tnt-sur-les-chaines-dinfo-en-continu","status":"publish","type":"post","link":"https:\/\/www.europesays.com\/fr\/297924\/","title":{"rendered":"Quel impact a eu la nouvelle num\u00e9rotation TNT sur les cha\u00eenes d&rsquo;info en continu ?"},"content":{"rendered":"<p>Le 6 juin dernier,<a href=\"https:\/\/www.programme-tv.net\/news\/tv\/379043-nouvelle-numerotation-des-chaines-sur-la-tnt-la-liste-des-changements-a-partir-du-6-juin\/\" data-api-deeplink=\"teleloisirs:\/\/news\/379043\" rel=\"nofollow noopener\" target=\"_blank\"> la \u00ab\u00a0nouvelle TNT\u00a0\u00bb d\u00e9barquait sur nos \u00e9crans<\/a>. Avec elle, un bloc des quatre cha\u00eenes info regroup\u00e9es entre les canaux 13 et 16. Pour quel impact ? T\u00e9l\u00e9-Loisirs s&rsquo;est pench\u00e9 sur la question et a analys\u00e9 les audiences des cha\u00eenes d&rsquo;information en continu depuis ce changement de num\u00e9rotation. Alors, qui sont les gagnants et qui sont les perdants ?<\/p>\n<p>Bilan d&rsquo;audiences depuis le changement de num\u00e9rotation de la TNT : BFM TV bient\u00f4t d\u00e9pass\u00e9e par LCI ?<\/p>\n<p>Malgr\u00e9 une concurrence accrue depuis deux mois, CNews reste leader et a m\u00eame battu son record historique en juin, avec 3,6 % de part d&rsquo;audience. Stable depuis mai avec des scores autour de 2,9 % de PDA (mais en recul de 0,5 point sur un an), <b>BFM TV voit LCI se rapprocher.<\/b> En grimpant du rang 26 \u00e0 15, la cha\u00eene du Groupe TF1 affiche 2,3 % de PDA en juin (+ 0,5 point sur un mois) ! \u00ab\u00a0<b>On ne pensait pas atteindre ce score si vite<\/b>. La direction pense que l&rsquo;on pourrait rapidement d\u00e9passer BFM TV\u00a0\u00bb, se r\u00e9jouit une figure de l&rsquo;antenne. Il faut dire que la cha\u00eene rachet\u00e9e par Rodolphe Saad\u00e9 peine \u00e0 trouver son ton face \u00e0 la ligne \u00ab\u00a0conservatrice\u00a0\u00bb de CNews et celle \u00ab\u00a0internationale\u00a0\u00bb de LCI. Sans compter le d\u00e9part d&rsquo;une centaine de ses journalistes li\u00e9 \u00e0 une clause de cession et \u00e0<a href=\"https:\/\/www.programme-tv.net\/news\/tv\/382290-lea-salame-olivier-minne-faustine-bollaert-sur-quelles-chaines-retrouver-les-animateurs-a-la-rentree-apres-le-mercato-tele-photos\/\" data-api-deeplink=\"teleloisirs:\/\/news\/382290\" rel=\"nofollow noopener\" target=\"_blank\"> un mercato intense<\/a>. \u00c0 noter qu&rsquo;en queue de peloton, <b>Franceinfo n&rsquo;a pas \u00e0 rougir <\/b>avec un gain de 0,2 point de part d&rsquo;audience sur un mois, pour 1 % de PDA en juin.<\/p>\n<p>Face \u00e0 ces scores fr\u00e9missants, la rentr\u00e9e s&rsquo;annonce muscl\u00e9e. BFM TV pourra compter sur ses poids lourds (<a href=\"https:\/\/www.programme-tv.net\/biographie\/242579-switek-maxime\/\" data-link-people=\"ceb5f4ff-6502-4942-99f2-0b0035a9234a\" rel=\"nofollow noopener\" target=\"_blank\">Maxime Switek<\/a>, <a href=\"https:\/\/www.programme-tv.net\/biographie\/111463-marschall-alain\/\" data-link-people=\"1f22406b-bcb3-4651-895d-547b02a5d458\" rel=\"nofollow noopener\" target=\"_blank\">Alain Marschall<\/a>, <a href=\"https:\/\/www.programme-tv.net\/biographie\/214082-de-malherbe-apolline\/\" data-link-people=\"c52e2c01-7bf9-4cd9-a300-9cb4156acd32\" rel=\"nofollow noopener\" target=\"_blank\">Apolline de Malherbe<\/a>\u2026) et <a href=\"https:\/\/www.programme-tv.net\/news\/tv\/382521-apres-son-depart-de-m6-dominique-tenza-rejoint-une-nouvelle-chaine-a-la-rentree\/\" data-api-deeplink=\"teleloisirs:\/\/news\/382521\" rel=\"nofollow noopener\" target=\"_blank\">sur l&rsquo;arriv\u00e9e de Dominique Tenza<\/a> et <a href=\"https:\/\/www.programme-tv.net\/biographie\/27768-arnaud-julien\/\" data-link-people=\"6e99d37f-e5ca-4d63-95ae-6defbf7934fd\" rel=\"nofollow noopener\" target=\"_blank\">Julien Arnaud<\/a>. LCI a recrut\u00e9 <a href=\"https:\/\/www.programme-tv.net\/biographie\/171525-calvi-yves\/\" data-link-people=\"22f6387b-8b49-456b-a0d1-058fb4014cce\" rel=\"nofollow noopener\" target=\"_blank\">Yves Calvi<\/a> et <a href=\"https:\/\/www.programme-tv.net\/biographie\/232222-bouton-anais\/\" data-link-people=\"2717a061-fc9e-495a-9c55-f256b7ae2321\" rel=\"nofollow noopener\" target=\"_blank\">Ana\u00efs Bouton<\/a> (ex-Groupe M6), <a href=\"https:\/\/www.programme-tv.net\/news\/tv\/384471-xavier-de-moulins-se-livre-sur-le-depart-de-sa-femme-anais-bouton-pour-lci-je-ne-l-ai-jamais-consideree-comme-une-collegue\/\" data-api-deeplink=\"teleloisirs:\/\/news\/384471\" rel=\"nofollow noopener\" target=\"_blank\">la femme de Xavier de Moulins<\/a>. Franceinfo misera, elle, sur son nouveau matinalier, <a href=\"https:\/\/www.programme-tv.net\/biographie\/269117-larrouturou-paul\/\" data-link-people=\"c47c320b-bd1d-4d68-bdc0-656ba71b9ef1\" rel=\"nofollow noopener\" target=\"_blank\">Paul Larrouturou<\/a>. \u00c0 l&rsquo;inverse, pas de changements \u00e0 pr\u00e9voir sur CNews.<\/p>\n<p><b>Changements sur la TNT : q<\/b>uelle cha\u00eene d&rsquo;info en continu fait les meilleures audiences ?<\/p>\n<p>S&rsquo;il est difficile de comparer les audiences de mai et juin avec celles de juillet, p\u00e9riode de vacances oblige, l&rsquo;\u00e9quilibre se confirme malgr\u00e9 des chiffres logiquement en retrait avant la rentr\u00e9e de septembre. Ainsi, <b>CNews termine de nouveau en t\u00eate des cha\u00eenes d&rsquo;info en continu<\/b> avec 3,1 % de part d&rsquo;audience. <b>Elle \u00e9galise ainsi son record pour un mois de juille<\/b>t. En seconde position, BFM TV affiche 2,7 % de PDA, suivie par LCI qui r\u00e9alise le meilleur mois de juillet de son histoire avec 2 % du public. Soit un gain de 0,4 point sur un an ! Franceinfo ferme le ban avec 0,9 % de PDA contre 1 % en juin dernier.<\/p>\n","protected":false},"excerpt":{"rendered":"Le 6 juin dernier, la \u00ab\u00a0nouvelle TNT\u00a0\u00bb d\u00e9barquait sur nos \u00e9crans. Avec elle, un bloc des quatre cha\u00eenes&hellip;\n","protected":false},"author":2,"featured_media":297925,"comment_status":"","ping_status":"","sticky":false,"template":"","format":"standard","meta":{"footnotes":""},"categories":[1356],"tags":[2367,10831,9722,244,58,59,1011,27,12722,9109,252,3171,1364],"class_list":{"0":"post-297924","1":"post","2":"type-post","3":"status-publish","4":"format-standard","5":"has-post-thumbnail","7":"category-television","8":"tag-audiences","9":"tag-bfmtv","10":"tag-cnews","11":"tag-commentaire","12":"tag-divertissement","13":"tag-entertainment","14":"tag-fr","15":"tag-france","16":"tag-franceinfo","17":"tag-lci","18":"tag-television","19":"tag-tnt","20":"tag-tv"},"share_on_mastodon":{"url":"https:\/\/pubeurope.com\/@fr\/114975871216657737","error":""},"_links":{"self":[{"href":"https:\/\/www.europesays.com\/fr\/wp-json\/wp\/v2\/posts\/297924","targetHints":{"allow":["GET"]}}],"collection":[{"href":"https:\/\/www.europesays.com\/fr\/wp-json\/wp\/v2\/posts"}],"about":[{"href":"https:\/\/www.europesays.com\/fr\/wp-json\/wp\/v2\/types\/post"}],"author":[{"embeddable":true,"href":"https:\/\/www.europesays.com\/fr\/wp-json\/wp\/v2\/users\/2"}],"replies":[{"embeddable":true,"href":"https:\/\/www.europesays.com\/fr\/wp-json\/wp\/v2\/comments?post=297924"}],"version-history":[{"count":0,"href":"https:\/\/www.europesays.com\/fr\/wp-json\/wp\/v2\/posts\/297924\/revisions"}],"wp:featuredmedia":[{"embeddable":true,"href":"https:\/\/www.europesays.com\/fr\/wp-json\/wp\/v2\/media\/297925"}],"wp:attachment":[{"href":"https:\/\/www.europesays.com\/fr\/wp-json\/wp\/v2\/media?parent=297924"}],"wp:term":[{"taxonomy":"category","embeddable":true,"href":"https:\/\/www.europesays.com\/fr\/wp-json\/wp\/v2\/categories?post=297924"},{"taxonomy":"post_tag","embeddable":true,"href":"https:\/\/www.europesays.com\/fr\/wp-json\/wp\/v2\/tags?post=297924"}],"curies":[{"name":"wp","href":"https:\/\/api.w.org\/{rel}","templated":true}]}}