{"id":297926,"date":"2025-08-05T11:15:11","date_gmt":"2025-08-05T11:15:11","guid":{"rendered":"https:\/\/www.europesays.com\/fr\/297926\/"},"modified":"2025-08-05T11:15:11","modified_gmt":"2025-08-05T11:15:11","slug":"saluee-pour-son-rayonnement-dua-lipa-obtient-la-nationalite-kosovare","status":"publish","type":"post","link":"https:\/\/www.europesays.com\/fr\/297926\/","title":{"rendered":"Salu\u00e9e pour son rayonnement, Dua Lipa obtient la nationalit\u00e9 kosovare"},"content":{"rendered":"<p>L\u2019interpr\u00e8te de Houdini peut ajouter un nouveau passeport \u00e0 sa collection. Apr\u00e8s avoir obtenu la nationalit\u00e9 albanaise il y a trois ans, <a href=\"https:\/\/www.20minutes.fr\/arts-stars\/people\/4130170-20241221-dua-lipa-saluee-pairs-apres-performance-tete-affiche-glastonbury\" target=\"_blank\" class=\"color-ultramarine c-link\" rel=\"nofollow noopener\">Dua Lipa<\/a> se voit d\u00e9sormais d\u00e9cerner la citoyennet\u00e9 kosovare\u00a0: \u00ab\u00a0Je suis tellement reconnaissante d\u2019avoir obtenu la citoyennet\u00e9 kosovare de la part de notre pr\u00e9sidente\u00a0\u00bb, a-t-elle d\u00e9clar\u00e9 sur <a href=\"https:\/\/www.20minutes.fr\/high-tech\/instagram\/\" class=\"color-ultramarine c-link\" rel=\"nofollow noopener\" target=\"_blank\">Instagram<\/a>.<\/p>\n<\/p>\n<p>N\u00e9e \u00e0 Londres d\u2019une famille originaire du <a href=\"https:\/\/www.20minutes.fr\/monde\/kosovo\/\" class=\"color-ultramarine c-link\" rel=\"nofollow noopener\" target=\"_blank\">Kosovo<\/a>, contrainte \u00e0 fuir les Balkans pendant la guerre de Yougoslavie, la chanteuse vit un vrai retour aux sources. Si elle n\u2019y est pas n\u00e9e, elle y a v\u00e9cu pendant son adolescence et n\u2019a jamais cess\u00e9 de le mettre \u00e0 l\u2019honneur. \u00ab\u00a0Notre reconnaissance est infinie pour tout ce que Dua a fait \u2013 et continue de faire \u2013 pour le Kosovo, pour notre jeunesse, pour notre art et pour l\u2019image internationale de notre pays\u00a0\u00bb, a salu\u00e9 Vjosa Osmani, pr\u00e9sidente du pays.<\/p>\n<p class=\"mb-xxl@xs color-ultramarine font-weight-semi-bold@xs font-source-serif-pro heading-s@xs\">L\u2019acc\u00e8s \u00e0 ce contenu a \u00e9t\u00e9 bloqu\u00e9 afin de respecter votre choix de consentement<\/p>\n<p class=\"mb-m@xs text-l@xs\">En cliquant sur\u00ab J\u2019accepte \u00bb, vous acceptez le d\u00e9p\u00f4t de cookies par des services externes et aurez ainsi acc\u00e8s aux contenus de nos partenaires.<\/p>\n<p class=\"mb-xl@xs text-s@xs\">Plus d\u2019informations sur la page<a href=\"https:\/\/www.20minutes.fr\/gestion-cookies\" class=\"mx-xxs@xs color-ultramarine\" rel=\"nofollow noopener\" target=\"_blank\">Politique de gestion des cookies<\/a><\/p>\n<p>J\u2019accepteUne affaire de famille<\/p>\n<p>Histoire de marquer le coup, la chanteuse s\u2019est produite en concert dans le cadre du <a href=\"https:\/\/www.20minutes.fr\/dossier\/festival\" class=\"color-ultramarine c-link\" rel=\"nofollow noopener\" target=\"_blank\">festival<\/a> de musique Sunny Hill, \u00e0 Pristina. Un \u00e9v\u00e8nement qu\u2019elle a lanc\u00e9 en\u00a02018 avec son p\u00e8re Dukagjin Lipa, fondateur et membre du groupe de rock \u00ab\u00a0ODA\u00a0\u00bb, tr\u00e8s populaire au Kosovo.<\/p>\n<p>Aujourd\u2019hui, le festival est le plus important du pays. Cette nationalit\u00e9 honorifique salue l\u2019engagement et la contribution de la chanteuse dans le rayonnement culturel de son pays d\u2019origine.<\/p>\n","protected":false},"excerpt":{"rendered":"L\u2019interpr\u00e8te de Houdini peut ajouter un nouveau passeport \u00e0 sa collection. Apr\u00e8s avoir obtenu la nationalit\u00e9 albanaise il&hellip;\n","protected":false},"author":2,"featured_media":297927,"comment_status":"","ping_status":"","sticky":false,"template":"","format":"standard","meta":{"footnotes":""},"categories":[1355],"tags":[13307,251,58,59,1011,27,13306,4534,1361,873],"class_list":{"0":"post-297926","1":"post","2":"type-post","3":"status-publish","4":"format-standard","5":"has-post-thumbnail","7":"category-musique","8":"tag-balkans","9":"tag-culture","10":"tag-divertissement","11":"tag-entertainment","12":"tag-fr","13":"tag-france","14":"tag-kosovo","15":"tag-londres","16":"tag-music","17":"tag-musique"},"share_on_mastodon":{"url":"https:\/\/pubeurope.com\/@fr\/114975875115939799","error":""},"_links":{"self":[{"href":"https:\/\/www.europesays.com\/fr\/wp-json\/wp\/v2\/posts\/297926","targetHints":{"allow":["GET"]}}],"collection":[{"href":"https:\/\/www.europesays.com\/fr\/wp-json\/wp\/v2\/posts"}],"about":[{"href":"https:\/\/www.europesays.com\/fr\/wp-json\/wp\/v2\/types\/post"}],"author":[{"embeddable":true,"href":"https:\/\/www.europesays.com\/fr\/wp-json\/wp\/v2\/users\/2"}],"replies":[{"embeddable":true,"href":"https:\/\/www.europesays.com\/fr\/wp-json\/wp\/v2\/comments?post=297926"}],"version-history":[{"count":0,"href":"https:\/\/www.europesays.com\/fr\/wp-json\/wp\/v2\/posts\/297926\/revisions"}],"wp:featuredmedia":[{"embeddable":true,"href":"https:\/\/www.europesays.com\/fr\/wp-json\/wp\/v2\/media\/297927"}],"wp:attachment":[{"href":"https:\/\/www.europesays.com\/fr\/wp-json\/wp\/v2\/media?parent=297926"}],"wp:term":[{"taxonomy":"category","embeddable":true,"href":"https:\/\/www.europesays.com\/fr\/wp-json\/wp\/v2\/categories?post=297926"},{"taxonomy":"post_tag","embeddable":true,"href":"https:\/\/www.europesays.com\/fr\/wp-json\/wp\/v2\/tags?post=297926"}],"curies":[{"name":"wp","href":"https:\/\/api.w.org\/{rel}","templated":true}]}}