{"id":297943,"date":"2025-08-05T11:24:12","date_gmt":"2025-08-05T11:24:12","guid":{"rendered":"https:\/\/www.europesays.com\/fr\/297943\/"},"modified":"2025-08-05T11:24:12","modified_gmt":"2025-08-05T11:24:12","slug":"lue-suspend-ses-mesures-de-retorsion-apres-laccord-commercial-noue-avec-donald-trump","status":"publish","type":"post","link":"https:\/\/www.europesays.com\/fr\/297943\/","title":{"rendered":"l\u2019UE suspend ses mesures de r\u00e9torsion apr\u00e8s l\u2019accord commercial nou\u00e9 avec Donald Trump"},"content":{"rendered":"<p>La Commission europ\u00e9enne avait pr\u00e9par\u00e9 une liste de produits am\u00e9ricains \u00e0 taxer si les \u00c9tats-Unis ne trouvaient pas d\u2019accord avec le Vieux continent.<\/p>\n<p class=\"fig-paragraph\">Malgr\u00e9 les critiques sur\u00a0<a href=\"http:\/\/www.lefigaro.fr\/conjoncture\/accord-sur-les-droits-de-douane-quelles-consequences-pour-les-consommateurs-europeens-et-americains-20250729\" data-fig-type=\"NewsFlash\" data-gtm-custom-categorie=\"navigation\" data-gtm-custom-action=\"crossclick\" data-gtm-custom-label=\"Contextuel\" data-gtm-event=\"customEventSPE\" data-fig-domain=\"LEFIGARO\" rel=\"nofollow noopener\" target=\"_blank\">un accord jug\u00e9 d\u00e9cevant<\/a>, Bruxelles a annonc\u00e9 ce mardi 5 ao\u00fbt suspendre ses repr\u00e9sailles aux droits de douane de Donald Trump, en raison de l\u2019accord commercial nou\u00e9 entre les \u00c9tats-Unis et l\u2019Union europ\u00e9enne (UE). Au cours des derniers mois, la Commission avait pr\u00e9par\u00e9 une liste de produits am\u00e9ricains qui seraient tax\u00e9s si les \u00c9tats-Unis et l\u2019UE ne parvenaient pas \u00e0 un accord. Cette liste comprenait 93 milliards d\u2019euros de marchandises\u00a0: soja, avions, voitures&#8230;<\/p>\n<p class=\"fig-paragraph\">Apr\u00e8s des mois de n\u00e9gociations tr\u00e8s \u00e2pres, Bruxelles et Washington ont scell\u00e9 fin juillet un accord commercial bas\u00e9 sur des droits de douane de 15% sur les produits europ\u00e9ens qui arrivent aux \u00c9tats-Unis. \u00abLa Commission a adopt\u00e9 aujourd\u2019hui la proc\u00e9dure juridique n\u00e9cessaire pour suspendre la mise en \u0153uvre de nos contremesures europ\u00e9ennes\u00bb, a d\u00e9clar\u00e9 mardi un porte-parole de l\u2019ex\u00e9cutif europ\u00e9en, Olof Gill.<\/p>\n<p>                                    <a class=\"fig-a11y-skip a11y-hidden\" href=\"#fig-a11y-skip-main-inarticle\"><br \/>\n        Passer la publicit\u00e9<br \/>\n    <\/a><\/p>\n<p class=\"fig-paragraph\">L\u2019Union europ\u00e9enne n\u2019a toutefois pas exclu de r\u00e9activer ces mesures de riposte si jamais le bras de fer commercial avec l\u2019administration Trump venait \u00e0 conna\u00eetre de nouveaux rebondissements. \u00abNous remettons (ces mesures) au cong\u00e9lateur mais nous pouvons toujours les ressortir\u00bb, a expliqu\u00e9 un responsable europ\u00e9en sous couvert d\u2019anonymat.<\/p>\n","protected":false},"excerpt":{"rendered":"La Commission europ\u00e9enne avait pr\u00e9par\u00e9 une liste de produits am\u00e9ricains \u00e0 taxer si les \u00c9tats-Unis ne trouvaient pas&hellip;\n","protected":false},"author":2,"featured_media":297944,"comment_status":"","ping_status":"","sticky":false,"template":"","format":"standard","meta":{"footnotes":""},"categories":[2],"tags":[11,73,1011,27,1074,12,364],"class_list":{"0":"post-297943","1":"post","2":"type-post","3":"status-publish","4":"format-standard","5":"has-post-thumbnail","7":"category-actualites","8":"tag-actualites","9":"tag-etats-unis","10":"tag-fr","11":"tag-france","12":"tag-guerre-commerciale","13":"tag-news","14":"tag-union-europeenne"},"share_on_mastodon":{"url":"https:\/\/pubeurope.com\/@fr\/114975910363894476","error":""},"_links":{"self":[{"href":"https:\/\/www.europesays.com\/fr\/wp-json\/wp\/v2\/posts\/297943","targetHints":{"allow":["GET"]}}],"collection":[{"href":"https:\/\/www.europesays.com\/fr\/wp-json\/wp\/v2\/posts"}],"about":[{"href":"https:\/\/www.europesays.com\/fr\/wp-json\/wp\/v2\/types\/post"}],"author":[{"embeddable":true,"href":"https:\/\/www.europesays.com\/fr\/wp-json\/wp\/v2\/users\/2"}],"replies":[{"embeddable":true,"href":"https:\/\/www.europesays.com\/fr\/wp-json\/wp\/v2\/comments?post=297943"}],"version-history":[{"count":0,"href":"https:\/\/www.europesays.com\/fr\/wp-json\/wp\/v2\/posts\/297943\/revisions"}],"wp:featuredmedia":[{"embeddable":true,"href":"https:\/\/www.europesays.com\/fr\/wp-json\/wp\/v2\/media\/297944"}],"wp:attachment":[{"href":"https:\/\/www.europesays.com\/fr\/wp-json\/wp\/v2\/media?parent=297943"}],"wp:term":[{"taxonomy":"category","embeddable":true,"href":"https:\/\/www.europesays.com\/fr\/wp-json\/wp\/v2\/categories?post=297943"},{"taxonomy":"post_tag","embeddable":true,"href":"https:\/\/www.europesays.com\/fr\/wp-json\/wp\/v2\/tags?post=297943"}],"curies":[{"name":"wp","href":"https:\/\/api.w.org\/{rel}","templated":true}]}}