{"id":297949,"date":"2025-08-05T11:27:10","date_gmt":"2025-08-05T11:27:10","guid":{"rendered":"https:\/\/www.europesays.com\/fr\/297949\/"},"modified":"2025-08-05T11:27:10","modified_gmt":"2025-08-05T11:27:10","slug":"reseau-stan-de-nombreux-arrets-de-bus-vont-changer-de-nom-dans-le-grand-nancy-voici-la-liste","status":"publish","type":"post","link":"https:\/\/www.europesays.com\/fr\/297949\/","title":{"rendered":"R\u00e9seau Stan. De nombreux arr\u00eats de bus vont changer de nom dans le Grand Nancy : voici la liste"},"content":{"rendered":"<p>            Par<br \/>\n        <strong><br \/>\n            <a href=\"https:\/\/actu.fr\/auteur\/pierre-emile-bouchy-actu-fr\" title=\"Consulter tous les articles de Paul-Emile Bouchy\" rel=\"nofollow noopener\" target=\"_blank\">Paul-Emile Bouchy<\/a><br \/>\n        <\/strong><\/p>\n<p>        Publi\u00e9 le<\/p>\n<p>            5 ao\u00fbt 2025 \u00e0 12h44        <\/p>\n<p>Ce mois d\u2019ao\u00fbt est marqu\u00e9 par <a href=\"https:\/\/actu.fr\/societe\/reseau-stan-de-grands-changements-attendus-sur-plusieurs-lignes-dans-le-grand-nancy-ce-qu-il-faut-savoir_62816679.html\" rel=\"nofollow noopener\" target=\"_blank\">de grands changements sur le r\u00e9seau Stan<\/a> dans le Grand Nancy. Apr\u00e8s de <a href=\"https:\/\/actu.fr\/grand-est\/nancy_54395\/reseau-stan-les-prix-des-tickets-de-bus-vont-augmenter-au-1er-aout-2025-dans-le-grand-nancy_62800464.html\" rel=\"nofollow noopener\" target=\"_blank\">nouvelles tarifications<\/a> et <a href=\"https:\/\/actu.fr\/grand-est\/nancy_54395\/le-reseau-stan-bientot-gratuit-pour-les-65-ans-et-plus-dans-le-grand-nancy-voici-tout-ce-qu-il-faut-savoir_62804118.html\" rel=\"nofollow noopener\" target=\"_blank\">la gratuit\u00e9 pour les 65\u00a0ans et plus<\/a> depuis le 1\u1d49\u02b3 ao\u00fbt, <a href=\"https:\/\/actu.fr\/grand-est\/nancy_54395\/reseau-stan-parcours-horaires-ouverture-tout-ce-qu-il-faut-savoir-sur-la-future-ligne-5-a-nancy_62134194.html\" rel=\"nofollow noopener\" target=\"_blank\">une nouvelle ligne de bus \u00e0 haut niveau de service, la Tempo 5<\/a>, va \u00eatre inaugur\u00e9e <strong>lundi 25\u00a0ao\u00fbt 2025<\/strong>.<br \/>\u00c0 cette occasion, des \u00e9volutions vont avoir lieu sur l\u2019ensemble du r\u00e9seau de transports en commun dont <strong>de nouveaux noms pour de nombreux arr\u00eats<\/strong>.<\/p>\n<p>De nombreux changements dans le secteur de la gare de Nancy<\/p>\n<p class=\" wall-content\">Avec le trolleybus, les usagers ont d\u00fb s\u2019habituer aux <a href=\"https:\/\/actu.fr\/grand-est\/nancy_54395\/trolleybus-a-nancy-de-couvrez-les-nouveaux-noms-des-stations-de-la-ligne-1_62306471.html\" rel=\"nofollow noopener\" target=\"_blank\">nouveaux noms des stations de la ligne 1<\/a>. Fin ao\u00fbt, cela va concerner d\u2019autres lignes, notamment autour de la <a href=\"https:\/\/actu.fr\/tag\/gare-de-nancy\" rel=\"nofollow noopener\" target=\"_blank\">gare de Nancy<\/a>\u2009:<\/p>\n<ul class=\" wall-content\">\n<li>\u00ab\u2009Tour Thiers Gare\u2009\u00bb devient <strong>\u00ab\u2009Gare \u2013 Simone Veil\u2009\u00bb<\/strong> (Lignes T2, T3, T4, C2, 11 et 16)<\/li>\n<li>\u00ab\u2009Poirel\u2009\u00bb devient <strong>\u00ab\u2009Gare \u2013 Poirel\u2009\u00bb<\/strong> (Lignes T2, T3, T4, C1, 11, 15, 16, Citadine 1 et Pleine Lune)<\/li>\n<li>\u00ab\u2009Nancy Gare\u2009\u00bb devient <strong>\u00ab\u2009Gare \u2013 R\u00e9publique\u2009\u00bb<\/strong>, sur la place de la R\u00e9publique (Lignes 14Ex, 15, 18, 20, 21, 33, Citadine 1 et Flexo Soir\u00e9e)<\/li>\n<li>\u00ab\u2009Joffre Gare\u2009\u00bb devient <strong>\u00ab\u2009Gare \u2013 Joffre\u2009\u00bb<\/strong> (Lignes T3, 15 et Citadine 1)<\/li>\n<li>\u00ab\u2009Saint-L\u00e9on\u2009\u00bb, rue Raymond Poincar\u00e9 devient <strong>\u00ab\u2009Gare \u2013 Raymond Poincar\u00e9\u2009\u00bb<\/strong> (Lignes T3, T4, 11 et 16)<\/li>\n<li>\u00ab\u2009Saint-L\u00e9on\u2009\u00bb, avenue Foch devient <strong>\u00ab\u2009Gare \u2013 Saint-L\u00e9on\u2009\u00bb<\/strong>, \u00e0 proximit\u00e9 de la station \u00e9ponyme du trolleybus (Lignes T2, T3, T4, C1, 11 et 16)<\/li>\n<\/ul>\n<p>Les arr\u00eats de bus qui changent de nom \u00e0 Nancy<\/p>\n<p class=\" wall-content\">Dans le reste de Nancy, les arr\u00eats suivants vont avoir une nouvelle d\u00e9nomination\u2009:<\/p>\n<ul class=\" wall-content\">\n<li>\u00ab\u2009Poincar\u00e9\u2009\u00bb devient <strong>\u00ab\u2009B\u00e9gonias\u2009\u00bb<\/strong> (Lignes T3, T4, 11 et 16)<\/li>\n<li>\u00ab\u2009Baron Louis\u2009\u00bb et \u00ab\u2009Haut Bourgeois\u2009\u00bb deviennent <strong>\u00ab\u2009Cours L\u00e9opold\u2009\u00bb<\/strong> (Lignes T5, 10, 12, 13, 16, 62 et R\u00e9sago 1)<\/li>\n<li>\u00ab\u2009Garenne\u2009\u00bb devient <strong>\u00ab\u2009Garenne \u2013 Saurupt\u2009\u00bb<\/strong> (Lignes T4, T5, 14Ex, 33 et Pleine Lune)<\/li>\n<li>\u00ab\u2009Parc de Saurupt\u2009\u00bb devient <strong>\u00ab\u2009Jean Jaur\u00e8s\u2009\u00bb,<\/strong> \u00e0 proximit\u00e9 de la station \u00e9ponyme du trolleybus (Lignes T4, T5, 14Ex et Pleine Lune)<\/li>\n<li>\u00ab\u2009Jeanne d\u2019Arc\u2009\u00bb devient <strong>\u00ab\u2009Gabriel Mouilleron\u2009\u00bb<\/strong>, en raison du doublon avec Jeanne d\u2019Arc du T4 (Ligne 18)<\/li>\n<li>\u00ab\u2009Kl\u00e9ber\u2009\u00bb, rue Gabriel Mouilleron et \u00ab\u2009Dupont des Loges\u2009\u00bb, rue de Mon D\u00e9sert deviennent <strong>\u00ab\u2009Parc Sainte-Marie\u2009\u00bb<\/strong> (Ligne 18)<\/li>\n<li>\u00ab\u2009Jean Lamour\u2009\u00bb devient <strong>\u00ab\u2009Coll\u00e8ge Jean Lamour\u2009\u00bb<\/strong> (Lignes T2 et 32)<\/li>\n<li>\u00ab\u2009Gebhart\u2009\u00bb devient <strong>\u00ab\u2009ARTEM \u2013 Gebhart\u2009\u00bb<\/strong> (Ligne 11)<\/li>\n<li>\u00ab\u2009Sivry\u2009\u00bb devient <strong>\u00ab\u2009ARTEM \u2013 Vauban\u2009\u00bb<\/strong> (Ligne 11)<\/li>\n<\/ul>\n<p>Les changements de nom dans la m\u00e9tropole du Grand Nancy<\/p>\n<p class=\" wall-content\">Dans le reste de l\u2019agglom\u00e9ration, plusieurs arr\u00eats vont aussi \u00e9voluer\u2009:<\/p>\n<ul class=\" wall-content\">\n<li><strong>Sur Malz\u00e9ville\u2009:<\/strong><br \/>\u2013 \u00ab\u2009Malz\u00e9ville Stade\u2009\u00bb, rue de l\u2019Embanie, devient \u00ab\u2009Gustave Nordon\u2009\u00bb car ce n\u2019est plus l\u2019arr\u00eat du sens retour (Ligne 12)<br \/>\u2013 \u00ab\u2009Verlaine\u2009\u00bb devient \u00ab\u2009Coll\u00e8ge Paul Verlaine\u2009\u00bb (Ligne 16, 51, 52 et 65)<\/li>\n<li><strong>Sur Ludres\u2009:<\/strong><br \/>\u2013 \u00ab\u2009\u00c9coles\u2009\u00bb devient \u00ab\u2009Ludres \u00c9coles\u2009\u00bb (Lignes 14Ex, 17 et 50)<br \/>\u2013 \u00ab\u2009Coll\u00e8ge Monod\u2009\u00bb devient \u00ab\u2009Coll\u00e8ge Jacques Monod\u2009\u00bb (Lignes 14Ex, 17, 50 et 67)<\/li>\n<li><strong>Sur Tomblaine\u2009:<\/strong><br \/>\u2013 \u00ab\u2009Jean Jaur\u00e8s\u2009\u00bb, \u00e0 Tomblaine, devient \u00ab\u2009Rive Droite \u2013 M\u00e9chelle\u2009\u00bb, en raison du doublon avec l\u2019arr\u00eat Jean Jaur\u00e8s du trolleybus (Lignes 15, 20, 59 et 60)<\/li>\n<li><strong>Sur Vand\u0153uvre-l\u00e8s-Nancy\u2009:<\/strong><br \/>\u2013 \u00ab\u2009V\u00e9lodrome\u2009\u00bb devient \u00ab\u2009V\u00e9lodrome \u2013 Callot\u2009\u00bb (Lignes T5, C1, C2, 17, 23, 30, 57, 66, Citadine 2 et Pleine Lune)<br \/>\u2013 \u00ab\u2009Haut de Penoy\u2009\u00bb devient \u00ab\u2009Coll\u00e8ge Simone de Beauvoir\u2009\u00bb (Lignes T5, 17 et 57)<br \/>\u2013 \u00ab\u2009Saint-Fran\u00e7ois d\u2019Assise\u2009\u00bb, avenue des Acacias devient \u00ab\u2009Acacias\u2009\u00bb (Lignes Corol C1, C2 et 57) et un nouvel arr\u00eat \u00ab\u2009Acacias\u2009\u00bb sur la ligne 11, rue du 8\u00e8me R\u00e9giment d\u2019Artillerie (Ligne 11)<br \/>\u2013 \u00ab\u2009Campus Brabois \u2013 \u00c9coles d\u2019Ing\u00e9nieurs\u2009\u00bb devient \u00ab\u2009Campus INPL\u2009\u00bb (Ligne 18 et R\u00e9sago 2)<br \/>\u2013 \u00ab\u2009Brabois H\u00f4pital\u2009\u00bb devient \u00ab\u2009Brabois \u2013 H\u00f4pitaux\u2009\u00bb, en coh\u00e9rence avec la station du trolleybus (Ligne 18)<br \/>\u2013 \u00ab\u2009Vand\u0153uvre Roberval\u2009\u00bb devient \u00ab\u2009Vand\u0153uvre Palissy\u2009\u00bb afin d\u2019\u00e9viter un doublon avec la ligne Tempo 5 (Citadine 2)<\/li>\n<li><strong>Sur Villers-l\u00e8s-Nancy\u2009:<\/strong><br \/>\u2013 \u00ab\u2009Villers G. Chepfer\u2009\u00bb devient \u00ab\u2009Coll\u00e8ge George Chepfer\u2009\u00bb (Lignes 16, 51 et 52)<\/li>\n<li><strong>Sur Dommartemont\/Essey-l\u00e8s-Nancy\u2009:<\/strong><br \/>\u2013 \u00ab\u2009Acacias\u2009\u00bb devient \u00ab\u2009All\u00e9e des Pins\u2009\u00bb (R\u00e9sago 3) afin d\u2019\u00e9viter le doublon avec l\u2019arr\u00eat \u00ab\u2009Acacias\u2009\u00bb (lignes Corol et 11)<\/li>\n<\/ul>\n<p class=\" wall-content\">Pour plus d\u2019informations sur le nouveau plan du r\u00e9seau Stan, vous pouvez consulter <a href=\"https:\/\/www.reseau-stan.com\/le-reseau-stan\/stan-et-vous\/actualites\/reseau-aout-2025\" rel=\"nofollow noopener\" target=\"_blank\">ce lien<\/a>.<\/p>\n<p class=\" wall-content\">Suivez toute l\u2019actualit\u00e9 de vos villes et m\u00e9dias favoris en vous inscrivant \u00e0 <a href=\"https:\/\/moncompte.actu.fr\" title=\"D\u00e9couvez Mon Actu\" rel=\"nofollow noopener\" data-trk=\"{&quot;cta&quot;:{&quot;action&quot;:&quot;https:\\\/\\\/moncompte.actu.fr&quot;,&quot;category&quot;:&quot;mon compte&quot;,&quot;from&quot;:&quot;article footer&quot;,&quot;name&quot;:&quot;Mon actu&quot;,&quot;type&quot;:&quot;cta&quot;}}\" target=\"_blank\">Mon Actu<\/a>.<\/p>\n","protected":false},"excerpt":{"rendered":"Par Paul-Emile Bouchy Publi\u00e9 le 5 ao\u00fbt 2025 \u00e0 12h44 Ce mois d\u2019ao\u00fbt est marqu\u00e9 par de grands&hellip;\n","protected":false},"author":2,"featured_media":297950,"comment_status":"","ping_status":"","sticky":false,"template":"","format":"standard","meta":{"footnotes":""},"categories":[9635],"tags":[1111,11,1777,674,1011,27,775,1702,12,25,9849,104,2803],"class_list":{"0":"post-297949","1":"post","2":"type-post","3":"status-publish","4":"format-standard","5":"has-post-thumbnail","7":"category-nancy","8":"tag-actu","9":"tag-actualites","10":"tag-eu","11":"tag-europe","12":"tag-fr","13":"tag-france","14":"tag-grand-est","15":"tag-nancy","16":"tag-news","17":"tag-republique-francaise","18":"tag-reseau-stan","19":"tag-societe","20":"tag-transport"},"share_on_mastodon":{"url":"https:\/\/pubeurope.com\/@fr\/114975922217756679","error":""},"_links":{"self":[{"href":"https:\/\/www.europesays.com\/fr\/wp-json\/wp\/v2\/posts\/297949","targetHints":{"allow":["GET"]}}],"collection":[{"href":"https:\/\/www.europesays.com\/fr\/wp-json\/wp\/v2\/posts"}],"about":[{"href":"https:\/\/www.europesays.com\/fr\/wp-json\/wp\/v2\/types\/post"}],"author":[{"embeddable":true,"href":"https:\/\/www.europesays.com\/fr\/wp-json\/wp\/v2\/users\/2"}],"replies":[{"embeddable":true,"href":"https:\/\/www.europesays.com\/fr\/wp-json\/wp\/v2\/comments?post=297949"}],"version-history":[{"count":0,"href":"https:\/\/www.europesays.com\/fr\/wp-json\/wp\/v2\/posts\/297949\/revisions"}],"wp:featuredmedia":[{"embeddable":true,"href":"https:\/\/www.europesays.com\/fr\/wp-json\/wp\/v2\/media\/297950"}],"wp:attachment":[{"href":"https:\/\/www.europesays.com\/fr\/wp-json\/wp\/v2\/media?parent=297949"}],"wp:term":[{"taxonomy":"category","embeddable":true,"href":"https:\/\/www.europesays.com\/fr\/wp-json\/wp\/v2\/categories?post=297949"},{"taxonomy":"post_tag","embeddable":true,"href":"https:\/\/www.europesays.com\/fr\/wp-json\/wp\/v2\/tags?post=297949"}],"curies":[{"name":"wp","href":"https:\/\/api.w.org\/{rel}","templated":true}]}}