{"id":297951,"date":"2025-08-05T11:28:22","date_gmt":"2025-08-05T11:28:22","guid":{"rendered":"https:\/\/www.europesays.com\/fr\/297951\/"},"modified":"2025-08-05T11:28:22","modified_gmt":"2025-08-05T11:28:22","slug":"meurthe-et-moselle-la-cristallerie-de-baccarat-prisee-des-grands-de-ce-monde","status":"publish","type":"post","link":"https:\/\/www.europesays.com\/fr\/297951\/","title":{"rendered":"Meurthe-et-Moselle. La Cristallerie de Baccarat, pris\u00e9e des \u00ab\u00a0grands\u00a0\u00bb de ce monde"},"content":{"rendered":"<p>Petit flash-back. 1764, un collectif verrier se cr\u00e9e \u00e0 Baccarat. En 1816, mise au point du cristal, \u00ab\u00a0mati\u00e8re magique \u00e0 la puret\u00e9 in\u00e9gal\u00e9e.\u00a0\u00bb<\/p>\n<p>La maison Baccarat na\u00eet donc en 1764. Et en 1839, nouvelle cr\u00e9ation\u00a0: le cristal rouge \u00e0 l\u2019or. Visionnaire, l\u2019entreprise ouvre d\u00e8s 1832 une boutique \u00e0 Paris, rue de Paradis, qu\u2019elle n\u2019abandonnera qu\u2019en 2003 avec l\u2019ouverture de la maison Baccarat, place des \u00c9tats-Unis, \u00ab\u00a0la premi\u00e8re exp\u00e9rience de luxe globale\u00a0\u00bb avec un restaurant, dans l\u2019ancien h\u00f4tel particulier de Marie-Laure de Noailles.<\/p>\n<p>  Des artisans d\u2019art<\/p>\n<p><a href=\"https:\/\/www.estrepublicain.fr\/culture-loisirs\/2023\/10\/04\/pres-de-700-oeuvres-exposees-dans-la-collection-baccarat\" target=\"_blank\" rel=\"noopener\">Dans la collection Baccarat,<\/a> situ\u00e9e pr\u00e8s de la Meurthe, <a href=\"https:\/\/www.estrepublicain.fr\/culture-loisirs\/2025\/01\/31\/les-meilleurs-ouvriers-de-france-ont-visite-la-collection-baccarat\" target=\"_blank\" rel=\"noopener\">le talent des artisans<\/a> tailleurs, graveurs, doreuses, \u00e9mailleuses, quelques-uns des 50 m\u00e9tiers li\u00e9s \u00e0 la cr\u00e9ation dans cette manufacture, est mis en valeur. Notamment avec le mur de taille o\u00f9 les motifs sont reproduits en format XXL et en creux que l\u2019on peut toucher. Les plus anciennes pi\u00e8ces pr\u00e9sent\u00e9es sont des verres du service du roi Charles X en 1828. Pr\u00e9sent\u00e9s \u00e0 c\u00f4t\u00e9 des \u00ab\u00a0bijoux d\u2019int\u00e9rieur\u00a0\u00bb, comme on appelle ici les luminaires.<\/p>\n<p>La table des grands attire d\u2019office le regard, avec sa nappe blanche, les portraits de \u00ab\u00a0grands de ce monde\u00a0\u00bb dans des cadres Baccarat. Et sous cloche, les verres qu\u2019ils ont command\u00e9s. Ceux du tsar Nicolas II, de l\u2019Empereur du Japon, de la famille de Monaco, ceux de l\u2019\u00c9lys\u00e9e, \u00e0 la demande du pr\u00e9sident \u00c9mile Loubet en 1899, et qui sont toujours pr\u00e9sents lors de certains des repas d\u2019\u00c9tat. \u00c0 c\u00f4t\u00e9 tr\u00f4ne le cand\u00e9labre du tsar.<\/p>\n<p>  Tables d\u2019\u00c9tat, flacons de parfum<\/p>\n<p>Les grands courants artistiques sont retrac\u00e9s. L\u2019orientalisme, avec un vase aux motifs de bambou, l\u2019antique, l\u2019art d\u00e9co\u2026<\/p>\n<p>\u00c0 c\u00f4t\u00e9 de nombreuses pi\u00e8ces, un portrait g\u00e9ant d\u2019un personnage c\u00e9l\u00e8bre. Dont ceux de Jos\u00e9phine Baker, du roi Louis Philippe, de l\u2019actrice Marylin Monroe. La blonde la plus c\u00e9l\u00e8bre des \u00c9tats-Unis, pr\u00e8s de l\u2019horloge soleil\u00a0: \u00ab\u00a0Arthur Muller lui avait achet\u00e9e\u00a0\u00bb. \u00ab\u00a0Ces personnages c\u00e9l\u00e8bres ont fait la r\u00e9putation et ont apport\u00e9 des tendances \u00e0 la manufacture. Ils lui ont permis de se faire conna\u00eetre et de se d\u00e9velopper\u00a0\u00bb, explique Annabelle Ferry, la responsable de la Collection Baccarat. \u00ab\u00a0Le verre de Louis Philippe est toujours au catalogue, sans ses armoiries. Il fait partie de la collection Harcourt, inspir\u00e9 de commandes d\u2019apparat.\u00a0\u00bb<\/p>\n<p>Parmi les pi\u00e8ces \u00e9galement, des flacons de parfum de la collection de Georges Stamm, des presse-papiers que la manufacture a produite de 1968 jusqu\u2019en 2002.<\/p>\n<p> Les designers contemporains pr\u00e9sents <\/p>\n<p>Et les apports des designers contemporains, avec des pi\u00e8ces et des portraits de Virgil Abloh, Ettore Sottsass, Arik Levy, Marcel Wanders, Patricia Urquiola\u2026<\/p>\n<p>La collection Baccarat a ouvert ses portes en octobre\u00a02023.<\/p>\n","protected":false},"excerpt":{"rendered":"Petit flash-back. 1764, un collectif verrier se cr\u00e9e \u00e0 Baccarat. En 1816, mise au point du cristal, \u00ab\u00a0mati\u00e8re&hellip;\n","protected":false},"author":2,"featured_media":297952,"comment_status":"","ping_status":"","sticky":false,"template":"","format":"standard","meta":{"footnotes":""},"categories":[9635],"tags":[1111,11,9204,7110,1687,33,1707,1704,1777,674,2271,1011,27,775,31022,3457,1702,12,2661,25,602],"class_list":{"0":"post-297951","1":"post","2":"type-post","3":"status-publish","4":"format-standard","5":"has-post-thumbnail","7":"category-nancy","8":"tag-actu","9":"tag-actualites","10":"tag-baccarat","11":"tag-cc-du-territoire-de-luneville-a-baccarat-54a","12":"tag-culture-loisirs","13":"tag-economie","14":"tag-edition-luneville","15":"tag-edition-nancy-et-agglomeration","16":"tag-eu","17":"tag-europe","18":"tag-exposition-arts-plastiques","19":"tag-fr","20":"tag-france","21":"tag-grand-est","22":"tag-le-guide-de-lete-lorraine","23":"tag-meurthe-et-moselle","24":"tag-nancy","25":"tag-news","26":"tag-patrimoine-culturel","27":"tag-republique-francaise","28":"tag-tourisme"},"share_on_mastodon":{"url":"https:\/\/pubeurope.com\/@fr\/114975926100505004","error":""},"_links":{"self":[{"href":"https:\/\/www.europesays.com\/fr\/wp-json\/wp\/v2\/posts\/297951","targetHints":{"allow":["GET"]}}],"collection":[{"href":"https:\/\/www.europesays.com\/fr\/wp-json\/wp\/v2\/posts"}],"about":[{"href":"https:\/\/www.europesays.com\/fr\/wp-json\/wp\/v2\/types\/post"}],"author":[{"embeddable":true,"href":"https:\/\/www.europesays.com\/fr\/wp-json\/wp\/v2\/users\/2"}],"replies":[{"embeddable":true,"href":"https:\/\/www.europesays.com\/fr\/wp-json\/wp\/v2\/comments?post=297951"}],"version-history":[{"count":0,"href":"https:\/\/www.europesays.com\/fr\/wp-json\/wp\/v2\/posts\/297951\/revisions"}],"wp:featuredmedia":[{"embeddable":true,"href":"https:\/\/www.europesays.com\/fr\/wp-json\/wp\/v2\/media\/297952"}],"wp:attachment":[{"href":"https:\/\/www.europesays.com\/fr\/wp-json\/wp\/v2\/media?parent=297951"}],"wp:term":[{"taxonomy":"category","embeddable":true,"href":"https:\/\/www.europesays.com\/fr\/wp-json\/wp\/v2\/categories?post=297951"},{"taxonomy":"post_tag","embeddable":true,"href":"https:\/\/www.europesays.com\/fr\/wp-json\/wp\/v2\/tags?post=297951"}],"curies":[{"name":"wp","href":"https:\/\/api.w.org\/{rel}","templated":true}]}}