{"id":297955,"date":"2025-08-05T11:30:11","date_gmt":"2025-08-05T11:30:11","guid":{"rendered":"https:\/\/www.europesays.com\/fr\/297955\/"},"modified":"2025-08-05T11:30:11","modified_gmt":"2025-08-05T11:30:11","slug":"un-vehicule-en-feu-sur-la50-entre-toulon-et-aubagne-intervention-en-cours-pas-de-blesse","status":"publish","type":"post","link":"https:\/\/www.europesays.com\/fr\/297955\/","title":{"rendered":"Un v\u00e9hicule en feu sur l\u2019A50 entre Toulon et Aubagne : intervention en cours, pas de bless\u00e9"},"content":{"rendered":"<p>Un v\u00e9hicule a pris feu sur l\u2019A50 ce mardi matin vers Roquefort-la-B\u00e9doule. Aucun bless\u00e9 n\u2019est \u00e0 d\u00e9plorer, mais la circulation est perturb\u00e9e.<\/p>\n<p><img fetchpriority=\"high\" decoding=\"async\" width=\"1200\" height=\"900\" alt=\"pompiers13 Feu v\u00e9hicule A50 Roquefort-la-B\u00e9doule\" title=\"pomoiers 13\" src=\"https:\/\/www.europesays.com\/fr\/wp-content\/uploads\/2025\/08\/pomoiers-13.jpg\" class=\"img-responsive wp-image-70207\"\/><\/p>\n<p>Feu v\u00e9hicule A50 Roquefort-la-B\u00e9doule \u2013 CREDIT : VarActu<\/p>\n<p data-start=\"97\" data-end=\"235\"><strong data-start=\"97\" data-end=\"235\">Un incendie de v\u00e9hicule perturbe actuellement la circulation sur l\u2019A50 dans le sens Toulon-Aubagne, \u00e0 hauteur de Roquefort-la-B\u00e9doule.<\/strong><\/p>\n<p data-start=\"237\" data-end=\"531\">Ce mardi 5 ao\u00fbt 2025, un v\u00e9hicule a pris feu sur l\u2019autoroute <strong data-start=\"298\" data-end=\"305\">A50<\/strong>, dans le sens \u2026<\/p>\n<p>Lire la suite dans l\u2019article <a href=\"https:\/\/www.varactu.fr\/un-vehicule-en-feu-sur-la50-entre-toulon-et-aubagne-intervention-en-cours-pas-de-blesse\/\" rel=\"nofollow noopener\" target=\"_blank\">Un v\u00e9hicule en feu sur l\u2019A50 entre Toulon et Aubagne : intervention en cours, pas de bless\u00e9<\/a> qui est apparu en premier sur <a href=\"https:\/\/www.varactu.fr\" rel=\"nofollow noopener\" target=\"_blank\">Var Actu<\/a>.<\/p>\n","protected":false},"excerpt":{"rendered":"Un v\u00e9hicule a pris feu sur l\u2019A50 ce mardi matin vers Roquefort-la-B\u00e9doule. Aucun bless\u00e9 n\u2019est \u00e0 d\u00e9plorer, mais&hellip;\n","protected":false},"author":2,"featured_media":297956,"comment_status":"","ping_status":"","sticky":false,"template":"","format":"standard","meta":{"footnotes":""},"categories":[9619],"tags":[1111,11,1777,674,1011,27,12,882,25,2310],"class_list":{"0":"post-297955","1":"post","2":"type-post","3":"status-publish","4":"format-standard","5":"has-post-thumbnail","7":"category-toulon","8":"tag-actu","9":"tag-actualites","10":"tag-eu","11":"tag-europe","12":"tag-fr","13":"tag-france","14":"tag-news","15":"tag-provence-alpes-cote-dazur","16":"tag-republique-francaise","17":"tag-toulon"},"share_on_mastodon":{"url":"https:\/\/pubeurope.com\/@fr\/114975934012935976","error":""},"_links":{"self":[{"href":"https:\/\/www.europesays.com\/fr\/wp-json\/wp\/v2\/posts\/297955","targetHints":{"allow":["GET"]}}],"collection":[{"href":"https:\/\/www.europesays.com\/fr\/wp-json\/wp\/v2\/posts"}],"about":[{"href":"https:\/\/www.europesays.com\/fr\/wp-json\/wp\/v2\/types\/post"}],"author":[{"embeddable":true,"href":"https:\/\/www.europesays.com\/fr\/wp-json\/wp\/v2\/users\/2"}],"replies":[{"embeddable":true,"href":"https:\/\/www.europesays.com\/fr\/wp-json\/wp\/v2\/comments?post=297955"}],"version-history":[{"count":0,"href":"https:\/\/www.europesays.com\/fr\/wp-json\/wp\/v2\/posts\/297955\/revisions"}],"wp:featuredmedia":[{"embeddable":true,"href":"https:\/\/www.europesays.com\/fr\/wp-json\/wp\/v2\/media\/297956"}],"wp:attachment":[{"href":"https:\/\/www.europesays.com\/fr\/wp-json\/wp\/v2\/media?parent=297955"}],"wp:term":[{"taxonomy":"category","embeddable":true,"href":"https:\/\/www.europesays.com\/fr\/wp-json\/wp\/v2\/categories?post=297955"},{"taxonomy":"post_tag","embeddable":true,"href":"https:\/\/www.europesays.com\/fr\/wp-json\/wp\/v2\/tags?post=297955"}],"curies":[{"name":"wp","href":"https:\/\/api.w.org\/{rel}","templated":true}]}}