{"id":297976,"date":"2025-08-05T11:44:20","date_gmt":"2025-08-05T11:44:20","guid":{"rendered":"https:\/\/www.europesays.com\/fr\/297976\/"},"modified":"2025-08-05T11:44:20","modified_gmt":"2025-08-05T11:44:20","slug":"letoile-verte-va-briller-sur-le-lac-de-grand-lieu-randonnees-ateliers-et-concerts","status":"publish","type":"post","link":"https:\/\/www.europesays.com\/fr\/297976\/","title":{"rendered":"L\u2019\u00c9toile verte va briller sur le lac de Grand-Lieu : randonn\u00e9es, ateliers et concerts"},"content":{"rendered":"<tr wp_automatic_readability=\"3.8991596638655\">\n<td valign=\"middle\" align=\"center\" class=\"col-logo\">\n    <img decoding=\"async\" src=\"https:\/\/www.europesays.com\/fr\/wp-content\/uploads\/2025\/04\/presse-ocean.gif\" alt=\"logo Presse-Oc\u00e9an\" height=\"66\"\/><\/p>\n<\/td>\n<td class=\"col-titre\">\n\t\t\tMardi 05 ao\u00fbt 2025 12:12<br \/>\n\t\t\t<a class=\"icon-bulle sizeL count\" href=\"#ancreAvis\"><br \/>\n\t&#8230;<br \/>\n<\/a><\/td>\n<\/tr>\n<p>\t\t<a class=\"mavillebox2 elmt-photo\" href=\"https:\/\/maville.com\/photosmvi\/2025\/08\/05\/P35391273D6925169G.jpg\" title=\" Le Grand Lieu du Conte est une des destinations de l\u2019Etoile verte.  \u00a9  Photo Presse Oc\u00e9an  &lt;!--TAG-BLC credit--&gt;\" rel=\"galerie_actu noopener\" target=\"_blank\"><br \/>\n\t<img decoding=\"async\" src=\"https:\/\/www.europesays.com\/fr\/wp-content\/uploads\/2025\/08\/P35391273D6925169G_crop_640-330_.jpg\" alt=\"photo  le grand lieu du conte est une des destinations de l\u2019etoile verte.  \u00a9  photo presse oc\u00e9an \"\/><br \/>\n\t2<br \/>\n<\/a><\/p>\n<p class=\"elmt-legende\"> Le Grand Lieu du Conte est une des destinations de l\u2019Etoile verte.  \u00a9  Photo Presse Oc\u00e9an  <\/p>\n<p><a class=\"mavillebox2\" href=\"https:\/\/maville.com\/photosmvi\/2025\/08\/05\/P35391274D6925169G.jpg\" title=\"faire des balades en barque sur le lac de grand lieu sera une des animations propos\u00e9es dans le cadre de l&#039;etoile verte. \u00a9  photo nantes m\u00e9tropole \" rel=\"galerie_actu noopener\" target=\"_blank\"><\/p>\n<p>\t\tSaint-Aignan-de-Grandlieu accueille le troisi\u00e8me week-end de l\u2019\u00c9toile verte les 8 et 9 ao\u00fbt 2025, un programme d\u2019animations et de balades r\u00e9parti en six branches de cheminements dans la m\u00e9tropole nantaise. Pour clore la saison estivale, il faudra se rendre du c\u00f4t\u00e9 du lac de Grand-Lieu.<\/p>\n<p><b>Cet article est r\u00e9serv\u00e9 aux abonn\u00e9s<\/b><\/p>\n<p>Pour un acc\u00e8s imm\u00e9diat, abonnez-vous<\/p>\n<p><b>1\u00e8re semaine offerte<\/b><\/p>\n<p>\t\tPresse-Oc\u00e9an<\/p>\n<p>Retrouvez d&rsquo;autres actus sur les communes de :<\/p>\n<p>\t\t&#13;<\/p>\n","protected":false},"excerpt":{"rendered":"Mardi 05 ao\u00fbt 2025 12:12 &#8230; 2 Le Grand Lieu du Conte est une des destinations de l\u2019Etoile&hellip;\n","protected":false},"author":2,"featured_media":297977,"comment_status":"","ping_status":"","sticky":false,"template":"","format":"standard","meta":{"footnotes":""},"categories":[2818],"tags":[1111,11,10036,9697,4156,14723,1777,674,1011,27,28193,28192,766,12,2636,20891,25,15402],"class_list":{"0":"post-297976","1":"post","2":"type-post","3":"status-publish","4":"format-standard","5":"has-post-thumbnail","7":"category-nantes","8":"tag-actu","9":"tag-actualites","10":"tag-ateliers","11":"tag-briller","12":"tag-concerts","13":"tag-etoile","14":"tag-eu","15":"tag-europe","16":"tag-fr","17":"tag-france","18":"tag-grand-lieu","19":"tag-lac","20":"tag-nantes","21":"tag-news","22":"tag-pays-de-la-loire","23":"tag-randonnees","24":"tag-republique-francaise","25":"tag-verte"},"share_on_mastodon":{"url":"https:\/\/pubeurope.com\/@fr\/114975989015962922","error":""},"_links":{"self":[{"href":"https:\/\/www.europesays.com\/fr\/wp-json\/wp\/v2\/posts\/297976","targetHints":{"allow":["GET"]}}],"collection":[{"href":"https:\/\/www.europesays.com\/fr\/wp-json\/wp\/v2\/posts"}],"about":[{"href":"https:\/\/www.europesays.com\/fr\/wp-json\/wp\/v2\/types\/post"}],"author":[{"embeddable":true,"href":"https:\/\/www.europesays.com\/fr\/wp-json\/wp\/v2\/users\/2"}],"replies":[{"embeddable":true,"href":"https:\/\/www.europesays.com\/fr\/wp-json\/wp\/v2\/comments?post=297976"}],"version-history":[{"count":0,"href":"https:\/\/www.europesays.com\/fr\/wp-json\/wp\/v2\/posts\/297976\/revisions"}],"wp:featuredmedia":[{"embeddable":true,"href":"https:\/\/www.europesays.com\/fr\/wp-json\/wp\/v2\/media\/297977"}],"wp:attachment":[{"href":"https:\/\/www.europesays.com\/fr\/wp-json\/wp\/v2\/media?parent=297976"}],"wp:term":[{"taxonomy":"category","embeddable":true,"href":"https:\/\/www.europesays.com\/fr\/wp-json\/wp\/v2\/categories?post=297976"},{"taxonomy":"post_tag","embeddable":true,"href":"https:\/\/www.europesays.com\/fr\/wp-json\/wp\/v2\/tags?post=297976"}],"curies":[{"name":"wp","href":"https:\/\/api.w.org\/{rel}","templated":true}]}}