{"id":297996,"date":"2025-08-05T11:55:11","date_gmt":"2025-08-05T11:55:11","guid":{"rendered":"https:\/\/www.europesays.com\/fr\/297996\/"},"modified":"2025-08-05T11:55:11","modified_gmt":"2025-08-05T11:55:11","slug":"apres-la-fusillade-mortelle-le-couvre-feu-prolonge-a-meyzieu","status":"publish","type":"post","link":"https:\/\/www.europesays.com\/fr\/297996\/","title":{"rendered":"apr\u00e8s la fusillade mortelle, le couvre-feu prolong\u00e9 \u00e0 Meyzieu"},"content":{"rendered":"<p>Le couvre-feu pour les mineurs mis en place mi-juillet dans le quartier du Mathiolan apr\u00e8s une s\u00e9rie de coups de feu sur fond de trafic de drogue va \u00eatre prolong\u00e9 tout l\u2019\u00e9t\u00e9 \u00e0 la suite du meurtre qui a eu lieu dans la nuit de dimanche \u00e0 lundi.<\/p>\n<p class=\"fig-paragraph\">Mis en place depuis mi-juillet dans le quartier du Mathiolan \u00e0 Meyzieu, le couvre-feu pour les mineurs de moins de 16 ans va \u00eatre prolong\u00e9\u00a0<a href=\"http:\/\/www.lefigaro.fr\/lyon\/un-homme-tue-par-balles-pres-de-lyon-lors-de-la-fusillade-trois-personnes-en-fuite-20250804\" data-fig-type=\"NewsFlash\" data-gtm-custom-categorie=\"navigation\" data-gtm-custom-action=\"crossclick\" data-gtm-custom-label=\"Contextuel\" data-gtm-event=\"customEventSPE\" data-fig-domain=\"LEFIGARO\" target=\"_blank\" rel=\"noopener\">\u00e0 la suite du meurtre<\/a>\u00a0qui a eu lieu dans la nuit de dimanche \u00e0 lundi.\u00a0<a href=\"http:\/\/www.lefigaro.fr\/lyon\/pres-de-lyon-le-couvre-feu-pour-mineurs-instaure-par-le-maire-de-mions-suspendu-par-la-justice-20250707\" data-fig-type=\"NewsFlash\" data-gtm-custom-categorie=\"navigation\" data-gtm-custom-action=\"crossclick\" data-gtm-custom-label=\"Contextuel\" data-gtm-event=\"customEventSPE\" data-fig-domain=\"LEFIGARO\" target=\"_blank\" rel=\"noopener\">Ce couvre-feu, mis en place apr\u00e8s une s\u00e9rie de tirs \u00e0 l\u2019arme \u00e0 feu<\/a>, de d\u00e9gradations de cam\u00e9ras de surveillances et de diverses incivilit\u00e9s, devait courir jusqu\u2019au 9 ao\u00fbt mais devrait \u00eatre prolong\u00e9 tout l\u2019\u00e9t\u00e9. Une mesure de \u00abpr\u00e9vention\u00bb, selon le maire LR de la commune Christophe Quiniou.<\/p>\n<p class=\"fig-paragraph\">Dans la nuit de dimanche \u00e0 lundi, un homme de 29 ans a \u00e9t\u00e9 mortellement bless\u00e9 par balles lors d\u2019un \u00e9change de tirs \u00e0 la fronti\u00e8re du quartier de Mathiolan. L\u2019\u00e9change de coups de feu a eu lieu aux alentours de minuit et les trois personnes \u00e0 l\u2019origine des tirs ont pris la fuite. Selon l\u2019AFP, l\u2019une de ces trois personnes a \u00e9t\u00e9 bless\u00e9e dans la\u00a0<a href=\"http:\/\/www.lefigaro.fr\/lyon\/une-guerre-de-gangs-a-vaulx-en-velin-les-habitants-desempares-face-a-la-violence-des-dealers-apres-une-fusillade-devant-une-ecole-20250408\" data-fig-type=\"NewsFlash\" data-gtm-custom-categorie=\"navigation\" data-gtm-custom-action=\"crossclick\" data-gtm-custom-label=\"Contextuel\" data-gtm-event=\"customEventSPE\" data-fig-domain=\"LEFIGARO\" target=\"_blank\" rel=\"noopener\">fusillade<\/a>.<\/p>\n<p>                                    <a class=\"fig-a11y-skip a11y-hidden\" href=\"#fig-a11y-skip-main-inarticle\"><br \/>\n        Passer la publicit\u00e9<br \/>\n    <\/a><\/p>\n<p class=\"fig-paragraph\">L\u2019homme d\u00e9c\u00e9d\u00e9 \u00e9tait un habitant de Meyzieu. Une enqu\u00eate pour meurtre en bande organis\u00e9e et association de malfaiteurs en vue de commettre un crime a \u00e9t\u00e9 confi\u00e9e au Service interd\u00e9partemental de la police judiciaire (SIPJ) du Rh\u00f4ne, a indiqu\u00e9 le parquet de Lyon.<\/p>\n","protected":false},"excerpt":{"rendered":"Le couvre-feu pour les mineurs mis en place mi-juillet dans le quartier du Mathiolan apr\u00e8s une s\u00e9rie de&hellip;\n","protected":false},"author":2,"featured_media":297997,"comment_status":"","ping_status":"","sticky":false,"template":"","format":"standard","meta":{"footnotes":""},"categories":[1889],"tags":[1111,11,2430,13795,1777,674,1011,27,3832,2428,12,25,887],"class_list":{"0":"post-297996","1":"post","2":"type-post","3":"status-publish","4":"format-standard","5":"has-post-thumbnail","7":"category-lyon","8":"tag-actu","9":"tag-actualites","10":"tag-auvergne-rhone-alpes","11":"tag-couvre-feu","12":"tag-eu","13":"tag-europe","14":"tag-fr","15":"tag-france","16":"tag-fusillade","17":"tag-lyon","18":"tag-news","19":"tag-republique-francaise","20":"tag-trafic-de-drogue"},"share_on_mastodon":{"url":"https:\/\/pubeurope.com\/@fr\/114976032229070581","error":""},"_links":{"self":[{"href":"https:\/\/www.europesays.com\/fr\/wp-json\/wp\/v2\/posts\/297996","targetHints":{"allow":["GET"]}}],"collection":[{"href":"https:\/\/www.europesays.com\/fr\/wp-json\/wp\/v2\/posts"}],"about":[{"href":"https:\/\/www.europesays.com\/fr\/wp-json\/wp\/v2\/types\/post"}],"author":[{"embeddable":true,"href":"https:\/\/www.europesays.com\/fr\/wp-json\/wp\/v2\/users\/2"}],"replies":[{"embeddable":true,"href":"https:\/\/www.europesays.com\/fr\/wp-json\/wp\/v2\/comments?post=297996"}],"version-history":[{"count":0,"href":"https:\/\/www.europesays.com\/fr\/wp-json\/wp\/v2\/posts\/297996\/revisions"}],"wp:featuredmedia":[{"embeddable":true,"href":"https:\/\/www.europesays.com\/fr\/wp-json\/wp\/v2\/media\/297997"}],"wp:attachment":[{"href":"https:\/\/www.europesays.com\/fr\/wp-json\/wp\/v2\/media?parent=297996"}],"wp:term":[{"taxonomy":"category","embeddable":true,"href":"https:\/\/www.europesays.com\/fr\/wp-json\/wp\/v2\/categories?post=297996"},{"taxonomy":"post_tag","embeddable":true,"href":"https:\/\/www.europesays.com\/fr\/wp-json\/wp\/v2\/tags?post=297996"}],"curies":[{"name":"wp","href":"https:\/\/api.w.org\/{rel}","templated":true}]}}