{"id":297998,"date":"2025-08-05T11:58:10","date_gmt":"2025-08-05T11:58:10","guid":{"rendered":"https:\/\/www.europesays.com\/fr\/297998\/"},"modified":"2025-08-05T11:58:10","modified_gmt":"2025-08-05T11:58:10","slug":"lunion-europeenne-suspend-ses-mesures-de-riposte-apres-laccord-commercial-noue-avec-donald-trump-fin-juillet","status":"publish","type":"post","link":"https:\/\/www.europesays.com\/fr\/297998\/","title":{"rendered":"l&rsquo;Union europ\u00e9enne suspend ses mesures de riposte apr\u00e8s l&rsquo;accord commercial nou\u00e9 avec Donald Trump fin juillet"},"content":{"rendered":"<p class=\"c-chapo \">\n  Au cours des derniers mois, la Commission europ\u00e9enne avait pr\u00e9par\u00e9 une liste de produits am\u00e9ricains qui seraient tax\u00e9s si les Etats-Unis et l&rsquo;UE ne parvenaient pas \u00e0 un accord.\n<\/p>\n<p>            lire plus tard<\/p>\n<p id=\"dialog__title\" class=\"dialog__title\">Pour sauvegarder cet article, connectez-vous ou cr\u00e9ez un compte franceinfo<\/p>\n<p class=\"dialog__description\">Sans paiement. Sans abonnement.<\/p>\n<p>        Fermer la fen\u00eatre d\u2019activation des notifications France Info<\/p>\n<p>            cr\u00e9er votre compte<\/p>\n<p>            se connecter<\/p>\n<p>        Fermer la fen\u00eatre de pr\u00e9sentation<\/p>\n<p>    <img loading=\"lazy\" decoding=\"async\" class=\"signature__image lazyload\" width=\"100\" height=\"100\" data- alt=\"\" src=\"https:\/\/www.europesays.com\/fr\/wp-content\/uploads\/2025\/05\/64a68815cd1a7_placeholder-36b69ec8.png\"\/><\/p>\n<p>    Publi\u00e9 le 05\/08\/2025 13:05<\/p>\n<p>      Mis \u00e0 jour le 05\/08\/2025 13:22<\/p>\n<p>        Temps de lecture : 1min<\/p>\n<p>    <img decoding=\"async\"  alt=\"La pr\u00e9sidente de la Commission europ\u00e9enne, Ursula von der Leyen (\u00e0 gauche), et le pr\u00e9sident des Etats-Unis, Donald Trump (\u00e0 droite), \u00e0 Turnberry (Ecosse), le 27 juillet 2025. (BRENDAN SMIALOWSKI \/ AFP)\" width=\"432\" height=\"243\" src=\"https:\/\/www.europesays.com\/fr\/wp-content\/uploads\/2025\/08\/000-68fm4kf-6891e58f17cd9636673195.jpg\" fetchpriority=\"high\"\/><\/p>\n<p>      La pr\u00e9sidente de la Commission europ\u00e9enne, Ursula von der Leyen (\u00e0 gauche), et le pr\u00e9sident des Etats-Unis, Donald Trump (\u00e0 droite), \u00e0 Turnberry (Ecosse), le 27 juillet 2025. (BRENDAN SMIALOWSKI \/ AFP)<\/p>\n<p>Bruxelles a annonc\u00e9, mardi 5\u00a0ao\u00fbt, suspendre ses repr\u00e9sailles aux droits de douane voulus par Donald Trump, <a href=\"https:\/\/www.franceinfo.fr\/monde\/usa\/droits-de-douane\/droits-de-douane-les-etats-unis-et-l-union-europeenne-ont-conclu-un-accord-commercial-annoncent-donald-trump-et-ursula-von-der-leyen_7402498.html\" rel=\"nofollow noopener\" target=\"_blank\">en raison de l&rsquo;accord commercial nou\u00e9 entre les Etats-Unis et l&rsquo;UE<\/a> le 27\u00a0juillet. Au cours des derniers mois, la Commission europ\u00e9enne avait pr\u00e9par\u00e9 une liste de produits am\u00e9ricains qui seraient tax\u00e9s si les Etats-Unis et l&rsquo;UE ne parvenaient pas \u00e0 un accord. Cette liste comprenait <a href=\"https:\/\/www.franceinfo.fr\/monde\/europe\/union-europeenne\/droits-de-douane-l-ue-valide-des-represailles-a-93-milliards-d-euros-en-cas-d-echec-des-negociations-avec-les-etats-unis_7396210.html\" rel=\"nofollow noopener\" target=\"_blank\">93\u00a0milliards d&rsquo;euros de marchandises<\/a>, comme le soja, les avions ou les voitures.<\/p>\n<p>Apr\u00e8s des mois d&rsquo;\u00e2pres n\u00e9gociations, Bruxelles et Washington ont finalement scell\u00e9 fin juillet un accord commercial bas\u00e9 sur des droits de douane de 15% sur les produits europ\u00e9ens qui arrivent aux Etats-Unis. \u00ab\u00a0La Commission a adopt\u00e9 aujourd&rsquo;hui la proc\u00e9dure juridique n\u00e9cessaire pour suspendre la mise en \u0153uvre de nos contremesures europ\u00e9ennes\u00a0\u00bb, a d\u00e9clar\u00e9 mardi un porte-parole de l&rsquo;ex\u00e9cutif europ\u00e9en, Olof Gill.<\/p>\n<p>L&rsquo;Union europ\u00e9enne n&rsquo;a toutefois pas exclu de r\u00e9activer ces mesures de riposte si jamais le bras de fer commercial avec l&rsquo;administration Trump venait \u00e0 conna\u00eetre de nouveaux rebondissements. \u00ab\u00a0Nous remettons [ces mesures] au cong\u00e9lateur mais nous pouvons toujours les ressortir\u00a0\u00bb, a expliqu\u00e9 un responsable europ\u00e9en sous couvert d&rsquo;anonymat.<\/p>\n<p class=\"related-tags__title\" role=\"heading\" aria-level=\"2\">les mots-cl\u00e9s associ\u00e9s \u00e0 cet article\n    <\/p>\n","protected":false},"excerpt":{"rendered":"Au cours des derniers mois, la Commission europ\u00e9enne avait pr\u00e9par\u00e9 une liste de produits am\u00e9ricains qui seraient tax\u00e9s&hellip;\n","protected":false},"author":2,"featured_media":297999,"comment_status":"","ping_status":"","sticky":false,"template":"","format":"standard","meta":{"footnotes":""},"categories":[1888],"tags":[1111,1928,11,1927,1777,674,1011,27,12,1926,626,1925,25],"class_list":{"0":"post-297998","1":"post","2":"type-post","3":"status-publish","4":"format-standard","5":"has-post-thumbnail","7":"category-paris","8":"tag-actu","9":"tag-actu-paris","10":"tag-actualites","11":"tag-actualites-paris","12":"tag-eu","13":"tag-europe","14":"tag-fr","15":"tag-france","16":"tag-news","17":"tag-news-paris","18":"tag-paris","19":"tag-paris-news","20":"tag-republique-francaise"},"share_on_mastodon":{"url":"https:\/\/pubeurope.com\/@fr\/114976044075186265","error":""},"_links":{"self":[{"href":"https:\/\/www.europesays.com\/fr\/wp-json\/wp\/v2\/posts\/297998","targetHints":{"allow":["GET"]}}],"collection":[{"href":"https:\/\/www.europesays.com\/fr\/wp-json\/wp\/v2\/posts"}],"about":[{"href":"https:\/\/www.europesays.com\/fr\/wp-json\/wp\/v2\/types\/post"}],"author":[{"embeddable":true,"href":"https:\/\/www.europesays.com\/fr\/wp-json\/wp\/v2\/users\/2"}],"replies":[{"embeddable":true,"href":"https:\/\/www.europesays.com\/fr\/wp-json\/wp\/v2\/comments?post=297998"}],"version-history":[{"count":0,"href":"https:\/\/www.europesays.com\/fr\/wp-json\/wp\/v2\/posts\/297998\/revisions"}],"wp:featuredmedia":[{"embeddable":true,"href":"https:\/\/www.europesays.com\/fr\/wp-json\/wp\/v2\/media\/297999"}],"wp:attachment":[{"href":"https:\/\/www.europesays.com\/fr\/wp-json\/wp\/v2\/media?parent=297998"}],"wp:term":[{"taxonomy":"category","embeddable":true,"href":"https:\/\/www.europesays.com\/fr\/wp-json\/wp\/v2\/categories?post=297998"},{"taxonomy":"post_tag","embeddable":true,"href":"https:\/\/www.europesays.com\/fr\/wp-json\/wp\/v2\/tags?post=297998"}],"curies":[{"name":"wp","href":"https:\/\/api.w.org\/{rel}","templated":true}]}}