{"id":298000,"date":"2025-08-05T11:59:13","date_gmt":"2025-08-05T11:59:13","guid":{"rendered":"https:\/\/www.europesays.com\/fr\/298000\/"},"modified":"2025-08-05T11:59:13","modified_gmt":"2025-08-05T11:59:13","slug":"en-video-le-double-de-neymar-avec-santos-en-championnat-bresilien","status":"publish","type":"post","link":"https:\/\/www.europesays.com\/fr\/298000\/","title":{"rendered":"en vid\u00e9o, le doubl\u00e9 de Neymar avec Santos en championnat br\u00e9silien"},"content":{"rendered":"<p>Si certaines rumeurs le renvoient en Europe avant la Coupe du monde 2026, Neymar continue de performer avec Santos. Il a inscrit un doubl\u00e9 en championnat br\u00e9silien contre Juventude.<\/p>\n<p class=\"fig-paragraph\">La Coupe du monde 2026 arrive \u00e0 grands pas, et<a href=\"http:\/\/www.lefigaro.fr\/sports\/football\/transferts\/neymar-a-l-om-la-folle-rumeur-d-un-retour-de-l-ancienne-star-du-psg-en-france-20250729\" data-fig-type=\"NewsFlash\" data-gtm-custom-categorie=\"navigation\" data-gtm-custom-action=\"crossclick\" data-gtm-custom-label=\"Contextuel\" data-gtm-event=\"customEventSPE\" data-fig-domain=\"LEFIGARO\" target=\"_blank\" rel=\"noopener\">\u00a0Neymar<\/a>\u00a0continue de performer. Auteur d\u2019une rencontre XXL avec Santos contre Juventude, l\u2019ancien joueur du PSG a inscrit un doubl\u00e9. Capable de montrer son talent, il a permis \u00e0 son \u00e9quipe de s\u2019imposer (3-1).<\/p>\n<p class=\"fig-paragraph\">Content de la victoire et de sa performance, le joueur a pris le temps de s\u2019exprimer apr\u00e8s la rencontre. \u00abJe suis heureux d\u2019avoir fait un bon match et de gagner \u00e0 nouveau, c\u2019est le plus important\u00bb d\u00e9clare-t-il. Il laisse notamment la porte ouverte \u00e0 sa s\u00e9lection pour la Coupe du monde. \u00abTout le monde conna\u00eet mon style. Je suis disponible, je suis un athl\u00e8te, je me sens toujours bien. Alors, c\u2019est \u00e0 eux de d\u00e9cider\u00bb a-t-il lanc\u00e9.<\/p>\n<p>                                    <a class=\"fig-a11y-skip a11y-hidden\" href=\"#fig-a11y-skip-main-inarticle\"><br \/>\n        Passer la publicit\u00e9<br \/>\n    <\/a><\/p>\n<p class=\"fig-paragraph\"><strong>\u00c0 VOIR AUSSI &#8211;<\/strong> Le joli but de Neymar avec le Santos FC contre Flamengo en championnat br\u00e9silien le 17 juillet dernier (1-0)<\/p>\n","protected":false},"excerpt":{"rendered":"Si certaines rumeurs le renvoient en Europe avant la Coupe du monde 2026, Neymar continue de performer avec&hellip;\n","protected":false},"author":2,"featured_media":298001,"comment_status":"","ping_status":"","sticky":false,"template":"","format":"standard","meta":{"footnotes":""},"categories":[1888],"tags":[1111,1928,11,1927,1777,674,1011,27,12,1926,23921,626,1925,25],"class_list":{"0":"post-298000","1":"post","2":"type-post","3":"status-publish","4":"format-standard","5":"has-post-thumbnail","7":"category-paris","8":"tag-actu","9":"tag-actu-paris","10":"tag-actualites","11":"tag-actualites-paris","12":"tag-eu","13":"tag-europe","14":"tag-fr","15":"tag-france","16":"tag-news","17":"tag-news-paris","18":"tag-neymar","19":"tag-paris","20":"tag-paris-news","21":"tag-republique-francaise"},"share_on_mastodon":{"url":"https:\/\/pubeurope.com\/@fr\/114976047944072689","error":""},"_links":{"self":[{"href":"https:\/\/www.europesays.com\/fr\/wp-json\/wp\/v2\/posts\/298000","targetHints":{"allow":["GET"]}}],"collection":[{"href":"https:\/\/www.europesays.com\/fr\/wp-json\/wp\/v2\/posts"}],"about":[{"href":"https:\/\/www.europesays.com\/fr\/wp-json\/wp\/v2\/types\/post"}],"author":[{"embeddable":true,"href":"https:\/\/www.europesays.com\/fr\/wp-json\/wp\/v2\/users\/2"}],"replies":[{"embeddable":true,"href":"https:\/\/www.europesays.com\/fr\/wp-json\/wp\/v2\/comments?post=298000"}],"version-history":[{"count":0,"href":"https:\/\/www.europesays.com\/fr\/wp-json\/wp\/v2\/posts\/298000\/revisions"}],"wp:featuredmedia":[{"embeddable":true,"href":"https:\/\/www.europesays.com\/fr\/wp-json\/wp\/v2\/media\/298001"}],"wp:attachment":[{"href":"https:\/\/www.europesays.com\/fr\/wp-json\/wp\/v2\/media?parent=298000"}],"wp:term":[{"taxonomy":"category","embeddable":true,"href":"https:\/\/www.europesays.com\/fr\/wp-json\/wp\/v2\/categories?post=298000"},{"taxonomy":"post_tag","embeddable":true,"href":"https:\/\/www.europesays.com\/fr\/wp-json\/wp\/v2\/tags?post=298000"}],"curies":[{"name":"wp","href":"https:\/\/api.w.org\/{rel}","templated":true}]}}