{"id":298006,"date":"2025-08-05T12:02:20","date_gmt":"2025-08-05T12:02:20","guid":{"rendered":"https:\/\/www.europesays.com\/fr\/298006\/"},"modified":"2025-08-05T12:02:20","modified_gmt":"2025-08-05T12:02:20","slug":"en-russie-vladimir-poutine-pourrait-bientot-etre-confronte-a-un-choc-desagreable","status":"publish","type":"post","link":"https:\/\/www.europesays.com\/fr\/298006\/","title":{"rendered":"En Russie, Vladimir Poutine pourrait bient\u00f4t \u00eatre confront\u00e9 \u00e0 un \u00ab\u00a0choc d\u00e9sagr\u00e9able\u00a0\u00bb"},"content":{"rendered":"<p class=\"ap-StoryElement ap-StoryElement--mb js-paywall-target ap-StoryText\">Mais voil\u00e0, alors qu&rsquo;approche la fameuse \u00e9ch\u00e9ance, rien ne semble avoir boug\u00e9. Au contraire, la rh\u00e9torique russe s&rsquo;est durcie ces derniers jours \u00e0 l&rsquo;\u00e9gard des Etats-Unis. L&rsquo;ex-pr\u00e9sident russe, Dmitri Medvedev &#8211; connu pour ses menaces et attaques toujours plus provocatrices &#8211; s&rsquo;en est directement<a href=\"https:\/\/www.lalibre.be\/international\/europe\/guerre-ukraine-russie\/2025\/08\/03\/quest-ce-que-la-main-morte-la-menace-sovietique-brandie-par-medvedev-et-qui-a-provoque-la-colere-de-donald-trump-KRXI3RSMKRGTTHD5DQWXEDNBRU\/\" target=\"_blank\" rel=\"noopener\"> pris au pr\u00e9sident am\u00e9ricain<\/a>. Ce \u00e0 quoi Trump a r\u00e9pondu en d\u00e9ployant deux sous-marins nucl\u00e9aires \u00ab\u00a0dans des zones appropri\u00e9es\u00a0\u00bb.<\/p>\n<p class=\"ap-StoryElement ap-StoryElement--mb ap-StoryText\">Encore une fois, au Kremlin on <a href=\"https:\/\/www.lalibre.be\/international\/europe\/guerre-ukraine-russie\/2025\/08\/04\/apres-les-echanges-tendus-entre-trump-et-medvedev-concernant-la-menace-nucleaire-le-kremlin-intervient-O72MXMERMRHIHDLWQFJFFBZYEU\/\" target=\"_blank\" rel=\"noopener\">reste de marbre<\/a>. Surprenant ? Pas forc\u00e9ment, selon le journaliste russe Mikha\u00efl Zygar, qui collabore notamment avec Der Spiegel. \u00ab\u00a0\u00c0 Moscou, personne n&rsquo;a pris l&rsquo;ultimatum de Donald Trump au s\u00e9rieux\u00a0\u00bb, d\u00e9taille-t-il <a href=\"https:\/\/www.nytimes.com\/2025\/08\/05\/opinion\/putin-trump-deadline-ukraine.html\" target=\"_blank\" rel=\"noopener\">dans les colonnes du New York Times<\/a>. \u00ab\u00a0Apr\u00e8s avoir r\u00e9sist\u00e9 \u00e0 plus de trois ans de sanctions, le Kremlin estime pouvoir g\u00e9rer tout ce qui lui sera impos\u00e9.\u00a0\u00bb<\/p>\n<p><a href=\"https:\/\/www.lalibre.be\/international\/europe\/guerre-ukraine-russie\/2025\/07\/02\/un-ukrainien-raconte-le-sordide-rituel-des-russes-des-etres-humains-ne-font-pas-ce-genre-de-choses-ce-sont-des-creatures-de-lenfer-QARBY7LACBCMTK3HIHAH2PWYDQ\/\" target=\"_blank\" rel=\"noopener noreferrer\" class=\"ap-StoryInterstitialLink ap-StoryElement ap-StoryElement--mb\">Un Ukrainien raconte le sordide rituel des Russes: \u00ab\u00a0Des \u00eatres humains ne font pas ce genre de choses. Ce sont des cr\u00e9atures de l&rsquo;enfer\u00a0\u00bb<\/a>\u00ab\u00a0Vladimir Poutine se fiche \u00e9perdument de voir Donald Trump prendre ses distances\u00a0\u00bb<\/p>\n<p class=\"ap-StoryElement ap-StoryElement--mb ap-StoryText\"><a href=\"https:\/\/www.lalibre.be\/actualite\/personne\/vladimir-poutine\/\" target=\"_blank\" rel=\"noopener\">Vladimir Poutine<\/a> est le premier \u00e0 mettre en doute les d\u00e9clarations de son homologue am\u00e9ricain. Pour l&rsquo;observateur, le pr\u00e9sident russe a compl\u00e8tement chang\u00e9 son fusil d&rsquo;\u00e9paule au sujet de Donald Trump. \u00ab\u00a0Selon des sources proches du Kremlin auxquelles j&rsquo;ai parl\u00e9, Poutine a conclu que n\u00e9gocier avec les \u00c9tats-Unis n&rsquo;avait aucun sens et que le compromis \u00e9tait inutile. (&#8230;) Trump a peut-\u00eatre pris ses distances vis-\u00e0-vis de Poutine, mais ce dernier s&rsquo;en fiche \u00e9perdument.\u00a0\u00bb<\/p>\n<p class=\"ap-StoryElement ap-StoryElement--mb ap-StoryText\">Le ma\u00eetre du Kremlin aurait ainsi r\u00e9alis\u00e9 que son interlocuteur \u00e0 la Maison-Blanche pourrait tr\u00e8s vite changer. \u00ab\u00a0Selon mes sources, il estime que toute administration am\u00e9ricaine est, par d\u00e9finition, temporaire \u2013 et donc que tout accord avec elle est d\u00e9nu\u00e9 de sens\u00a0\u00bb, a poursuivi Mikha\u00efl Zygar. \u00ab\u00a0<a href=\"https:\/\/www.lalibre.be\/actualite\/personne\/donald-trump\/\" target=\"_blank\" rel=\"noopener\">Trump<\/a> est au pouvoir aujourd&rsquo;hui, mais il pourrait ne plus l&rsquo;\u00eatre dans trois ans. Les relations personnelles ne comptent plus. Pour Poutine, il n&rsquo;est plus possible de construire une relation de travail avec les Etats-Unis.\u00a0\u00bb<\/p>\n<p class=\"ap-StoryElement ap-StoryElement--mb ap-StoryText\">L&rsquo;\u00e9lite russe, se calquant sur son pr\u00e9sident, ne s&rsquo;inqui\u00e8te donc pas face aux menaces du locataire de la Maison-Blanche. Prises \u00e0 la l\u00e9g\u00e8re, les d\u00e9clarations am\u00e9ricaines sont m\u00eame moqu\u00e9es dans les couloirs du Kremlin. Mais ce \u00ab\u00a0d\u00e9lire\u00a0\u00bb ne manque pas d&rsquo;inqui\u00e9ter le journaliste russe. Toujours dans les colonnes du New York Times, il rappelle la situation critique dans laquelle se trouve son pays, notamment sur le plan \u00e9conomique. \u00ab\u00a0Et pourtant, les dirigeants russes s&rsquo;accrochent \u00e0 la conviction que rien ne peut leur faire de mal. (&#8230;) Mais ivres de propagande, inconscients des risques \u00e0 venir, Poutine et l&rsquo;\u00e9lite russe pourraient bient\u00f4t se retrouver face \u00e0 un choc d\u00e9sagr\u00e9able.\u00a0\u00bb<\/p>\n<p><a href=\"https:\/\/www.lalibre.be\/international\/europe\/guerre-ukraine-russie\/2025\/06\/01\/nikolai-patrouchev-le-conseiller-de-lombre-de-vladimir-poutine-dont-le-nom-circule-pour-lui-succeder-lhomme-le-plus-dangereux-de-moscou-ZNPP3TD65NAYNAUP5X3H6WZZOM\/\" target=\"_blank\" rel=\"noopener noreferrer\" class=\"ap-StoryInterstitialLink ap-StoryElement ap-StoryElement--mb\">Nikola\u00ef Patrouchev, le conseiller de l&rsquo;ombre de Vladimir Poutine, dont le nom circule pour lui succ\u00e9der: \u00ab\u00a0L&rsquo;homme le plus dangereux de Moscou\u00a0\u00bb<\/a>Alors un ultimatum pour rien ?<\/p>\n<p class=\"ap-StoryElement ap-StoryElement--mb ap-StoryText\"><a href=\"https:\/\/www.lalibre.be\/international\/europe\/guerre-ukraine-russie\/2025\/07\/30\/donald-trump-perd-il-patience-face-a-vladimir-poutine-sa-credibilite-est-chaque-fois-remise-en-question-parce-quil-change-continuellement-davis-OCQFTSTSHBEV5BTBTS3FJJL4TI\/\" target=\"_blank\" rel=\"noopener\">Interrog\u00e9 par La Libre<\/a>, Tanguy Struye, professeur de relations internationales \u00e0 l&rsquo;UCLouvain et chercheur associ\u00e9 \u00e0 l&rsquo;Institut Egmont, est \u00e9galement plut\u00f4t pessimiste face \u00e0 l&rsquo;issue de cet ultimatum. \u00ab\u00a0Je ne vois pas en quoi les Russes vont changer d&rsquo;avis. (&#8230;) Mais tant qu&rsquo;il n&rsquo;y a pas une plus grande aide de la part des Am\u00e9ricains et des <a href=\"https:\/\/www.lalibre.be\/economie\/conjoncture\/2025\/07\/29\/face-a-la-menace-russe-leurope-doit-adapter-ses-routes-qui-ne-sont-pas-adaptees-au-transport-militaire-2EUV3JFBBNG7BDA2D3JKUUGJRM\/\" target=\"_blank\" rel=\"noopener\">Europ\u00e9ens <\/a>\u00e9videmment, et tant que la Russie ne r\u00e9alise pas qu&rsquo;elle ne peut pas gagner ou ne peut plus avancer, je crains qu&rsquo;ils nous baladent dans les n\u00e9gociations.\u00a0\u00bb<\/p>\n<p class=\"ap-StoryElement ap-StoryElement--mb ap-StoryText\">Pour l&rsquo;expert, de nouvelles sanctions contre la Russie ne seraient donc que peu effectives pour la pousser \u00e0 la table des n\u00e9gociations. \u00ab\u00a0Il y a d\u00e9j\u00e0 tellement de sanctions impos\u00e9es \u00e0 ce pays, m\u00eame du c\u00f4t\u00e9 am\u00e9ricain, qu&rsquo;il ne va pas y avoir vraiment de nouvelles possibilit\u00e9s\u00a0\u00bb, conclut-il. \u00ab\u00a0La nouvelle donne qui pourrait changer les choses, mais qui pourrait aussi amener de nouvelles tensions au niveau commercial, c&rsquo;est d&rsquo;imposer ce qu&rsquo;on appelle les sanctions secondaires qui toucheraient des pays comme l&rsquo;Inde et la Chine. Ces nations importent, entre autres, du gaz et du p\u00e9trole de la Russie. De telles sanctions impacteraient donc l&rsquo;\u00e9conomie russe. Mais \u00e7a sous-entend de cr\u00e9er de nouvelles tensions avec des pays comme la Chine, avec qui les Am\u00e9ricains sont en pleine n\u00e9gociation commerciale, et avec un pays comme l&rsquo;Inde, dont ils ont besoin pour contrer la Chine en Asie-Pacifique.\u00a0\u00bb<\/p>\n","protected":false},"excerpt":{"rendered":"Mais voil\u00e0, alors qu&rsquo;approche la fameuse \u00e9ch\u00e9ance, rien ne semble avoir boug\u00e9. Au contraire, la rh\u00e9torique russe s&rsquo;est&hellip;\n","protected":false},"author":2,"featured_media":298007,"comment_status":"","ping_status":"","sticky":false,"template":"","format":"standard","meta":{"footnotes":""},"categories":[1591],"tags":[11,2122,75,1887,12,1885,1886,132,135],"class_list":{"0":"post-298006","1":"post","2":"type-post","3":"status-publish","4":"format-standard","5":"has-post-thumbnail","7":"category-russie","8":"tag-actualites","9":"tag-conflit-russie-ukraine","10":"tag-donald-trump","11":"tag-federation-de-russie","12":"tag-news","13":"tag-russia","14":"tag-russian-federation","15":"tag-russie","16":"tag-vladimir-poutine"},"share_on_mastodon":{"url":"https:\/\/pubeurope.com\/@fr\/114976060279341305","error":""},"_links":{"self":[{"href":"https:\/\/www.europesays.com\/fr\/wp-json\/wp\/v2\/posts\/298006","targetHints":{"allow":["GET"]}}],"collection":[{"href":"https:\/\/www.europesays.com\/fr\/wp-json\/wp\/v2\/posts"}],"about":[{"href":"https:\/\/www.europesays.com\/fr\/wp-json\/wp\/v2\/types\/post"}],"author":[{"embeddable":true,"href":"https:\/\/www.europesays.com\/fr\/wp-json\/wp\/v2\/users\/2"}],"replies":[{"embeddable":true,"href":"https:\/\/www.europesays.com\/fr\/wp-json\/wp\/v2\/comments?post=298006"}],"version-history":[{"count":0,"href":"https:\/\/www.europesays.com\/fr\/wp-json\/wp\/v2\/posts\/298006\/revisions"}],"wp:featuredmedia":[{"embeddable":true,"href":"https:\/\/www.europesays.com\/fr\/wp-json\/wp\/v2\/media\/298007"}],"wp:attachment":[{"href":"https:\/\/www.europesays.com\/fr\/wp-json\/wp\/v2\/media?parent=298006"}],"wp:term":[{"taxonomy":"category","embeddable":true,"href":"https:\/\/www.europesays.com\/fr\/wp-json\/wp\/v2\/categories?post=298006"},{"taxonomy":"post_tag","embeddable":true,"href":"https:\/\/www.europesays.com\/fr\/wp-json\/wp\/v2\/tags?post=298006"}],"curies":[{"name":"wp","href":"https:\/\/api.w.org\/{rel}","templated":true}]}}