{"id":298009,"date":"2025-08-05T12:04:10","date_gmt":"2025-08-05T12:04:10","guid":{"rendered":"https:\/\/www.europesays.com\/fr\/298009\/"},"modified":"2025-08-05T12:04:10","modified_gmt":"2025-08-05T12:04:10","slug":"pour-les-pays-du-golfe-leurope-est-un-partenaire-plus-stable-et-credible-que-les-etats-unis","status":"publish","type":"post","link":"https:\/\/www.europesays.com\/fr\/298009\/","title":{"rendered":"\u00ab\u00a0Pour les pays du Golfe, l\u2019Europe est un partenaire plus stable et cr\u00e9dible que les \u00c9tats-Unis\u00a0\u00bb"},"content":{"rendered":"<p>Alors que le Moyen-Orient est entr\u00e9 dans une phase de recomposition acc\u00e9l\u00e9r\u00e9e, marqu\u00e9e par l&rsquo;affaiblissement de l&rsquo;<a class=\"Link\" href=\"https:\/\/www.lepoint.fr\/tags\/iran\" data-gtm=\"click:capsule\" data-capsule=\"Lien\" rel=\"nofollow noopener\" target=\"_blank\">Iran<\/a> et de son \u00ab\u00a0axe de la r\u00e9sistance\u00a0\u00bb, l&rsquo;Arabie saoudite s&rsquo;affirme comme un acteur diplomatique majeur sur la sc\u00e8ne r\u00e9gionale et internationale. Entre r\u00e9conciliation avec ses rivaux (Qatar) et ennemis d&rsquo;hier (Iran), affirmation d\u00e9complex\u00e9e d&rsquo;une politique \u00e9trang\u00e8re aux accents nationalistes et diversification opportuniste de ses partenariats strat\u00e9giques, Riyad entend tirer son \u00e9pingle du jeu en se positionnant habilement comme une puissance d&rsquo;\u00e9quilibre entre Occident, Moyen-Orient et Asie.<\/p>\n<p>Cette qu\u00eate d&rsquo;influence se heurte toutefois aux difficult\u00e9s \u00e9conomiques d&rsquo;un pays qui reste fortement d\u00e9pendant des revenus du p\u00e9trole. La fameuse \u00ab\u00a0vision 2030\u00a0\u00bb port\u00e9e par l&rsquo;homme fort&#8230;<\/p>\n<p>Toute l\u2019actualit\u00e9 \u00e0 1\u20ac le premier mois<\/p>\n<p><a href=\"https:\/\/abo.lepoint.fr\/?provenance=21EDI020098\" class=\"btn\" title=\"S&#039;abonner\" data-gtm=\"click:abo|display:abo\" data-campaign=\"paywall_maison\" rel=\"nofollow noopener\" target=\"_blank\">S&rsquo;abonner<\/a><\/p>\n<p>ou<\/p>\n","protected":false},"excerpt":{"rendered":"Alors que le Moyen-Orient est entr\u00e9 dans une phase de recomposition acc\u00e9l\u00e9r\u00e9e, marqu\u00e9e par l&rsquo;affaiblissement de l&rsquo;Iran et&hellip;\n","protected":false},"author":2,"featured_media":298010,"comment_status":"","ping_status":"","sticky":false,"template":"","format":"standard","meta":{"footnotes":""},"categories":[1589],"tags":[11,73,1866,12,1864,1865,1863,308],"class_list":{"0":"post-298009","1":"post","2":"type-post","3":"status-publish","4":"format-standard","5":"has-post-thumbnail","7":"category-etats-unis","8":"tag-actualites","9":"tag-etats-unis","10":"tag-etats-unis-damerique","11":"tag-news","12":"tag-united-states","13":"tag-united-states-of-america","14":"tag-us","15":"tag-usa"},"share_on_mastodon":{"url":"https:\/\/pubeurope.com\/@fr\/114976067971208711","error":""},"_links":{"self":[{"href":"https:\/\/www.europesays.com\/fr\/wp-json\/wp\/v2\/posts\/298009","targetHints":{"allow":["GET"]}}],"collection":[{"href":"https:\/\/www.europesays.com\/fr\/wp-json\/wp\/v2\/posts"}],"about":[{"href":"https:\/\/www.europesays.com\/fr\/wp-json\/wp\/v2\/types\/post"}],"author":[{"embeddable":true,"href":"https:\/\/www.europesays.com\/fr\/wp-json\/wp\/v2\/users\/2"}],"replies":[{"embeddable":true,"href":"https:\/\/www.europesays.com\/fr\/wp-json\/wp\/v2\/comments?post=298009"}],"version-history":[{"count":0,"href":"https:\/\/www.europesays.com\/fr\/wp-json\/wp\/v2\/posts\/298009\/revisions"}],"wp:featuredmedia":[{"embeddable":true,"href":"https:\/\/www.europesays.com\/fr\/wp-json\/wp\/v2\/media\/298010"}],"wp:attachment":[{"href":"https:\/\/www.europesays.com\/fr\/wp-json\/wp\/v2\/media?parent=298009"}],"wp:term":[{"taxonomy":"category","embeddable":true,"href":"https:\/\/www.europesays.com\/fr\/wp-json\/wp\/v2\/categories?post=298009"},{"taxonomy":"post_tag","embeddable":true,"href":"https:\/\/www.europesays.com\/fr\/wp-json\/wp\/v2\/tags?post=298009"}],"curies":[{"name":"wp","href":"https:\/\/api.w.org\/{rel}","templated":true}]}}