{"id":298013,"date":"2025-08-05T12:06:11","date_gmt":"2025-08-05T12:06:11","guid":{"rendered":"https:\/\/www.europesays.com\/fr\/298013\/"},"modified":"2025-08-05T12:06:11","modified_gmt":"2025-08-05T12:06:11","slug":"lex-assistant-dun-eurodepute-dextreme-droite-accuse-despionnage-au-profit-de-la-chine","status":"publish","type":"post","link":"https:\/\/www.europesays.com\/fr\/298013\/","title":{"rendered":"L\u2019ex-assistant d\u2019un eurod\u00e9put\u00e9 d\u2019extr\u00eame droite accus\u00e9 d\u2019espionnage au profit de la Chine"},"content":{"rendered":"<p><strong>justice &#8211; Jian Guo, un ex-collaborateur d\u2019un eurod\u00e9put\u00e9 d\u2019extr\u00eame droite allemand soup\u00e7onn\u00e9 d\u2019avoir collect\u00e9 au profit de P\u00e9kin plus de 500 documents, dont certains class\u00e9s comme particuli\u00e8rement sensibles, est jug\u00e9 \u00e0 partir de mardi \u00e0 Dresde<\/strong><\/p>\n<p>Il aurait utilis\u00e9 sa fonction \u00ab pour collecter des informations \u00bb concernant \u00ab les avis et d\u00e9cisions du <a href=\"https:\/\/www.20minutes.fr\/dossier\/parlement_europeen?at_medium=RSS%20feed&amp;at_campaign=ynews&amp;utm_source=yahoo&amp;utm_medium=rss&amp;utm_campaign=news_feed&amp;utm_content=in_article_link\" rel=\"nofollow noopener\" target=\"_blank\" data-ylk=\"slk:Parlement europ\u00e9en;elm:context_link;itc:0;sec:content-canvas\" class=\"link \">Parlement europ\u00e9en<\/a> \u00bb. Un ex-collaborateur d\u2019un eurod\u00e9put\u00e9 d\u2019<a href=\"https:\/\/www.20minutes.fr\/dossier\/extreme_droite?at_medium=RSS%20feed&amp;at_campaign=ynews&amp;utm_source=yahoo&amp;utm_medium=rss&amp;utm_campaign=news_feed&amp;utm_content=in_article_link\" rel=\"nofollow noopener\" target=\"_blank\" data-ylk=\"slk:extr\u00eame droite;elm:context_link;itc:0;sec:content-canvas\" class=\"link \">extr\u00eame droite<\/a> allemand, soup\u00e7onn\u00e9 d\u2019\u00eatre un espion au profit de <a href=\"https:\/\/www.20minutes.fr\/dossier\/pekin?at_medium=RSS%20feed&amp;at_campaign=ynews&amp;utm_source=yahoo&amp;utm_medium=rss&amp;utm_campaign=news_feed&amp;utm_content=in_article_link\" rel=\"nofollow noopener\" target=\"_blank\" data-ylk=\"slk:P\u00e9kin;elm:context_link;itc:0;sec:content-canvas\" class=\"link \">P\u00e9kin<\/a>, est jug\u00e9 \u00e0 partir de ce mardi \u00e0 Dresde, dans un contexte de multiplication des cas d\u2019<a href=\"https:\/\/www.20minutes.fr\/dossier\/espionnage?at_medium=RSS%20feed&amp;at_campaign=ynews&amp;utm_source=yahoo&amp;utm_medium=rss&amp;utm_campaign=news_feed&amp;utm_content=in_article_link\" rel=\"nofollow noopener\" target=\"_blank\" data-ylk=\"slk:espionnage;elm:context_link;itc:0;sec:content-canvas\" class=\"link \">espionnage<\/a> ces derniers mois en <a href=\"https:\/\/www.20minutes.fr\/dossier\/allemagne?at_medium=RSS%20feed&amp;at_campaign=ynews&amp;utm_source=yahoo&amp;utm_medium=rss&amp;utm_campaign=news_feed&amp;utm_content=in_article_link\" rel=\"nofollow noopener\" target=\"_blank\" data-ylk=\"slk:Allemagne;elm:context_link;itc:0;sec:content-canvas\" class=\"link \">Allemagne<\/a>.<\/p>\n<p>De septembre 2019 \u00e0 son arrestation en avril 2024, Jian Guo, de nationalit\u00e9 allemande, \u00e9tait l\u2019un des assistants parlementaires de l\u2019eurod\u00e9put\u00e9 Maximilian Krah, star sur <a href=\"https:\/\/www.20minutes.fr\/high-tech\/tiktok\/?at_medium=RSS%20feed&amp;at_campaign=ynews&amp;utm_source=yahoo&amp;utm_medium=rss&amp;utm_campaign=news_feed&amp;utm_content=in_article_link\" rel=\"nofollow noopener\" target=\"_blank\" data-ylk=\"slk:TikTok;elm:context_link;itc:0;sec:content-canvas\" class=\"link \">TikTok<\/a> et connu lui-m\u00eame pour son penchant pour les autocraties.<\/p>\n<p>Il apparaissait sur les r\u00e9seaux sociaux comme un critique de la Chine<\/p>\n<p>Son interpellation l\u2019an dernier avait fait grand bruit, car Maximilian Krah \u00e9tait alors la t\u00eate de liste de <a href=\"https:\/\/www.20minutes.fr\/politique\/4095542-20240610-europeennes-2024-tete-liste-exclue-ex-allie-rn-tout-savoir-parti-extreme-droite-allemand-afd?at_medium=RSS%20feed&amp;at_campaign=ynews&amp;utm_source=yahoo&amp;utm_medium=rss&amp;utm_campaign=news_feed&amp;utm_content=in_article_link\" rel=\"nofollow noopener\" target=\"_blank\" data-ylk=\"slk:l\u2019Alternative pour l\u2019Allemagne (AfD);elm:context_link;itc:0;sec:content-canvas\" class=\"link \">l\u2019Alternative pour l\u2019Allemagne (AfD)<\/a> pour les \u00e9lections europ\u00e9ennes. Il est depuis pass\u00e9 au Bundestag, o\u00f9 il a \u00e9t\u00e9 \u00e9lu d\u00e9put\u00e9 en f\u00e9vrier 2025.<\/p>\n<p>Actuellement \u00e2g\u00e9 de 44 ans, Jian Guo \u00e9tait employ\u00e9 depuis 2002 par un service de renseignement chinois, affirme le parquet. Au Parlement europ\u00e9en, il aurait collect\u00e9 au profit de P\u00e9kin plus de 500 documents, dont certains class\u00e9s comme particuli\u00e8rement sensibles. Il aurait aussi, toujours selon l\u2019accusation, espionn\u00e9 des opposants et dissidents chinois en Allemagne. Pour ce faire, il serait apparu sur les r\u00e9seaux sociaux comme un critique de la <a href=\"https:\/\/www.20minutes.fr\/dossier\/chine?at_medium=RSS%20feed&amp;at_campaign=ynews&amp;utm_source=yahoo&amp;utm_medium=rss&amp;utm_campaign=news_feed&amp;utm_content=in_article_link\" rel=\"nofollow noopener\" target=\"_blank\" data-ylk=\"slk:Chine;elm:context_link;itc:0;sec:content-canvas\" class=\"link \">Chine<\/a> pour mieux les tromper.<\/p>\n<p>Des d\u00e9tails sur la vie priv\u00e9e et intime de la cheffe de l\u2019AfD<\/p>\n<p>Il aurait \u00e9galement rassembl\u00e9 des infor(&#8230;)<\/p>\n<p><a href=\"https:\/\/www.20minutes.fr\/monde\/allemagne\/4166710-20250805-allemagne-ex-assistant-eurodepute-extreme-droite-accuse-espionnage-profit-chine?at_medium=RSS%20feed&amp;at_campaign=ynews&amp;utm_source=yahoo&amp;utm_medium=rss&amp;utm_campaign=news_feed&amp;utm_content=read_more_link\" rel=\"nofollow noopener\" target=\"_blank\" data-ylk=\"slk:Lire la suite sur 20minutes;elm:context_link;itc:0;sec:content-canvas\" class=\"link \">Lire la suite sur 20minutes<\/a><\/p>\n<p>\u00c0 lire aussi :<br \/><a href=\"https:\/\/www.20minutes.fr\/monde\/royaume-uni\/4154023-20250517-royaume-uni-trois-iraniens-inculpes-soupcons-activites-espionnage?at_medium=RSS%20feed&amp;at_campaign=ynews&amp;utm_source=yahoo&amp;utm_medium=rss&amp;utm_campaign=news_feed&amp;utm_content=related_content_link\" rel=\"nofollow noopener\" target=\"_blank\" data-ylk=\"slk:Royaume-Uni : Trois Iraniens inculp\u00e9s pour des soup\u00e7ons d\u2019activit\u00e9s d\u2019espionnage;elm:context_link;itc:0;sec:content-canvas\" class=\"link \">Royaume-Uni : Trois Iraniens inculp\u00e9s pour des soup\u00e7ons d\u2019activit\u00e9s d\u2019espionnage<\/a><br \/><a href=\"https:\/\/www.20minutes.fr\/monde\/4153877-20250516-suede-diplomate-soupconne-espionnage-retrouve-mort?at_medium=RSS%20feed&amp;at_campaign=ynews&amp;utm_source=yahoo&amp;utm_medium=rss&amp;utm_campaign=news_feed&amp;utm_content=related_content_link\" rel=\"nofollow noopener\" target=\"_blank\" data-ylk=\"slk:Su\u00e8de : Le diplomate soup\u00e7onn\u00e9 d\u2019espionnage a \u00e9t\u00e9 retrouv\u00e9 mort;elm:context_link;itc:0;sec:content-canvas\" class=\"link \">Su\u00e8de : Le diplomate soup\u00e7onn\u00e9 d\u2019espionnage a \u00e9t\u00e9 retrouv\u00e9 mort<\/a><\/p>\n","protected":false},"excerpt":{"rendered":"justice &#8211; Jian Guo, un ex-collaborateur d\u2019un eurod\u00e9put\u00e9 d\u2019extr\u00eame droite allemand soup\u00e7onn\u00e9 d\u2019avoir collect\u00e9 au profit de P\u00e9kin&hellip;\n","protected":false},"author":2,"featured_media":298014,"comment_status":"","ping_status":"","sticky":false,"template":"","format":"standard","meta":{"footnotes":""},"categories":[1587],"tags":[11,672,1804,1805,1803,1777,674,1801,43821,43822,12,8552,2484,18851,1802],"class_list":{"0":"post-298013","1":"post","2":"type-post","3":"status-publish","4":"format-standard","5":"has-post-thumbnail","7":"category-allemagne","8":"tag-actualites","9":"tag-allemagne","10":"tag-bundesrepublik-deutschland","11":"tag-de","12":"tag-deutschland","13":"tag-eu","14":"tag-europe","15":"tag-germany","16":"tag-jian-guo","17":"tag-maximilian-krah","18":"tag-news","19":"tag-parlement-europeen","20":"tag-pekin","21":"tag-profit","22":"tag-republique-federale-dallemagne"},"share_on_mastodon":{"url":"https:\/\/pubeurope.com\/@fr\/114976075594684698","error":""},"_links":{"self":[{"href":"https:\/\/www.europesays.com\/fr\/wp-json\/wp\/v2\/posts\/298013","targetHints":{"allow":["GET"]}}],"collection":[{"href":"https:\/\/www.europesays.com\/fr\/wp-json\/wp\/v2\/posts"}],"about":[{"href":"https:\/\/www.europesays.com\/fr\/wp-json\/wp\/v2\/types\/post"}],"author":[{"embeddable":true,"href":"https:\/\/www.europesays.com\/fr\/wp-json\/wp\/v2\/users\/2"}],"replies":[{"embeddable":true,"href":"https:\/\/www.europesays.com\/fr\/wp-json\/wp\/v2\/comments?post=298013"}],"version-history":[{"count":0,"href":"https:\/\/www.europesays.com\/fr\/wp-json\/wp\/v2\/posts\/298013\/revisions"}],"wp:featuredmedia":[{"embeddable":true,"href":"https:\/\/www.europesays.com\/fr\/wp-json\/wp\/v2\/media\/298014"}],"wp:attachment":[{"href":"https:\/\/www.europesays.com\/fr\/wp-json\/wp\/v2\/media?parent=298013"}],"wp:term":[{"taxonomy":"category","embeddable":true,"href":"https:\/\/www.europesays.com\/fr\/wp-json\/wp\/v2\/categories?post=298013"},{"taxonomy":"post_tag","embeddable":true,"href":"https:\/\/www.europesays.com\/fr\/wp-json\/wp\/v2\/tags?post=298013"}],"curies":[{"name":"wp","href":"https:\/\/api.w.org\/{rel}","templated":true}]}}