{"id":298017,"date":"2025-08-05T12:08:13","date_gmt":"2025-08-05T12:08:13","guid":{"rendered":"https:\/\/www.europesays.com\/fr\/298017\/"},"modified":"2025-08-05T12:08:13","modified_gmt":"2025-08-05T12:08:13","slug":"chronique-accord-ue-usa-indignation-et-consternation-dune-oligarchie-inconsequente","status":"publish","type":"post","link":"https:\/\/www.europesays.com\/fr\/298017\/","title":{"rendered":"[CHRONIQUE] Accord UE\/USA, indignation et consternation d\u2019une oligarchie incons\u00e9quente"},"content":{"rendered":"<p>La signature de l\u2019accord commercial entre l\u2019UE et les USA a provoqu\u00e9 un toll\u00e9 g\u00e9n\u00e9ral. Le gouvernement fran\u00e7ais, parmi d\u2019autres, a d\u00e9plor\u00e9 une reddition en rase campagne dans la guerre commerciale engag\u00e9e par Donald Trump pour avoir accept\u00e9 une augmentation de 15 % des droits de douane, dont les modalit\u00e9s restent \u00e0 d\u00e9finir et notamment les biens concern\u00e9s.<\/p>\n<p>Il a \u00e9t\u00e9 d\u00e9nonc\u00e9 une complaisance coupable \u00e0 l\u2019\u00e9gard des int\u00e9r\u00eats am\u00e9ricains. En fait rien de bien nouveau sous le soleil, de la part de Madame von der Leyen certes, mais il s\u2019agit d\u2019une tradition bien ancr\u00e9e depuis Jean Monnet, agent tr\u00e8s z\u00e9l\u00e9 de l\u2019atlantisme. D\u00e8s 1946, il avait \u00e9t\u00e9 l\u2019artisan de l\u2019accord Blum-Byrnes qui ouvrait la France \u00e0 la production cin\u00e9matographique am\u00e9ricaine et le G\u00e9n\u00e9ral De Gaulle le consid\u00e9rait comme un \u00ab petit financier \u00e0 la solde des am\u00e9ricains \u00bb.<\/p>\n<p>Les Etats ont abandonn\u00e9 leur pouvoir \u00e0 la Commission<\/p>\n<p>Mais il convient de souligner que Madame von der Leyen n\u2019a fait qu\u2019user des pouvoirs que lui conf\u00e8rent les trait\u00e9s. Les n\u00e9gociations commerciales font en effet partie des comp\u00e9tences exclusives de l\u2019Union europ\u00e9enne, ce qui signifie en clair que les \u00c9tats membres ont abandonn\u00e9 leur comp\u00e9tence de n\u00e9gociation commerciale entre les mains de la Commission europ\u00e9enne. Certes celle-ci agit sur mandat donn\u00e9 par le Conseil mais c\u2019est elle qui m\u00e8ne les n\u00e9gociations et se borne \u00e0 informer le Conseil de leur d\u00e9roulement. L\u2019article 207 du trait\u00e9 sur le fonctionnement de l\u2019Union europ\u00e9enne (trait\u00e9 de Lisbonne) stipule : \u00ab les n\u00e9gociations sont conduites par la Commission en consultation avec un comit\u00e9 sp\u00e9cial d\u00e9sign\u00e9 par le Conseil\u2026 \u00bb. Le Conseil, qui repr\u00e9sente les \u00c9tats membres, n\u2019est donc que consult\u00e9 durant les n\u00e9gociations.<\/p>\n<p>Les lamentations du Gouvernement fran\u00e7ais ne sont qu\u2019hypocrisie. Le Premier ministre est un euro b\u00e9at notoire, quant au Pr\u00e9sident de la R\u00e9publique, il semble habit\u00e9 par une sorte de mystique europ\u00e9enne larmoyante comparable \u00e0 celle des mauvais d\u00e9vots du 19\u00e8me si\u00e8cle. Ils ne pouvaient donc ignorer que c\u2019est la Commission qui m\u00e8ne les n\u00e9gociations commerciales. S\u2019ils ont \u00e9t\u00e9 surpris du tour pris par celles-ci c\u2019est soit que le comit\u00e9 sp\u00e9cial du Conseil n\u2019a pas fait son travail, soit qu\u2019ils n\u2019ont pas suivi la question. Autre hypoth\u00e8se, ils sont d\u2019une parfaite mauvaise foi et ne cherchent qu\u2019\u00e0 abuser une opinion publique qu\u2019ils estiment cr\u00e9dule.<\/p>\n<p>Remplacer les hommes ne suffira pas<\/p>\n<p>Chacun a en t\u00eate la question de l\u2019accord avec le Mercosur. La France n\u2019y \u00e9tait pas favorable, la Pr\u00e9sidente de la Commission l\u2019a n\u00e9anmoins sign\u00e9. Et elle \u00e9tait parfaitement dans son droit. Certes les accords commerciaux doivent \u00eatre approuv\u00e9s par le Conseil, mais \u00e0 la majorit\u00e9 qualifi\u00e9e (55 % des Etats et 65 % de la population de l\u2019UE). Ce qui signifie que la France peut se voir imposer des accords qu\u2019elle r\u00e9prouve.<\/p>\n<p>La propension de nos politiciens \u00e0 d\u00e9noncer les cons\u00e9quences des d\u00e9cisions qu\u2019ils ont prises eux- m\u00eames est confondante. La majorit\u00e9 des partis repr\u00e9sent\u00e9s \u00e0 l\u2019Assembl\u00e9e et au S\u00e9nat a approuv\u00e9, soutenu, promu tous les trait\u00e9s europ\u00e9ens qui d\u00e9pouillaient la nation de sa souverainet\u00e9. Comme tous les Pr\u00e9sidents de la R\u00e9publique depuis Giscard d\u2019Estaing. Et les voil\u00e0 qui temp\u00eatent et s\u2019indignent que la Commission europ\u00e9enne use des pouvoirs qui lui ont \u00e9t\u00e9 conf\u00e9r\u00e9s par lesdits trait\u00e9s. Ces gens sont d\u2019une incons\u00e9quence totale ou d\u2019un cynisme absolu. Certains ont sans doute approuv\u00e9 des textes qu\u2019ils n\u2019avaient m\u00eame pas pris la peine de lire et de comprendre. D\u2019autres sont peut-\u00eatre idiots. Mais tous sont incons\u00e9quents. Et finalement, irresponsables.<\/p>\n<p>Certes les Fran\u00e7ais les ont \u00e9lus et portent donc une part de responsabilit\u00e9. Mais, \u00e0 leur d\u00e9charge, en mati\u00e8re europ\u00e9enne, quand ils ont refus\u00e9 le projet de constitution europ\u00e9enne la nomenklatura politique, et \u00e0 sa t\u00eate Nicolas Sarkozy, leur a impos\u00e9 quasiment le m\u00eame texte que celui qui avait \u00e9t\u00e9 repouss\u00e9 par r\u00e9f\u00e9rendum en utilisant la voie parlementaire. Bel exercice d\u00e9mocratique !<\/p>\n<p>Conclusion : que faire d\u2019une semblable nomenklatura politique, qui fait n\u2019importe quoi et en fait payer les cons\u00e9quences au peuple fran\u00e7ais ? La chasser des all\u00e9es du pouvoir au plus vite. Mais remplacer les hommes ne suffira pas. Il faudra renverser tout le syst\u00e8me politique, administratif et judiciaire qui accable les Fran\u00e7ais et changer radicalement la fa\u00e7on de penser la politique. Notre \u00ab\u00a0cher vieux pays\u00a0\u00bb en aura-t-il encore la force\u00a0?<\/p>\n<p>                    <a href=\"#\" rel=\"nofollow\" onclick=\"window.print(); pfTrackEvent('[CHRONIQUE] Accord UE\/USA, indignation et consternation d\u2019une oligarchie incons\u00e9quente'); return false;\" title=\"Printer Friendly, PDF &amp; Email\"><br \/>\n                    <img decoding=\"async\" src=\"https:\/\/www.europesays.com\/fr\/wp-content\/uploads\/2025\/04\/printfriendly-icon-sm.png\" alt=\"Print Friendly, PDF &amp; Email\" class=\"pf-button-img\" style=\"width: 17px;height: 17px;\"\/>Imprimer, enregistrer en PDF cet article<br \/>\n                    <\/a><\/p>\n","protected":false},"excerpt":{"rendered":"La signature de l\u2019accord commercial entre l\u2019UE et les USA a provoqu\u00e9 un toll\u00e9 g\u00e9n\u00e9ral. Le gouvernement fran\u00e7ais,&hellip;\n","protected":false},"author":2,"featured_media":280346,"comment_status":"","ping_status":"","sticky":false,"template":"","format":"standard","meta":{"footnotes":""},"categories":[1586],"tags":[11,1777,674,1779,1011,27,12,25,1778,364],"class_list":{"0":"post-298017","1":"post","2":"type-post","3":"status-publish","4":"format-standard","5":"has-post-thumbnail","7":"category-europe","8":"tag-actualites","9":"tag-eu","10":"tag-europe","11":"tag-european-union","12":"tag-fr","13":"tag-france","14":"tag-news","15":"tag-republique-francaise","16":"tag-ue","17":"tag-union-europeenne"},"share_on_mastodon":{"url":"https:\/\/pubeurope.com\/@fr\/114976083494425011","error":""},"_links":{"self":[{"href":"https:\/\/www.europesays.com\/fr\/wp-json\/wp\/v2\/posts\/298017","targetHints":{"allow":["GET"]}}],"collection":[{"href":"https:\/\/www.europesays.com\/fr\/wp-json\/wp\/v2\/posts"}],"about":[{"href":"https:\/\/www.europesays.com\/fr\/wp-json\/wp\/v2\/types\/post"}],"author":[{"embeddable":true,"href":"https:\/\/www.europesays.com\/fr\/wp-json\/wp\/v2\/users\/2"}],"replies":[{"embeddable":true,"href":"https:\/\/www.europesays.com\/fr\/wp-json\/wp\/v2\/comments?post=298017"}],"version-history":[{"count":0,"href":"https:\/\/www.europesays.com\/fr\/wp-json\/wp\/v2\/posts\/298017\/revisions"}],"wp:featuredmedia":[{"embeddable":true,"href":"https:\/\/www.europesays.com\/fr\/wp-json\/wp\/v2\/media\/280346"}],"wp:attachment":[{"href":"https:\/\/www.europesays.com\/fr\/wp-json\/wp\/v2\/media?parent=298017"}],"wp:term":[{"taxonomy":"category","embeddable":true,"href":"https:\/\/www.europesays.com\/fr\/wp-json\/wp\/v2\/categories?post=298017"},{"taxonomy":"post_tag","embeddable":true,"href":"https:\/\/www.europesays.com\/fr\/wp-json\/wp\/v2\/tags?post=298017"}],"curies":[{"name":"wp","href":"https:\/\/api.w.org\/{rel}","templated":true}]}}