{"id":298018,"date":"2025-08-05T12:09:13","date_gmt":"2025-08-05T12:09:13","guid":{"rendered":"https:\/\/www.europesays.com\/fr\/298018\/"},"modified":"2025-08-05T12:09:13","modified_gmt":"2025-08-05T12:09:13","slug":"pour-patrick-sebastien-les-annulations-senchainent-apres-la-polemique-du-cap-dagde","status":"publish","type":"post","link":"https:\/\/www.europesays.com\/fr\/298018\/","title":{"rendered":"Pour Patrick S\u00e9bastien, les annulations s\u2019encha\u00eenent apr\u00e8s la pol\u00e9mique du Cap d\u2019Agde"},"content":{"rendered":"<p>        <img decoding=\"async\" loading=\"lazy\" src=\"https:\/\/www.europesays.com\/fr\/wp-content\/uploads\/2025\/08\/62b011d_1658597720056-5c9320d1220000c7001b9383.jpeg\"  width=\"728\" height=\"364\" alt=\"Patrick S\u00e9bastien est au coeur d\u2019une pol\u00e9mique depuis fin juillet.\"\/>  <\/p>\n<p>Patrick S\u00e9bastien Twitter<\/p>\n<p>Patrick S\u00e9bastien est au coeur d\u2019une pol\u00e9mique depuis fin juillet.<\/p>\n<p class=\"asset asset-text\">FESTIVAL &#8211; Un geste qui ne toujours passe pas. Alors que l\u2019<a href=\"https:\/\/www.huffingtonpost.fr\/faits-divers\/article\/l-animateur-christophe-beaugrand-et-son-mari-donnent-des-nouvelles-apres-leur-home-jacking_251002.html\" rel=\"nofollow noopener\" target=\"_blank\">animateur<\/a> Patrick S\u00e9bastien devait se produire en <a href=\"https:\/\/www.huffingtonpost.fr\/culture\/article\/les-membres-d-oasis-tristes-et-choques-apres-la-mort-d-un-fan-lors-d-un-concert-a-londres_253245.html\" rel=\"nofollow noopener\" target=\"_blank\">concert<\/a> le 20\u00a0ao\u00fbt\u00a02025 prochain sur le stade de La Motte-du-Caire (Alpes-de-Haute-Provence), il n\u2019en sera finalement rien.<\/p>\n<p class=\"asset asset-text\">En cause, la <a href=\"https:\/\/www.huffingtonpost.fr\/international\/article\/american-eagle-la-maison-blanche-se-mele-a-la-polemique-sur-les-jeans-de-sydney-sweeney_253164.html\" rel=\"nofollow noopener\" target=\"_blank\">pol\u00e9mique<\/a> qui touche l\u2019animateur depuis la fin du mois de juillet. Lors d\u2019un concert dans un camping naturiste le 22\u00a0juillet\u00a0au Cap d\u2019Agde (H\u00e9rault), le chanteur de 71\u00a0ans semble recevoir une fellation de la part d\u2019une spectatrice. Simul\u00e9e ou pas \u2013 les vid\u00e9os amateurs publi\u00e9es sur les r\u00e9seaux sociaux ne permettent pas de le d\u00e9terminer, la sc\u00e8ne a choqu\u00e9 une bonne partie du public, compos\u00e9 de familles avec des enfants.<\/p>\n<p class=\"asset asset-text\"><a href=\"https:\/\/www.mediapart.fr\/journal\/france\/290725\/au-cap-d-agde-devant-des-familles-patrick-sebastien-offre-une-fellation-en-guise-de\" target=\"_blank\" rel=\"noopener nofollow\" title=\"Nouvelle fen\u00eatre\">Sollicit\u00e9 par Mediapart<\/a>, l\u2019avocat de Patrick S\u00e9bastien assure qu\u2019aucun acte sexuel n\u2019a \u00e9t\u00e9 r\u00e9alis\u00e9. Selon Me Robin Binsard, il s\u2019agissait d\u2019une sc\u00e8ne \u00ab\u00a0mim\u00e9e\u00a0\u00bb et \u00ab\u00a0conteste tout comportement d\u2019ordre sexuel\u00a0\u00bb. Et de rejeter la responsabilit\u00e9 de la s\u00e9quence sur la spectatrice\u00a0: \u00ab\u00a0Monsieur Patrick S\u00e9bastien a \u00e9t\u00e9 vivement surpris par le comportement de cette femme et n\u2019a pas manqu\u00e9 de mettre fin \u00e0 cette mise en sc\u00e8ne.\u00a0\u00bb<\/p>\n<p class=\"asset asset-text\">Cette pol\u00e9mique met dans l\u2019embarras de nombreux organisateurs d\u2019\u00e9v\u00e9nements, dont le comit\u00e9 des f\u00eates de La Motte-du-Caire, qui s\u2019est r\u00e9uni ce lundi 4\u00a0ao\u00fbt et annul\u00e9 le concert. Ami du chanteur et pr\u00e9sident du comit\u00e9, Jean-Louis Recrosio s\u2019\u00e9tait exprim\u00e9 <a href=\"https:\/\/www.laprovence.com\/article\/culture-loisirs\/6582648298463214\/apres-la-polemique-de-la-fellation-le-concert-de-patrick-sebastien-est-annule-dans-les-alpes-de-haute-provence?logora_drawer=%2Fespace-debat%2Fcommentaires%2F6582648298463214\" target=\"_blank\" rel=\"noopener nofollow\" title=\"Nouvelle fen\u00eatre\">aupr\u00e8s de La Provence<\/a> le 31\u00a0juillet dernier\u00a0: \u00ab\u00a0Ce n\u2019est pas ce dont nous avions besoin et ce n\u2019est pas l\u2019image que l\u2019on souhaite donner de cet \u00e9v\u00e9nement festif tout public\u00a0\u00bb.<\/p>\n<p class=\"asset asset-text\">Cette annulation n\u2019est pas un cas isol\u00e9 pour l\u2019ancien animateur, qui devait \u00e9galement se produire au festival de th\u00e9\u00e2tre \u00ab\u00a0Humour et danse\u00a0\u00bb de Roquebrune-Cap-Martin (Alpes-Maritimes), vendredi 8\u00a0ao\u00fbt. Cette prestation n\u2019aura jamais lieu, comme l\u2019ont r\u00e9v\u00e9l\u00e9\u00a0<a href=\"https:\/\/www.bfmtv.com\/culture\/c-est-un-tres-gros-camion-un-festival-annule-la-venue-de-patrick-sebastien-pour-des-raisons-techniques-quelques-jours-apres-son-geste-choquant_AN-202508010393.html\" target=\"_blank\" rel=\"noopener nofollow\" title=\"Nouvelle fen\u00eatre\">nos confr\u00e8res de\u00a0BFMTV<\/a>. Des raisons techniques et logistiques ont toutefois \u00e9t\u00e9 avanc\u00e9es par son organisatrice, Chantal Martino. Les organisateurs ont promis le remboursement int\u00e9gral des tickets alors que Patrick S\u00e9bastien devait \u00eatre le parrain de sa 50e \u00e9dition.<\/p>\n<p class=\"asset asset-text\">Depuis la pol\u00e9mique du Cap d\u2019Agde, le chanteur et humoriste s\u2019est produit \u00e0 la Foire des vins d\u2019Alsace \u00e0 Colmar, dimanche 3\u00a0ao\u00fbt.<\/p>\n","protected":false},"excerpt":{"rendered":"Patrick S\u00e9bastien Twitter Patrick S\u00e9bastien est au coeur d\u2019une pol\u00e9mique depuis fin juillet. FESTIVAL &#8211; Un geste qui&hellip;\n","protected":false},"author":2,"featured_media":298019,"comment_status":"","ping_status":"","sticky":false,"template":"","format":"standard","meta":{"footnotes":""},"categories":[2],"tags":[11,1697,58,849,1011,27,12,6097,1062,25],"class_list":{"0":"post-298018","1":"post","2":"type-post","3":"status-publish","4":"format-standard","5":"has-post-thumbnail","7":"category-actualites","8":"tag-actualites","9":"tag-concert","10":"tag-divertissement","11":"tag-festival","12":"tag-fr","13":"tag-france","14":"tag-news","15":"tag-patrick-sebastien","16":"tag-polemique","17":"tag-republique-francaise"},"share_on_mastodon":{"url":"https:\/\/pubeurope.com\/@fr\/114976087429887111","error":""},"_links":{"self":[{"href":"https:\/\/www.europesays.com\/fr\/wp-json\/wp\/v2\/posts\/298018","targetHints":{"allow":["GET"]}}],"collection":[{"href":"https:\/\/www.europesays.com\/fr\/wp-json\/wp\/v2\/posts"}],"about":[{"href":"https:\/\/www.europesays.com\/fr\/wp-json\/wp\/v2\/types\/post"}],"author":[{"embeddable":true,"href":"https:\/\/www.europesays.com\/fr\/wp-json\/wp\/v2\/users\/2"}],"replies":[{"embeddable":true,"href":"https:\/\/www.europesays.com\/fr\/wp-json\/wp\/v2\/comments?post=298018"}],"version-history":[{"count":0,"href":"https:\/\/www.europesays.com\/fr\/wp-json\/wp\/v2\/posts\/298018\/revisions"}],"wp:featuredmedia":[{"embeddable":true,"href":"https:\/\/www.europesays.com\/fr\/wp-json\/wp\/v2\/media\/298019"}],"wp:attachment":[{"href":"https:\/\/www.europesays.com\/fr\/wp-json\/wp\/v2\/media?parent=298018"}],"wp:term":[{"taxonomy":"category","embeddable":true,"href":"https:\/\/www.europesays.com\/fr\/wp-json\/wp\/v2\/categories?post=298018"},{"taxonomy":"post_tag","embeddable":true,"href":"https:\/\/www.europesays.com\/fr\/wp-json\/wp\/v2\/tags?post=298018"}],"curies":[{"name":"wp","href":"https:\/\/api.w.org\/{rel}","templated":true}]}}