{"id":298020,"date":"2025-08-05T12:10:10","date_gmt":"2025-08-05T12:10:10","guid":{"rendered":"https:\/\/www.europesays.com\/fr\/298020\/"},"modified":"2025-08-05T12:10:10","modified_gmt":"2025-08-05T12:10:10","slug":"la-depouille-damandine-la-jeune-fille-morte-de-faim-en-2020-deplacee-ce-mardi","status":"publish","type":"post","link":"https:\/\/www.europesays.com\/fr\/298020\/","title":{"rendered":"La d\u00e9pouille d\u2019Amandine, la jeune fille morte de faim en\u00a02020, d\u00e9plac\u00e9e ce mardi"},"content":{"rendered":"<p>Un petit soulagement dans l\u2019immense douleur. Le p\u00e8re d\u2019Amandine, <a href=\"https:\/\/www.20minutes.fr\/justice\/4133762-20250119-maltraitance-peau-os-martyre-amandine-morte-faim-13-ans-devant-justice\" target=\"_blank\" class=\"color-ultramarine c-link\" rel=\"noopener\">cette jeune fille morte faim<\/a> \u00e0 13 ans par maltraitance de la part de sa m\u00e8re et son beau-p\u00e8re, a obtenu le d\u00e9placement de la d\u00e9pouille de sa fille. Alors qu\u2019elle \u00e9tait enterr\u00e9e dans le caveau familial de son tortionnaire depuis cinq ans \u00e0 La Salvetat (<a href=\"https:\/\/www.20minutes.fr\/societe\/herault\/\" target=\"_blank\" class=\"color-ultramarine c-link\" rel=\"noopener\">H\u00e9rault<\/a>), le corps d\u2019Amandine va \u00eatre exhum\u00e9 ce mardi pour \u00eatre \u00e0 nouveau enterr\u00e9 le lendemain.<\/p>\n<p>Cette fois \u00e0 Saint-Est\u00e8ve, non loin de Perpignan (<a href=\"https:\/\/www.20minutes.fr\/dossier\/pyrenees_orientales\" target=\"_blank\" class=\"color-ultramarine c-link\" rel=\"noopener\">Pyr\u00e9n\u00e9es-Orientales<\/a>), o\u00f9 habite son p\u00e8re Fr\u00e9d\u00e9ric Flor\u00e8s. \u00ab\u00a0Elle ne reposait pas au bon endroit puisqu\u2019elle a \u00e9t\u00e9 inhum\u00e9e dans le caveau de la famille de son beau-p\u00e8re, l\u2019un de ses bourreaux\u00a0\u00bb, a-t-il expliqu\u00e9 au <a href=\"https:\/\/www.leparisien.fr\/faits-divers\/la-depouille-damandine-transferee-elle-ne-pouvait-rester-dans-la-tombe-familiale-de-ses-tortionnaires-05-08-2025-HVRUYEDN7JBC5CETXIN2UPO7RM.php\" rel=\"nofollow noopener\" target=\"_blank\" class=\"color-ultramarine c-link\">Parisien<\/a>.<\/p>\n<p>Les tortionnaires condamn\u00e9s<\/p>\n<p>En janvier, \u00e0 l\u2019issue du proc\u00e8s, Sandrine Pissarra, la m\u00e8re de famille jug\u00e9e pour actes de \u00ab\u00a0torture\u00a0\u00bb et de \u00ab\u00a0barbarie\u00a0\u00bb sur sa fille a \u00e9t\u00e9 condamn\u00e9e \u00e0 la r\u00e9clusion criminelle \u00e0 perp\u00e9tuit\u00e9, assortie d\u2019une p\u00e9riode de s\u00fbret\u00e9 de 20 ans. Elle avait <a href=\"https:\/\/www.20minutes.fr\/justice\/4134879-20250122-amandine-morte-faim-13-ans-reconnais-aveux-tardifs-mere-jugee-actes-barbarie\" target=\"_blank\" class=\"color-ultramarine c-link\" rel=\"noopener\">tardivement reconnu les faits<\/a>.<\/p>\n<p><a href=\"https:\/\/www.20minutes.fr\/societe\/maltraitance-infantile\/\" target=\"_blank\" class=\"c-link c-btn c-btn--primary\" rel=\"noopener\">Tous nos articles sur la maltraitance infantile<\/a><\/p>\n<p>La cour d\u2019assises de l\u2019H\u00e9rault a par ailleurs condamn\u00e9 son ex-compagnon, Jean-Michel Cros, \u00e0 20 ans de r\u00e9clusion criminelle, pour avoir priv\u00e9 sa belle-fille de soins jusqu\u2019\u00e0 sa mort, le 6\u00a0ao\u00fbt 2020.<\/p>\n","protected":false},"excerpt":{"rendered":"Un petit soulagement dans l\u2019immense douleur. Le p\u00e8re d\u2019Amandine, cette jeune fille morte faim \u00e0 13 ans par&hellip;\n","protected":false},"author":2,"featured_media":298021,"comment_status":"","ping_status":"","sticky":false,"template":"","format":"standard","meta":{"footnotes":""},"categories":[2],"tags":[47,11,118,1011,27,7089,2681,19232,24934,12,2680,3464,25,24621],"class_list":{"0":"post-298020","1":"post","2":"type-post","3":"status-publish","4":"format-standard","5":"has-post-thumbnail","7":"category-actualites","8":"tag-actualite","9":"tag-actualites","10":"tag-faits-divers","11":"tag-fr","12":"tag-france","13":"tag-herault","14":"tag-languedoc-roussillon","15":"tag-maltraitance","16":"tag-maltraitance-infantile","17":"tag-news","18":"tag-occitanie","19":"tag-perpignan","20":"tag-republique-francaise","21":"tag-torture"},"share_on_mastodon":{"url":"https:\/\/pubeurope.com\/@fr\/114976091295827033","error":""},"_links":{"self":[{"href":"https:\/\/www.europesays.com\/fr\/wp-json\/wp\/v2\/posts\/298020","targetHints":{"allow":["GET"]}}],"collection":[{"href":"https:\/\/www.europesays.com\/fr\/wp-json\/wp\/v2\/posts"}],"about":[{"href":"https:\/\/www.europesays.com\/fr\/wp-json\/wp\/v2\/types\/post"}],"author":[{"embeddable":true,"href":"https:\/\/www.europesays.com\/fr\/wp-json\/wp\/v2\/users\/2"}],"replies":[{"embeddable":true,"href":"https:\/\/www.europesays.com\/fr\/wp-json\/wp\/v2\/comments?post=298020"}],"version-history":[{"count":0,"href":"https:\/\/www.europesays.com\/fr\/wp-json\/wp\/v2\/posts\/298020\/revisions"}],"wp:featuredmedia":[{"embeddable":true,"href":"https:\/\/www.europesays.com\/fr\/wp-json\/wp\/v2\/media\/298021"}],"wp:attachment":[{"href":"https:\/\/www.europesays.com\/fr\/wp-json\/wp\/v2\/media?parent=298020"}],"wp:term":[{"taxonomy":"category","embeddable":true,"href":"https:\/\/www.europesays.com\/fr\/wp-json\/wp\/v2\/categories?post=298020"},{"taxonomy":"post_tag","embeddable":true,"href":"https:\/\/www.europesays.com\/fr\/wp-json\/wp\/v2\/tags?post=298020"}],"curies":[{"name":"wp","href":"https:\/\/api.w.org\/{rel}","templated":true}]}}