{"id":298026,"date":"2025-08-05T12:14:10","date_gmt":"2025-08-05T12:14:10","guid":{"rendered":"https:\/\/www.europesays.com\/fr\/298026\/"},"modified":"2025-08-05T12:14:10","modified_gmt":"2025-08-05T12:14:10","slug":"pro-d2-dax-en-mauvaise-sante-financiere-le-club-se-defend-de-tout-probleme","status":"publish","type":"post","link":"https:\/\/www.europesays.com\/fr\/298026\/","title":{"rendered":"Pro D2. Dax en mauvaise sant\u00e9 financi\u00e8re ? Le club se d\u00e9fend de tout probl\u00e8me"},"content":{"rendered":"<p>            Par<br \/>\n        <strong><br \/>\n            <a href=\"https:\/\/actu.fr\/auteur\/redaction-rugby\" title=\"Consulter tous les articles de R\u00e9daction Rugby\" target=\"_blank\" rel=\"noopener\">R\u00e9daction Rugby<\/a><br \/>\n        <\/strong><\/p>\n<p>        Publi\u00e9 le<\/p>\n<p>            5 ao\u00fbt 2025 \u00e0 10h59        <\/p>\n<p>Dax serait-il en mauvaise posture d\u2019un point de vue financier ? C\u2019est en tout cas ce qu\u2019affirme <a href=\"https:\/\/www.sudouest.fr\/sport\/rugby\/us-dax\/info-sud-ouest-pro-d2-l-us-dax-dans-la-tourmente-financiere-25470275.php\" target=\"_blank\" rel=\"noopener\">Sud-Ouest\u00a0<\/a>dans un article paru ce jour. Le journal nous apprend que l\u2019US Dax pourrait avoir des probl\u00e8mes dans son budget de l\u2019ordre de 639 000 euros\u2026<\/p>\n<p>Un communiqu\u00e9 pour rassurer<\/p>\n<p class=\" wall-content\">En cause ? D\u2019apr\u00e8s un document de l\u2019Autorit\u00e9 de r\u00e9gulation du rugby (A2R) que nos confr\u00e8res ont pu consulter, trois postes posent probl\u00e8me. Premi\u00e8rement, un soutien \u00e0 l\u2019association support. Viennent ensuite, le licenciement de l\u2019ancien staff ainsi qu\u2019une estimation jug\u00e9e trop optimiste des droits LNR.\u00a0<\/p>\n<p class=\" wall-content\">Avec ce document, le club se retrouverait sous le joug de sanctions du gendarme financier du rugby fran\u00e7ais. Ce qu\u2019il a tenu \u00e0 d\u00e9mentir dans <a href=\"https:\/\/usdrugby-landes.fr\/actualites\/communique-officiel-121804254172.html\" target=\"_blank\" rel=\"noopener\">un communiqu\u00e9<\/a> par ces mots : \u00ab\u00a0L\u2019US DAX Rugby Landes souhaite r\u00e9agir \u00e0 l\u2019article tr\u00e8s mal orient\u00e9 de Sud Ouest de ce jour et pr\u00e9cise que le club n\u2019est absolument pas dans \u00ab une tourmente financi\u00e8re \u00bb et que les garanties demand\u00e9es par l\u2019autorit\u00e9 de r\u00e9gulation pour la saison prochaine sont apport\u00e9es actuellement par son Pr\u00e9sident.\u00a0\u00bb<\/p>\n<p>Un retrait de points en attente de conciliation<\/p>\n<p class=\" wall-content\">Avant de poursuivre : \u00ab\u00a0le club rappelle aussi que le budget de la saison derni\u00e8re a \u00e9t\u00e9 cl\u00f4tur\u00e9 par une augmentation de capital r\u00e9alis\u00e9e par les actionnaires du conseil d\u2019administration, ce qui a permis de terminer l\u2019exercice 24-25 positivement.\u00a0\u00bb<\/p>\n<p class=\" wall-content\">Concernant un \u00e9ventuel retrait de points en d\u00e9but de saison, l\u2019US Dax n\u2019est pas si affirmative et se retrouve plut\u00f4t dans l\u2019expectative comme il le pr\u00e9cise : \u00ab\u00a0Au sujet de la sanction concernant les points retir\u00e9s pour la saison prochaine, le club est toujours en attente du retour de la conciliation avec le CNOSF.\u00a0\u00bb<\/p>\n<p>D\u00e9but de saison \u00e0 Valence le 29 ao\u00fbt<\/p>\n<p class=\" wall-content\">Malgr\u00e9 un \u00e9ventuel retrait de points, l\u2019engagement du club en Pro D2 a \u00e9t\u00e9 valid\u00e9 par la LNR comme il tient \u00e0 le rappeler. Maintenant, reste \u00e0 savoir comment le club landais commencera la saison \u2026<\/p>\n<p class=\" wall-content\">Avec des points en moins d\u00e8s le 29 ao\u00fbt pour un d\u00e9placement \u00e0 Valence-Romans ? Rien n\u2019est moins s\u00fbr, mais le sujet risque d\u2019\u00eatre sur toutes les l\u00e8vres lors des f\u00eates de Dax, le week-end du 15 ao\u00fbt \u2026<\/p>\n<p class=\" wall-content\">Suivez toute l\u2019actualit\u00e9 de vos villes et m\u00e9dias favoris en vous inscrivant \u00e0 <a href=\"https:\/\/moncompte.actu.fr\" title=\"D\u00e9couvez Mon Actu\" rel=\"nofollow noopener\" data-trk=\"{&quot;cta&quot;:{&quot;action&quot;:&quot;https:\\\/\\\/moncompte.actu.fr&quot;,&quot;category&quot;:&quot;mon compte&quot;,&quot;from&quot;:&quot;article footer&quot;,&quot;name&quot;:&quot;Mon actu&quot;,&quot;type&quot;:&quot;cta&quot;}}\" target=\"_blank\">Mon Actu<\/a>.<\/p>\n","protected":false},"excerpt":{"rendered":"Par R\u00e9daction Rugby Publi\u00e9 le 5 ao\u00fbt 2025 \u00e0 10h59 Dax serait-il en mauvaise posture d\u2019un point de&hellip;\n","protected":false},"author":2,"featured_media":298027,"comment_status":"","ping_status":"","sticky":false,"template":"","format":"standard","meta":{"footnotes":""},"categories":[1416],"tags":[1011,27,3788,2308,479,1468,60],"class_list":{"0":"post-298026","1":"post","2":"type-post","3":"status-publish","4":"format-standard","5":"has-post-thumbnail","7":"category-rugby","8":"tag-fr","9":"tag-france","10":"tag-pro","11":"tag-pro-d2","12":"tag-rugby","13":"tag-rugby-football","14":"tag-sports"},"share_on_mastodon":{"url":"https:\/\/pubeurope.com\/@fr\/114976106957515831","error":""},"_links":{"self":[{"href":"https:\/\/www.europesays.com\/fr\/wp-json\/wp\/v2\/posts\/298026","targetHints":{"allow":["GET"]}}],"collection":[{"href":"https:\/\/www.europesays.com\/fr\/wp-json\/wp\/v2\/posts"}],"about":[{"href":"https:\/\/www.europesays.com\/fr\/wp-json\/wp\/v2\/types\/post"}],"author":[{"embeddable":true,"href":"https:\/\/www.europesays.com\/fr\/wp-json\/wp\/v2\/users\/2"}],"replies":[{"embeddable":true,"href":"https:\/\/www.europesays.com\/fr\/wp-json\/wp\/v2\/comments?post=298026"}],"version-history":[{"count":0,"href":"https:\/\/www.europesays.com\/fr\/wp-json\/wp\/v2\/posts\/298026\/revisions"}],"wp:featuredmedia":[{"embeddable":true,"href":"https:\/\/www.europesays.com\/fr\/wp-json\/wp\/v2\/media\/298027"}],"wp:attachment":[{"href":"https:\/\/www.europesays.com\/fr\/wp-json\/wp\/v2\/media?parent=298026"}],"wp:term":[{"taxonomy":"category","embeddable":true,"href":"https:\/\/www.europesays.com\/fr\/wp-json\/wp\/v2\/categories?post=298026"},{"taxonomy":"post_tag","embeddable":true,"href":"https:\/\/www.europesays.com\/fr\/wp-json\/wp\/v2\/tags?post=298026"}],"curies":[{"name":"wp","href":"https:\/\/api.w.org\/{rel}","templated":true}]}}