{"id":298030,"date":"2025-08-05T12:17:11","date_gmt":"2025-08-05T12:17:11","guid":{"rendered":"https:\/\/www.europesays.com\/fr\/298030\/"},"modified":"2025-08-05T12:17:11","modified_gmt":"2025-08-05T12:17:11","slug":"motogp-jetais-detruit-mentalement-marco-bezzecchi-se-livre-sur-un-debut-de-saison-difficile","status":"publish","type":"post","link":"https:\/\/www.europesays.com\/fr\/298030\/","title":{"rendered":"MotoGP, \u00ab J&rsquo;\u00e9tais d\u00e9truit mentalement \u00bb, Marco Bezzecchi se livre sur un d\u00e9but de saison difficile"},"content":{"rendered":"<p class=\"my-0\">\u00c0 la mi-saison <a href=\"https:\/\/www.autohebdo.fr\/actualites\/motogp\" data-internallinksmanager029f6b8e52c=\"4\" title=\"MotoGP\" rel=\"nofollow noopener\" target=\"_blank\">MotoGP<\/a>, le bilan d\u2019Aprilia est plut\u00f4t positif. Lorsqu\u2019on s\u2019int\u00e9resse au d\u00e9but de saison de la marque de Noale, les choses auraient pu \u00eatre bien pires. Chaque pilote a connu des hauts et des bas pour diff\u00e9rentes raisons, souvent li\u00e9es \u00e0 des blessures. Mais en r\u00e8gle g\u00e9n\u00e9ral, le constructeur italien a pu compter sur la force de caract\u00e8re de Marco Bezzecchi. \u00c0 force de pers\u00e9v\u00e9rance, le Transalpin est parvenu \u00e0 faire de cette premi\u00e8re moiti\u00e9 de saison une r\u00e9ussite.<\/p>\n<p class=\"my-0\">Car si les premiers Grands Prix semblaient confirmer la difficult\u00e9 pressentie d\u00e8s les essais hivernaux, les derniers rendez-vous avant la tr\u00eave laissent entrevoir de belles perspectives. Mais celui qui fut le leader naturel du team usine, \u00e9tant donn\u00e9 l\u2019absence de Jorge Martin, n\u2019a toutefois pas pass\u00e9 une entame de campagne facile. \u00c0 l\u2019heure de dresser le bilan des douze premi\u00e8res courses de l\u2019ann\u00e9e, Marco Bezzecchi ne cache pas avoir souffert de la solitude ressentie durant le d\u00e9veloppement de la RS-GP.<\/p>\n<p class=\"my-0\">\u00ab Les premi\u00e8res manches de la saison ont \u00e9t\u00e9 difficiles, car les Essais de pr\u00e9-saison l\u2019ont \u00e9t\u00e9. Tout seul pour d\u00e9velopper la moto. \u00c9videmment j\u2019avais l\u2019aide de Sava [Lorenzo Savadori], et des gars de Trackhouse. Mais la majeure partie du d\u00e9veloppement reposait sur moi. C\u2019\u00e9tait difficile \u00bb, avoue Marco Bezzecchi dans une <a href=\"https:\/\/www.motogp.com\/fr\/videos\/2025\/07\/30\/aprilia-le-bilan-a-mi-saison\/755436?playlistId=17859\" rel=\"nofollow noopener\" target=\"_blank\">vid\u00e9o publi\u00e9e sur MotoGP.com<\/a>.<\/p>\n<p class=\"my-0\">\u00ab Physiquement et mentalement, je n\u2019\u00e9tais pas fatigu\u00e9, mais d\u00e9truit\u2026 Surtout mentalement, poursuit l\u2019Italien. Les premi\u00e8res courses, quand les r\u00e9sultats ne venaient pas, j\u2019\u00e9tais aussi un peu triste car je m\u2019attendait \u00e0 un peu mieux compte tenu de tout le travail que nous avions effectu\u00e9. Mais nous sommes rest\u00e9s calmes. Les choses ont commenc\u00e9 \u00e0 s\u2019am\u00e9liorer, et nous avons continu\u00e9 \u00e0 progresser. Tout est un petit peu mieux. Nous avons obtenu de bons r\u00e9sultats. \u00bb<\/p>\n<p class=\"my-0\">Sa r\u00e9silience a pay\u00e9 puisque l\u2019Italien s\u2019est ensuite impos\u00e9 \u00e0 Silverstone, lors du Grand Prix de Grande-Bretagne, en guise de premier podium de l\u2019ann\u00e9e. Il a ensuite sign\u00e9 deux top-3 en Sprint, ainsi que deux secondes places en Grand Prix. Une s\u00e9rie de r\u00e9sultats qui lui permettent d\u2019occuper la 4e position du championnat, juste derri\u00e8re l\u2019intouchable trio Ducati.<\/p>\n<p>Jorge Martin pr\u00eat \u00e0 se battre avec Aprilia<\/p>\n<p class=\"my-0\">De l\u2019autre c\u00f4t\u00e9 du garage officiel, devait se trouver Jorge Martin. Toutefois, il fut contraint \u00e0 une longue absence apr\u00e8s une s\u00e9rie de blessures, qui a d\u00e9but\u00e9 lors des Essais hivernaux. Arriv\u00e9 chez Aprilia comme grand espoir, il a choisi la patience pour se reconstruire.<\/p>\n<p class=\"my-0\">\u00ab J\u2019ai toujours tout donn\u00e9. Pendant que je r\u00e9cup\u00e9rais. J\u2019ai pass\u00e9 beaucoup de temps \u00e0 m\u2019entra\u00eener et \u00e0 r\u00e9cup\u00e9rer, et maintenant je suis revenu plus fort. C\u2019est le principal. \u00bb<\/p>\n<p class=\"my-0\">Apr\u00e8s une tentative de retour avort\u00e9e au Qatar, sold\u00e9e par une nouvelle blessure, le champion du monde en titre a attendu quatre mois de plus. Il a ainsi retrouv\u00e9 la piste \u00e0 Brno (Tch\u00e9quie), d\u00e9crochant d\u2019embl\u00e9e une brillante 7e place, signe d\u2019un potentiel pr\u00eat \u00e0 s\u2019exprimer lors des 10 derni\u00e8res manches de la saison. Autre donn\u00e9e importante, apr\u00e8s le feuilleton contractuel que se sont livr\u00e9 Jorge Martin et Aprilia, l\u2019Espagnol a fait le choix de rester fid\u00e8le \u00e0 la marque l\u2019an prochain. Un autre point qui leur permet d\u2019aborder les 10 derni\u00e8res manches avec s\u00e9r\u00e9nit\u00e9.<\/p>\n<p><a href=\"https:\/\/www.autohebdo.fr\/app\/uploads\/2025\/08\/ar-czechgp-saturday-05.jpg\" data-lbwps-width=\"3000\" data-lbwps-height=\"2000\" data-lbwps-srcsmall=\"https:\/\/www.autohebdo.fr\/app\/uploads\/2025\/08\/ar-czechgp-saturday-05-300x200.jpg\" rel=\"nofollow noopener\" target=\"_blank\"><img fetchpriority=\"high\" decoding=\"async\" aria-describedby=\"caption-attachment-626099\" class=\"wp-image-626099\" src=\"https:\/\/www.europesays.com\/fr\/wp-content\/uploads\/2025\/08\/ar-czechgp-saturday-05-scaled.jpg\" alt=\"Aprilia\" width=\"665\" height=\"443\"  \/><\/a><\/p>\n<p id=\"caption-attachment-626099\" class=\"wp-caption-text\">\u00a9 Aprilia Racing<\/p>\n<p>Un bilan \u2018OK\u2019 pour Trackhouse Racing<\/p>\n<p class=\"my-0\">Dans l\u2019\u00e9quipe satellite Trackhouse, Raul Fernandez a \u00e9galement connu un d\u00e9but d\u2019ann\u00e9e compliqu\u00e9. Cons\u00e9quences d\u2019une blessure lors des essais hivernaux \u00e9galement. Mais les progr\u00e8s se sont encha\u00een\u00e9s : \u00ab Nous avons beaucoup souffert avec les r\u00e9glages en d\u00e9but de saison. Apr\u00e8s la blessure \u00e0 Sepang, en Essais hivernaux, je ne pouvais pas trouver le bon set up. Ensuite, nous sommes arriv\u00e9s \u00e0 Jerez, et nous avons trouv\u00e9 quelques chose. Depuis, nous avons commenc\u00e9 \u00e0 \u00eatre de plus en plus rapides, et \u00e0 faire du bon travail. \u00bb<br \/>Fernandez a boucl\u00e9 la premi\u00e8re moiti\u00e9 de saison par cinq top-10 cons\u00e9cutifs, retrouvant le sourire \u00e0 chaque Grand Prix.<\/p>\n<p class=\"my-0\">Enfin, Ai Ogura, de son c\u00f4t\u00e9, n\u2019\u00e9lude ni les difficult\u00e9s ni les progr\u00e8s : \u00ab Il y a eu des hauts et des bas, c\u2019est s\u00fbr. Nous sommes plus ou moins l\u00e0 o\u00f9 nous nous attendions \u00e0 \u00eatre. Je n\u2019aime pas la fa\u00e7on dont j\u2019ai termin\u00e9 la premi\u00e8re moiti\u00e9 de saison. Mais c\u2019est OK. En g\u00e9n\u00e9ral, c\u2019est plut\u00f4t OK. \u00bb Apr\u00e8s une s\u00e9rie de blessures et des courses sans point, le Japonais reste modeste. On en oublierait presque le double top-5 sign\u00e9 en Tha\u00eflande, \u00e0 l\u2019occasion de sa toute premi\u00e8re course en cat\u00e9gorie reine.<\/p>\n<p class=\"my-0\">On peut en conclure qu\u2019Aprilia retrouve le moral \u00e0 la mi-saison. Apr\u00e8s une entame compliqu\u00e9e, le succ\u00e8s est arriv\u00e9. Le Team d\u2019usine compte d\u00e9sormais sur un Marco Bezzecchi plus en forme que jamais, install\u00e9 dans le top-4 du classement g\u00e9n\u00e9ral, et un Jorge Martin de retour en forme, et surtout d\u00e9vou\u00e9.<\/p>\n<p><strong>\u00c0 LIRE AUSSI &gt;\u00a0<a href=\"https:\/\/www.autohebdo.fr\/actualites\/motogp\/agostini-incite-ducati-a-remplacer-bagnaia.html\" rel=\"nofollow noopener\" target=\"_blank\">Agostini incite Ducati \u00e0 remplacer Bagnaia<\/a><\/strong><\/p>\n","protected":false},"excerpt":{"rendered":"\u00c0 la mi-saison MotoGP, le bilan d\u2019Aprilia est plut\u00f4t positif. Lorsqu\u2019on s\u2019int\u00e9resse au d\u00e9but de saison de la&hellip;\n","protected":false},"author":2,"featured_media":298031,"comment_status":"","ping_status":"","sticky":false,"template":"","format":"standard","meta":{"footnotes":""},"categories":[1413],"tags":[1011,27,1457,1456,60],"class_list":{"0":"post-298030","1":"post","2":"type-post","3":"status-publish","4":"format-standard","5":"has-post-thumbnail","7":"category-moto","8":"tag-fr","9":"tag-france","10":"tag-moto","11":"tag-motocycle","12":"tag-sports"},"share_on_mastodon":{"url":"https:\/\/pubeurope.com\/@fr\/114976118811771824","error":""},"_links":{"self":[{"href":"https:\/\/www.europesays.com\/fr\/wp-json\/wp\/v2\/posts\/298030","targetHints":{"allow":["GET"]}}],"collection":[{"href":"https:\/\/www.europesays.com\/fr\/wp-json\/wp\/v2\/posts"}],"about":[{"href":"https:\/\/www.europesays.com\/fr\/wp-json\/wp\/v2\/types\/post"}],"author":[{"embeddable":true,"href":"https:\/\/www.europesays.com\/fr\/wp-json\/wp\/v2\/users\/2"}],"replies":[{"embeddable":true,"href":"https:\/\/www.europesays.com\/fr\/wp-json\/wp\/v2\/comments?post=298030"}],"version-history":[{"count":0,"href":"https:\/\/www.europesays.com\/fr\/wp-json\/wp\/v2\/posts\/298030\/revisions"}],"wp:featuredmedia":[{"embeddable":true,"href":"https:\/\/www.europesays.com\/fr\/wp-json\/wp\/v2\/media\/298031"}],"wp:attachment":[{"href":"https:\/\/www.europesays.com\/fr\/wp-json\/wp\/v2\/media?parent=298030"}],"wp:term":[{"taxonomy":"category","embeddable":true,"href":"https:\/\/www.europesays.com\/fr\/wp-json\/wp\/v2\/categories?post=298030"},{"taxonomy":"post_tag","embeddable":true,"href":"https:\/\/www.europesays.com\/fr\/wp-json\/wp\/v2\/tags?post=298030"}],"curies":[{"name":"wp","href":"https:\/\/api.w.org\/{rel}","templated":true}]}}