{"id":298040,"date":"2025-08-05T12:22:16","date_gmt":"2025-08-05T12:22:16","guid":{"rendered":"https:\/\/www.europesays.com\/fr\/298040\/"},"modified":"2025-08-05T12:22:16","modified_gmt":"2025-08-05T12:22:16","slug":"max-ernst-en-hommage-a-la-touraine-et-leonard","status":"publish","type":"post","link":"https:\/\/www.europesays.com\/fr\/298040\/","title":{"rendered":"Max Ernst en hommage \u00e0 la Touraine et L\u00e9onard"},"content":{"rendered":"<p>Depuis plus de cinquante ans, les Amboisiens et les touristes peuvent admirer, quai du G\u00e9n\u00e9ral-de-Gaulle, une statue appel\u00e9e Aux cracheurs, aux dr\u00f4les, au g\u00e9nie, r\u00e9alis\u00e9e par Max Ernst. Un ensemble monumental pens\u00e9 comme un double hommage, \u00e0 la Touraine et \u00e0 L\u00e9onard de Vinci, par l\u2019artiste naturalis\u00e9 fran\u00e7ais gr\u00e2ce \u00e0 l\u2019intervention de Michel Debr\u00e9, maire d\u2019Amboise et premier ministre \u00e0 l\u2019\u00e9poque&#8230;. <\/p>\n<p>    Cet article a \u00e9t\u00e9 tronqu\u00e9. Abonnez-vous pour lire l&rsquo;article complet sur notre site.<\/p>\n<p style=\"margin: 0 !important; padding: 0 !important; font-size: 12px !important;\">Cet article a \u00e9t\u00e9 tronqu\u00e9. Abonnez-vous pour lire l&rsquo;article complet.<\/p>\n<p>    <a href=\"https:\/\/www.lanouvellerepublique.fr\/abonnements\" style=\"display: inline-block; margin-top: 5px !important; padding: 6px 12px !important; background: #cb1c27; color: white; text-decoration: none; border-radius: 4px; font-size: 12px !important;\" target=\"_blank\" rel=\"noopener\"><br \/>\n      S&rsquo;abonner<br \/>\n    <\/a><\/p>\n","protected":false},"excerpt":{"rendered":"Depuis plus de cinquante ans, les Amboisiens et les touristes peuvent admirer, quai du G\u00e9n\u00e9ral-de-Gaulle, une statue appel\u00e9e&hellip;\n","protected":false},"author":2,"featured_media":298041,"comment_status":"","ping_status":"","sticky":false,"template":"","format":"standard","meta":{"footnotes":""},"categories":[1358],"tags":[1392,7502,1348,1384,1385,1386,58,59,1349,1011,27,2551,1352],"class_list":{"0":"post-298040","1":"post","2":"type-post","3":"status-publish","4":"format-standard","5":"has-post-thumbnail","7":"category-arts-et-design","8":"tag-a-la-une-local","9":"tag-amboise","10":"tag-arts","11":"tag-arts-and-design","12":"tag-arts-et-design","13":"tag-design","14":"tag-divertissement","15":"tag-entertainment","16":"tag-expositions","17":"tag-fr","18":"tag-france","19":"tag-patrimoine","20":"tag-urbanisme"},"share_on_mastodon":{"url":"https:\/\/pubeurope.com\/@fr\/114976138430569301","error":""},"_links":{"self":[{"href":"https:\/\/www.europesays.com\/fr\/wp-json\/wp\/v2\/posts\/298040","targetHints":{"allow":["GET"]}}],"collection":[{"href":"https:\/\/www.europesays.com\/fr\/wp-json\/wp\/v2\/posts"}],"about":[{"href":"https:\/\/www.europesays.com\/fr\/wp-json\/wp\/v2\/types\/post"}],"author":[{"embeddable":true,"href":"https:\/\/www.europesays.com\/fr\/wp-json\/wp\/v2\/users\/2"}],"replies":[{"embeddable":true,"href":"https:\/\/www.europesays.com\/fr\/wp-json\/wp\/v2\/comments?post=298040"}],"version-history":[{"count":0,"href":"https:\/\/www.europesays.com\/fr\/wp-json\/wp\/v2\/posts\/298040\/revisions"}],"wp:featuredmedia":[{"embeddable":true,"href":"https:\/\/www.europesays.com\/fr\/wp-json\/wp\/v2\/media\/298041"}],"wp:attachment":[{"href":"https:\/\/www.europesays.com\/fr\/wp-json\/wp\/v2\/media?parent=298040"}],"wp:term":[{"taxonomy":"category","embeddable":true,"href":"https:\/\/www.europesays.com\/fr\/wp-json\/wp\/v2\/categories?post=298040"},{"taxonomy":"post_tag","embeddable":true,"href":"https:\/\/www.europesays.com\/fr\/wp-json\/wp\/v2\/tags?post=298040"}],"curies":[{"name":"wp","href":"https:\/\/api.w.org\/{rel}","templated":true}]}}