{"id":298042,"date":"2025-08-05T12:23:15","date_gmt":"2025-08-05T12:23:15","guid":{"rendered":"https:\/\/www.europesays.com\/fr\/298042\/"},"modified":"2025-08-05T12:23:15","modified_gmt":"2025-08-05T12:23:15","slug":"gilles-marchand-revient-avec-un-roman-sur-les-reves-contraries","status":"publish","type":"post","link":"https:\/\/www.europesays.com\/fr\/298042\/","title":{"rendered":"Gilles Marchand revient avec un roman sur les r\u00eaves contrari\u00e9s"},"content":{"rendered":"<p>L\u2019auteur bordelais revient avec Les promesses orphelines, un roman sensible qui suit le parcours d\u2019un jeune r\u00eaveur dans la France des Trente Glorieuses.<\/p>\n<p><a href=\"https:\/\/leclaireur.fnac.com\/article\/cp56055-le-soldat-desaccorde-de-gilles-marchand-la-guerre-nenleve-pas-lamour\/\" target=\"_blank\" rel=\"noopener\">Gilles Marchand<\/a>, r\u00e9v\u00e9l\u00e9 en 2016 avec\u00a0<a href=\"https:\/\/www.fnac.com\/o10893659\/Une-bouche-sans-personne\/w-4?Origin=leclaireur\" target=\"_blank\" rel=\"noopener\">Une bouche sans personne<\/a>\u00a0(Aux Forges de vulcain), fait son retour avec\u00a0<a href=\"https:\/\/www.fnac.com\/a21591928\/Gilles-Marchand-Les-Promesses-orphelines?Origin=leclaireur\" target=\"_blank\" rel=\"noopener\">Les promesses orphelines<\/a>, un roman m\u00e9lancolique. \u00c0 para\u00eetre le 22 ao\u00fbt aux \u00e9ditions Aux Forges de vulcain, il suit Gino, un adolescent des ann\u00e9es 1950 fascin\u00e9 par le progr\u00e8s et hant\u00e9 par un amour de jeunesse. Ce nouvel opus figure parmi les trente titres s\u00e9lectionn\u00e9s pour le\u00a0<a href=\"https:\/\/leclaireur.fnac.com\/selection\/cp63972-prix-du-roman-fnac-2025-la-selection-des-30-titres-en-lice\/\" target=\"_blank\" rel=\"noopener\">Prix du Roman Fnac 2025<\/a>, dont les cinq finalistes seront annonc\u00e9s le 28 ao\u00fbt. Le laur\u00e9at sera d\u00e9sign\u00e9, quant \u00e0 lui, le 22 septembre.<\/p>\n<blockquote class=\"instagram-media\" style=\"background: #FFF; border: 0; border-radius: 3px; box-shadow: 0 0 1px 0 rgba(0,0,0,0.5),0 1px 10px 0 rgba(0,0,0,0.15); margin: 1px; max-width: 540px; min-width: 326px; padding: 0; width: calc(100% - 2px);\" data-instgrm-captioned=\"\" data-instgrm-permalink=\"https:\/\/www.instagram.com\/p\/DMUnYzjCb7X\/?utm_source=ig_embed&amp;utm_campaign=loading\" data-instgrm-version=\"14\">\n<\/blockquote>\n<p><strong>Un jeune homme en d\u00e9calage<\/strong><\/p>\n<p>Dans un village isol\u00e9 de l\u2019Orl\u00e9anais, Gino grandit \u00e0 distance du tumulte du si\u00e8cle. \u00c9l\u00e8ve discret, peu enclin \u00e0 briller, il observe le monde s\u2019emballer\u202f: voitures volantes, conqu\u00eate de l\u2019espace, record de vitesse pour l\u2019A\u00e9rotrain test\u00e9 \u00e0 quelques kilom\u00e8tres de chez lui\u2026 \u00c0 d\u00e9faut d\u2019y prendre part, il r\u00eave et imagine ce progr\u00e8s comme une issue possible.<\/p>\n<p>Un soir de bal, il croise Roxane, qui veut devenir com\u00e9dienne. Elle devient un point fixe de son r\u00e9cit, un espoir lointain de ce qu\u2019il pourrait \u00eatre s\u2019il osait. Entre fascination technologique et \u00e9veil du sentiment amoureux, Gino avance \u00e0 t\u00e2tons :\u00a0Les promesses orphelines\u00a0raconte ce mouvement incertain.<\/p>\n<p><strong>Fresque intime des Trente Glorieuses<\/strong><\/p>\n<p>Le roman s\u2019inscrit par ailleurs dans une France qui croit encore au progr\u00e8s collectif. Derri\u00e8re les grandes promesses, Marchand choisit les petites trajectoires. Son personnage \u00e9volue \u00e0 la lisi\u00e8re de cet \u00e9lan soci\u00e9tal, trop lent et trop id\u00e9aliste. L\u2019A\u00e9rotrain \u2013 projet de train a\u00e9rien avort\u00e9 dans les ann\u00e9es 1960 \u2013 devient une m\u00e9taphore de ce monde moderne\u202f: brillant mais inaccessible.<\/p>\n<p>Depuis son premier ouvrage, Gilles Marchand construit une \u0153uvre peupl\u00e9e de personnages en retrait, comme Gino. Apr\u00e8s\u00a0Un funambule sur le sable,\u00a0Requiem pour une apache\u00a0ou\u00a0Le soldat d\u00e9saccord\u00e9\u00a0\u2013 laur\u00e9at du Prix des libraires 2023 \u2013, il confirme de nouveau sa pr\u00e9dilection pour les voix int\u00e9rieures. Il a \u00e9galement co-\u00e9crit un roman jeunesse,\u00a0Le second souffle, couronn\u00e9 par le Prix Izzo en 2022.<\/p>\n<p>Narration feutr\u00e9e, tendresse pour les figures effac\u00e9es\u202f: l\u2019auteur d\u00e9ploie une prose simple et sensible. R\u00e9aliste et pourtant po\u00e9tique, son \u00e9criture \u00e9pouse les h\u00e9sitations de ses personnages.\u00a0Les promesses orphelines\u00a0promet de prolonger cet univers, en pla\u00e7ant au centre de la modernit\u00e9 un jeune homme que l\u2019Histoire oubliera.<\/p>\n<p><script async src=\"\/\/www.instagram.com\/embed.js\"><\/script><\/p>\n","protected":false},"excerpt":{"rendered":"L\u2019auteur bordelais revient avec Les promesses orphelines, un roman sensible qui suit le parcours d\u2019un jeune r\u00eaveur dans&hellip;\n","protected":false},"author":2,"featured_media":298043,"comment_status":"","ping_status":"","sticky":false,"template":"","format":"standard","meta":{"footnotes":""},"categories":[1357],"tags":[1379,58,59,1011,27,1380,37337,43824,37338],"class_list":{"0":"post-298042","1":"post","2":"type-post","3":"status-publish","4":"format-standard","5":"has-post-thumbnail","7":"category-livres","8":"tag-books","9":"tag-divertissement","10":"tag-entertainment","11":"tag-fr","12":"tag-france","13":"tag-livres","14":"tag-prix-du-roman-fnac","15":"tag-prix-fnac","16":"tag-rentree-litteraire"},"share_on_mastodon":{"url":"https:\/\/pubeurope.com\/@fr\/114976142412420985","error":""},"_links":{"self":[{"href":"https:\/\/www.europesays.com\/fr\/wp-json\/wp\/v2\/posts\/298042","targetHints":{"allow":["GET"]}}],"collection":[{"href":"https:\/\/www.europesays.com\/fr\/wp-json\/wp\/v2\/posts"}],"about":[{"href":"https:\/\/www.europesays.com\/fr\/wp-json\/wp\/v2\/types\/post"}],"author":[{"embeddable":true,"href":"https:\/\/www.europesays.com\/fr\/wp-json\/wp\/v2\/users\/2"}],"replies":[{"embeddable":true,"href":"https:\/\/www.europesays.com\/fr\/wp-json\/wp\/v2\/comments?post=298042"}],"version-history":[{"count":0,"href":"https:\/\/www.europesays.com\/fr\/wp-json\/wp\/v2\/posts\/298042\/revisions"}],"wp:featuredmedia":[{"embeddable":true,"href":"https:\/\/www.europesays.com\/fr\/wp-json\/wp\/v2\/media\/298043"}],"wp:attachment":[{"href":"https:\/\/www.europesays.com\/fr\/wp-json\/wp\/v2\/media?parent=298042"}],"wp:term":[{"taxonomy":"category","embeddable":true,"href":"https:\/\/www.europesays.com\/fr\/wp-json\/wp\/v2\/categories?post=298042"},{"taxonomy":"post_tag","embeddable":true,"href":"https:\/\/www.europesays.com\/fr\/wp-json\/wp\/v2\/tags?post=298042"}],"curies":[{"name":"wp","href":"https:\/\/api.w.org\/{rel}","templated":true}]}}