{"id":298046,"date":"2025-08-05T12:25:11","date_gmt":"2025-08-05T12:25:11","guid":{"rendered":"https:\/\/www.europesays.com\/fr\/298046\/"},"modified":"2025-08-05T12:25:11","modified_gmt":"2025-08-05T12:25:11","slug":"un-deuxieme-concert-de-patrick-sebastien-annule","status":"publish","type":"post","link":"https:\/\/www.europesays.com\/fr\/298046\/","title":{"rendered":"un deuxi\u00e8me concert de Patrick S\u00e9bastien annul\u00e9 !"},"content":{"rendered":"<p><img decoding=\"async\" src=\"https:\/\/www.europesays.com\/fr\/wp-content\/uploads\/2025\/08\/photo_1754387277.jpg\" class=\"textcenter img-content\" loading=\"lazy\"\/>Abaca<br \/>\n<br \/>\nUne blague grivoise qui ne passe pas du tout. Depuis plusieurs jours, Patrick S\u00e9bastien se retrouve au coeur d&rsquo;une immense pol\u00e9mique. Dans une vid\u00e9o largement relay\u00e9e sur les r\u00e9seaux sociaux, on peut voir le chanteur <a href=\"https:\/\/www.chartsinfrance.net\/actualite\/news-133352.html\" target=\"_blank\" class=\"spip_out\" rel=\"nofollow noopener\">recevoir une fellation<\/a> de la part d&rsquo;une spectatrice lors d&rsquo;un concert tenu dans un camping naturiste du Cap d&rsquo;Agde fin juillet. Si le trublion et ancien animateur de France 2 assure que la sc\u00e8ne \u00e9tait \u00ab mim\u00e9e \u00bb et d\u00e9nonce, par la voix de son avocat, des \u00ab calomnies \u00bb, la sc\u00e8ne a choqu\u00e9 d&rsquo;autant plus que des familles avec enfants \u00e9taient pr\u00e9sentes dans l&rsquo;assistance. <\/p>\n<p>Le player Dailymotion est en train de se charger&#8230;<\/p>\n<p>\u00ab\u00a0On craignait des histoires\u00a0\u00bb<br \/>\nMais aujourd&rsquo;hui, le mal est fait et la sanction est imm\u00e9diate : un concert de l&rsquo;interpr\u00e8te des \u00ab\u00a0Sardines\u00a0\u00bb, pr\u00e9vu ce vendredi 8 ao\u00fbt dans le cadre du festival \u00ab\u00a0Humour et danse\u00a0\u00bb de Roquebrune-Cap-Martin, a <a href=\"https:\/\/www.chartsinfrance.net\/actualite\/news-133398.html\" target=\"_blank\" class=\"spip_out\" rel=\"nofollow noopener\">\u00e9t\u00e9 annul\u00e9<\/a>. \u00c0 en croire les organisateurs, aucun lien avec l&rsquo;affaire mais de simples probl\u00e8mes logistiques. \u00ab Bien s\u00fbr que non ce n&rsquo;est pas li\u00e9, je m&rsquo;en fiche, c&rsquo;est un fait divers \u00bb indique Chantal Martino, pr\u00e9sidente et organisatrice du festival : \u00ab C&rsquo;est un tr\u00e8s gros camion, on a eu des probl\u00e8mes parce que nous sommes dans une petite commune et au niveau du passage du camion, c&rsquo;\u00e9tait compliqu\u00e9 \u00bb.<\/p>\n<p>Ce qui est s\u00fbr, c&rsquo;est que cette affaire cause la d\u00e9programmation d&rsquo;un autre concert de Patrick S\u00e9bastien. \u00ab En suspens depuis le d\u00e9but de la pol\u00e9mique \u00bb, sa prestation pr\u00e9vue le 20 ao\u00fbt dans le stade de La Motte-du-Caire a \u00e9t\u00e9 annul\u00e9e. 1.500 spectateurs devaient participer \u00e0 la soir\u00e9e, dont le budget \u00e9tait estim\u00e9 \u00e0 48.000 euros. \u00ab On a d\u00e9cid\u00e9 d&rsquo;annuler le concert, d&rsquo;un commun accord entre la Mairie et le comit\u00e9 des f\u00eates. On ne valide pas du tout ce qui s&rsquo;est pass\u00e9 et on ne souhaite pas s&rsquo;associer \u00e0 ces \u00e9v\u00e9nements et \u00e0 cette image sur sc\u00e8ne \u00bb s&rsquo;exclame Jean-Louis Recrosio, pr\u00e9sident du comit\u00e9 des f\u00eates, \u00e0 <a href=\"https:\/\/www.laprovence.com\/article\/culture-loisirs\/6582648298463214\/apres-la-polemique-de-la-fellation-le-concert-de-patrick-sebastien-est-annule-dans-les-alpes-de-haute-provence\" target=\"_blank\" class=\"spip_out\" rel=\"nofollow noopener\">La Provence<\/a>. Craignant aussi de susciter \u00ab des histoires dans le village \u00bb, il explique que la venue de Patrick S\u00e9bastien n&rsquo;est plus compatible avec \u00ab l&rsquo;image que l&rsquo;on souhaite donner de cet \u00e9v\u00e9nement festif tout public \u00bb. Les 1.500 spectateurs attendus seront automatiquement rembours\u00e9s.      <\/p>\n<blockquote class=\"instagram-media\" data-instgrm-permalink=\"https:\/\/www.instagram.com\/reel\/DM8F5tSNy8J\/?utm_source=ig_embed&amp;utm_campaign=loading\" data-instgrm-version=\"14\" style=\" background:#FFF; border:0; border-radius:3px; box-shadow:0 0 1px 0 rgba(0,0,0,0.5),0 1px 10px 0 rgba(0,0,0,0.15); margin: 1px; max-width:540px; min-width:326px; padding:0; width:99.375%; width:-webkit-calc(100% - 2px); width:calc(100% - 2px);\"\/>\n<p>S&rsquo;il n&rsquo;a pas encore r\u00e9agi \u00e0 cette nouvelle annulation, Patrick S\u00e9bastien, qui dit en avoir \u00ab marre des interdits \u00bb, a publi\u00e9 plusieurs vid\u00e9os pour c\u00e9l\u00e9brer son succ\u00e8s apr\u00e8s un concert donn\u00e9 devant 10.000 spectateurs \u00e0 la Foire aux Vins de Colmar dimanche soir.<\/p>\n<p><script async src=\"\/\/www.instagram.com\/embed.js\"><\/script><\/p>\n","protected":false},"excerpt":{"rendered":"Abaca Une blague grivoise qui ne passe pas du tout. Depuis plusieurs jours, Patrick S\u00e9bastien se retrouve au&hellip;\n","protected":false},"author":2,"featured_media":298047,"comment_status":"","ping_status":"","sticky":false,"template":"","format":"standard","meta":{"footnotes":""},"categories":[1355],"tags":[58,59,1011,27,1361,873],"class_list":{"0":"post-298046","1":"post","2":"type-post","3":"status-publish","4":"format-standard","5":"has-post-thumbnail","7":"category-musique","8":"tag-divertissement","9":"tag-entertainment","10":"tag-fr","11":"tag-france","12":"tag-music","13":"tag-musique"},"share_on_mastodon":{"url":"https:\/\/pubeurope.com\/@fr\/114976150400651423","error":""},"_links":{"self":[{"href":"https:\/\/www.europesays.com\/fr\/wp-json\/wp\/v2\/posts\/298046","targetHints":{"allow":["GET"]}}],"collection":[{"href":"https:\/\/www.europesays.com\/fr\/wp-json\/wp\/v2\/posts"}],"about":[{"href":"https:\/\/www.europesays.com\/fr\/wp-json\/wp\/v2\/types\/post"}],"author":[{"embeddable":true,"href":"https:\/\/www.europesays.com\/fr\/wp-json\/wp\/v2\/users\/2"}],"replies":[{"embeddable":true,"href":"https:\/\/www.europesays.com\/fr\/wp-json\/wp\/v2\/comments?post=298046"}],"version-history":[{"count":0,"href":"https:\/\/www.europesays.com\/fr\/wp-json\/wp\/v2\/posts\/298046\/revisions"}],"wp:featuredmedia":[{"embeddable":true,"href":"https:\/\/www.europesays.com\/fr\/wp-json\/wp\/v2\/media\/298047"}],"wp:attachment":[{"href":"https:\/\/www.europesays.com\/fr\/wp-json\/wp\/v2\/media?parent=298046"}],"wp:term":[{"taxonomy":"category","embeddable":true,"href":"https:\/\/www.europesays.com\/fr\/wp-json\/wp\/v2\/categories?post=298046"},{"taxonomy":"post_tag","embeddable":true,"href":"https:\/\/www.europesays.com\/fr\/wp-json\/wp\/v2\/tags?post=298046"}],"curies":[{"name":"wp","href":"https:\/\/api.w.org\/{rel}","templated":true}]}}