{"id":298048,"date":"2025-08-05T12:26:14","date_gmt":"2025-08-05T12:26:14","guid":{"rendered":"https:\/\/www.europesays.com\/fr\/298048\/"},"modified":"2025-08-05T12:26:14","modified_gmt":"2025-08-05T12:26:14","slug":"tom-holland-se-verrait-bien-dans-la-peau-de-james-bond","status":"publish","type":"post","link":"https:\/\/www.europesays.com\/fr\/298048\/","title":{"rendered":"Tom Holland se verrait bien dans la peau de James Bond"},"content":{"rendered":"<p>L&rsquo;acteur britannique s&rsquo;est exprim\u00e9 sur les rumeurs persistantes entourant sa participation au prochain James Bond. Sans confirmer ni infirmer cette possibilit\u00e9.<\/p>\n<p>Succ\u00e8dera-t-il \u00e0 Daniel Craig? <a href=\"https:\/\/www.bfmtv.com\/people\/cinema\/spider-man-tom-holland-partage-des-images-du-tournage-du-prochain-volet-de-la-franchise_AN-202508040211.html\" title=\"&quot;Spider-Man&quot;: Tom Holland partage des images du tournage du prochain volet de la franchise\" class=\"internal_link\" rel=\"nofollow noopener\" target=\"_blank\">Tom Holland<\/a> ne cache d\u00e9sormais plus son ambition. Interrog\u00e9 par le chef Gordon Ramsay le 31 juillet dernier, l&rsquo;acteur britannique de 29 ans a exprim\u00e9 son souhait d&rsquo;incarner le r\u00f4le de <a href=\"https:\/\/www.bfmtv.com\/people\/cinema\/james-bond-le-createur-de-peaky-blinders-ecrira-le-scenario-du-prochain-film-de-la-franchise_AD-202508010168.html\" title=\"&quot;James Bond&quot;: le cr\u00e9ateur de &quot;Peaky Blinders&quot; \u00e9crira le sc\u00e9nario du prochain film de la franchise\" class=\"internal_link\" rel=\"nofollow noopener\" target=\"_blank\">James Bond<\/a> si l&rsquo;opportunit\u00e9 se pr\u00e9sentait. Une d\u00e9claration qui relance les rumeurs autour du casting du prochain film 007.<\/p>\n<p>\u00ab\u00a0Pour tout jeune com\u00e9dien britannique, [James Bond] repr\u00e9sente une apog\u00e9e quand on travaille dans cette industrie\u00a0\u00bb, a-t-il d\u00e9clar\u00e9, dans un interview donn\u00e9e au chef sur <a href=\"https:\/\/www.youtube.com\/watch?v=PO6V4SKsTpY&amp;ab_channel=GordonRamsay\" target=\"_blank\" class=\"external_link\" rel=\"nofollow noopener\">Youtube<\/a>. Si Tom Holland confie ce \u00ab\u00a0r\u00eave absolu\u00a0\u00bb, il pr\u00e9f\u00e8re n\u00e9anmoins rester prudent: \u00ab\u00a0Les rumeurs vont bon train en ce moment. Nous n&rsquo;en dirons pas plus pour l&rsquo;instant, mais nous en reparlerons quand nous en aurons l&rsquo;occasion\u00a0\u00bb.<\/p>\n<p>De Spider-Man \u00e0 007?<\/p>\n<p>James Bond se cherche un nouveau visage. C&rsquo;est en tout cas le souhait d&rsquo;Amazon MGM, producteur du prochain volet, qui souhaiterait rajeunir la franchise. <a href=\"https:\/\/www.bfmtv.com\/people\/cinema\/jakob-elordi-tom-holland-et-harris-dickinson-viennent-grossir-la-liste-des-james-bond-potentiels_AV-202506280261.html\" title=\"Jacob Elordi, Tom Holland et Harris Dickinson viennent grossir la liste des James Bond potentiels\" class=\"internal_link\" rel=\"nofollow noopener\" target=\"_blank\">Plusieurs noms circulent<\/a> depuis quelques mois, dont le tr\u00e8s en vogue Jacob Elordi, Harris Dickison, ou encore Idris Elba. Personne ne sait pour l&rsquo;instant qui incarnera l&rsquo;agent 007 par <a href=\"https:\/\/www.bfmtv.com\/people\/cinema\/une-responsabilite-enorme-denis-villeneuve-realisera-le-prochain-james-bond_AD-202506260245.html\" title=\"&quot;Une responsabilit\u00e9 \u00e9norme&quot;, Denis Villeneuve r\u00e9alisera le prochain James Bond\" class=\"internal_link\" rel=\"nofollow noopener\" target=\"_blank\">Denis Villeneuve<\/a> \u00e0 la r\u00e9alisation et <a href=\"https:\/\/www.bfmtv.com\/people\/cinema\/james-bond-le-createur-de-peaky-blinders-ecrira-le-scenario-du-prochain-film-de-la-franchise_AD-202508010168.html\" title=\"&quot;James Bond&quot;: le cr\u00e9ateur de &quot;Peaky Blinders&quot; \u00e9crira le sc\u00e9nario du prochain film de la franchise\" class=\"internal_link\" rel=\"nofollow noopener\" target=\"_blank\">Steven Knight, cr\u00e9ateur de Peaky Blinders<\/a>, au sc\u00e9nario.<\/p>\n<p>L&rsquo;hypoth\u00e8se Tom Holland n&rsquo;est pas saugrenue. L&rsquo;acteur britannique partage la m\u00eame nationalit\u00e9 que le personnage de James Bond. Personnalit\u00e9 m\u00e9diatique et populaire &#8211; encore plus avec son couple form\u00e9 avec <a href=\"https:\/\/www.bfmtv.com\/people\/il-avait-tout-prevu-le-pere-de-tom-holland-confirme-que-son-fils-s-est-fiance-a-l-actrice-zendaya_AN-202501110291.html\" title=\"&quot;Il avait tout pr\u00e9vu&quot;: le p\u00e8re de Tom Holland confirme que son fils s&#039;est fianc\u00e9 \u00e0 l&#039;actrice Zendaya\" class=\"internal_link\" rel=\"nofollow noopener\" target=\"_blank\">Zendaya<\/a> -, il est aussi \u00e0 un moment charni\u00e8re de sa carri\u00e8re.<\/p>\n<p>Apr\u00e8s le tournage \u00e9prouvant de The Crowded Room (2023) et une ann\u00e9e de pause, l&rsquo;acteur est de retour avec deux projets cons\u00e9quents: L&rsquo;Odyss\u00e9e, prochain long-m\u00e9trage de science fiction de Christopher Nolan et <a href=\"https:\/\/www.bfmtv.com\/people\/cinema\/quelque-chose-de-tout-nouveau-arrive-le-premier-teaser-de-spiderman-brand-new-day-devoile_AN-202508010512.html\" title=\"&quot;Quelque chose de tout nouveau arrive&quot;: le premier teaser de &quot;Spider-Man: Brand New Day&quot; d\u00e9voil\u00e9\" class=\"internal_link\" rel=\"nofollow noopener\" target=\"_blank\">Spider-Man: Brand New Day<\/a> qui sortiront en 2026.<\/p>\n<p>Autre avantage en faveur de Tom Holland: Amy Pascal, qui co-produit le prochain James Bond, travaille d\u00e9j\u00e0 \u00e9troitement avec lui sur la franchise de l&rsquo;homme araign\u00e9e. Un atout non n\u00e9gligeable dans la course au casting.<\/p>\n","protected":false},"excerpt":{"rendered":"L&rsquo;acteur britannique s&rsquo;est exprim\u00e9 sur les rumeurs persistantes entourant sa participation au prochain James Bond. Sans confirmer ni&hellip;\n","protected":false},"author":2,"featured_media":298049,"comment_status":"","ping_status":"","sticky":false,"template":"","format":"standard","meta":{"footnotes":""},"categories":[1354],"tags":[58,59,1346,1011,27,1360],"class_list":{"0":"post-298048","1":"post","2":"type-post","3":"status-publish","4":"format-standard","5":"has-post-thumbnail","7":"category-films","8":"tag-divertissement","9":"tag-entertainment","10":"tag-films","11":"tag-fr","12":"tag-france","13":"tag-movies"},"share_on_mastodon":{"url":"https:\/\/pubeurope.com\/@fr\/114976154369697122","error":""},"_links":{"self":[{"href":"https:\/\/www.europesays.com\/fr\/wp-json\/wp\/v2\/posts\/298048","targetHints":{"allow":["GET"]}}],"collection":[{"href":"https:\/\/www.europesays.com\/fr\/wp-json\/wp\/v2\/posts"}],"about":[{"href":"https:\/\/www.europesays.com\/fr\/wp-json\/wp\/v2\/types\/post"}],"author":[{"embeddable":true,"href":"https:\/\/www.europesays.com\/fr\/wp-json\/wp\/v2\/users\/2"}],"replies":[{"embeddable":true,"href":"https:\/\/www.europesays.com\/fr\/wp-json\/wp\/v2\/comments?post=298048"}],"version-history":[{"count":0,"href":"https:\/\/www.europesays.com\/fr\/wp-json\/wp\/v2\/posts\/298048\/revisions"}],"wp:featuredmedia":[{"embeddable":true,"href":"https:\/\/www.europesays.com\/fr\/wp-json\/wp\/v2\/media\/298049"}],"wp:attachment":[{"href":"https:\/\/www.europesays.com\/fr\/wp-json\/wp\/v2\/media?parent=298048"}],"wp:term":[{"taxonomy":"category","embeddable":true,"href":"https:\/\/www.europesays.com\/fr\/wp-json\/wp\/v2\/categories?post=298048"},{"taxonomy":"post_tag","embeddable":true,"href":"https:\/\/www.europesays.com\/fr\/wp-json\/wp\/v2\/tags?post=298048"}],"curies":[{"name":"wp","href":"https:\/\/api.w.org\/{rel}","templated":true}]}}