{"id":298050,"date":"2025-08-05T12:27:14","date_gmt":"2025-08-05T12:27:14","guid":{"rendered":"https:\/\/www.europesays.com\/fr\/298050\/"},"modified":"2025-08-05T12:27:14","modified_gmt":"2025-08-05T12:27:14","slug":"ces-30-maladies-qui-ouvrent-droit-a-une-prise-en-charge-a-100-par-lassurance-maladie","status":"publish","type":"post","link":"https:\/\/www.europesays.com\/fr\/298050\/","title":{"rendered":"Ces 30 maladies qui ouvrent droit \u00e0 une prise en charge \u00e0 100 % par l&rsquo;Assurance maladie"},"content":{"rendered":"<p>En France, 30 maladies graves b\u00e9n\u00e9ficient d\u2019une prise en charge int\u00e9grale par l\u2019Assurance maladie. Voici ce qu\u2019il faut savoir pour comprendre le dispositif ALD 30 et y avoir droit.<\/p>\n<p>\u00c9prouvantes \u00e0 vivre, lourdes \u00e0 soigner et souvent longues \u00e0 diagnostiquer, certaines <a href=\"https:\/\/www.pleinevie.fr\/sante\/cures-thermales-ces-12-pathologies-ou-affections-sont-prises-en-charge-par-lassurance-maladie-146106.html\" rel=\"nofollow noopener\" target=\"_blank\">pathologies<\/a> donnent droit \u00e0 une exon\u00e9ration totale des frais m\u00e9dicaux. Depuis le d\u00e9cret du 19 janvier 2011, <strong>l&rsquo;Assurance maladie<\/strong> reconna\u00eet officiellement 30 affections dites \u00ab\u00a0de longue dur\u00e9e\u00a0\u00bb ou ALD 30.\u00a0 Comme le relate <a href=\"https:\/\/www.femmeactuelle.fr\/sante\/sante-pratique\/ald-30-la-liste-des-30-maladies-prises-en-charge-a-100-par-lassurance-maladie-2177825\" rel=\"nofollow noopener\" target=\"_blank\">Femme Actuelle<\/a>, \u00ab\u00a0Elles entra\u00eenent la suppression du ticket mod\u00e9rateur, c\u2019est-\u00e0-dire que le patient b\u00e9n\u00e9ficie du remboursement \u00e0 100 % des frais de traitement li\u00e9s \u00e0 cette maladie\u00a0\u00bb.<\/p>\n<p>Mais attention : la promesse d\u2019une gratuit\u00e9 totale a ses limites. \u00ab\u00a0Concr\u00e8tement, cela signifie que les frais m\u00e9dicaux li\u00e9s \u00e0 l\u2019ALD sont rembours\u00e9s int\u00e9gralement, dans la limite des tarifs de la S\u00e9curit\u00e9 sociale\u00a0\u00bb, souligne <a href=\"https:\/\/www.capretraite.fr\/blog\/sante\/les-30-maladies-ald-ce-quil-faut-savoir-sur-leur-prise-en-charge-a-100\/\" rel=\"nofollow noopener\" target=\"_blank\">Cap Retraite<\/a>. Comprendre le fonctionnement de cette exon\u00e9ration est donc essentiel.<\/p>\n<p>    Comment b\u00e9n\u00e9ficier de cette prise en charge sp\u00e9ciale ?  <\/p>\n<p><strong>L\u2019ALD<\/strong> ne s\u2019active pas automatiquement. En effet, un protocole pr\u00e9cis doit \u00eatre enclench\u00e9 par votre m\u00e9decin traitant.\u00a0 Selon le site du Service public, \u00ab\u00a0Il faut que le m\u00e9decin traitant du patient fasse une demande de prise en charge \u00e0 100 % pour les soins li\u00e9s au traitement de la maladie de longue dur\u00e9e.\u00a0\u00bb Ce dernier remplit un formulaire m\u00e9dical qui sera soumis \u00e0 la validation du m\u00e9decin-conseil de la S\u00e9curit\u00e9 sociale.<\/p>\n<p>Une fois accept\u00e9e, l\u2019ALD ouvre droit \u00e0 l\u2019utilisation d\u2019une <strong>ordonnance bizone<\/strong> : les soins li\u00e9s \u00e0 la<a href=\"https:\/\/www.pleinevie.fr\/sante\/maladie-dalzheimer-ces-premiers-signes-meconnus-qui-apparaissent-bien-avant-les-pertes-de-memoire-163660.html\" rel=\"nofollow noopener\" target=\"_blank\"> maladie<\/a> sont enti\u00e8rement pris en charge sur la partie haute, tandis que les autres restent aux frais habituels. Mieux encore : <strong>le patient b\u00e9n\u00e9ficie du tiers payant pour tous les frais de sant\u00e9 associ\u00e9s \u00e0 l\u2019ALD<\/strong>.<\/p>\n<p>Il existe trois types d\u2019ALD :<\/p>\n<ul>\n<li><strong>ALD 30<\/strong> : la liste officielle des 30 pathologies reconnues ;<\/li>\n<li><strong>ALD 31<\/strong> : pour les maladies graves, mais non list\u00e9es, trait\u00e9es au cas par cas ;<\/li>\n<li><strong>ALD 32<\/strong> : pour les personnes souffrant de plusieurs affections lourdes simultan\u00e9es.<\/li>\n<\/ul>\n<p><img loading=\"lazy\" decoding=\"async\" itemprop=\"thumbnailUrl\" class=\"alignnone wp-image-158992 img-responsive  size-large\" src=\"data:image\/svg+xml,%3Csvg%20xmlns=\" http:=\"\" alt=\"\" width=\"1024\" height=\"576\" data-lazy-src=\"https:\/\/www.europesays.com\/fr\/wp-content\/uploads\/2025\/08\/cancer-de-la-prostate-quelle-est-lesperance-de-vie-apres-le-diagnostic-de-la-maladie-1024x576.jpg\"\/> \u00a9  Tualek Photography \/ shutterstock<\/p>\n<p>  Quelles sont les 30 maladies concern\u00e9es ?  <\/p>\n<p>La liste <strong>des maladies<\/strong> ouvrant droit \u00e0 l\u2019ALD 30 est stricte. Elle inclut des pathologies aussi diverses que <a href=\"https:\/\/www.pleinevie.fr\/sante\/ce-medicament-contre-le-diabete-a-des-effets-secondaires-tres-dangereux-pour-la-sante-162947.html\" rel=\"nofollow noopener\" target=\"_blank\">le diab\u00e8te<\/a>, <strong>la mucoviscidose<\/strong> ou encore la maladie<strong> d\u2019Alzheimer<\/strong>. En voici quelques-unes parmi les plus connues :<\/p>\n<ul>\n<li>Diab\u00e8te de type 1 et 2<\/li>\n<li>Maladie de Parkinson<\/li>\n<li>Scl\u00e9rose en plaques<\/li>\n<li>Maladie d\u2019Alzheimer<\/li>\n<li>Cancer (tumeur maligne)<\/li>\n<li>Maladie coronaire et infarctus<\/li>\n<li>AVC invalidant<\/li>\n<li>Insuffisance respiratoire grave<\/li>\n<li>Polyarthrite rhumato\u00efde<\/li>\n<li>VIH et d\u00e9ficit immunitaire grave<\/li>\n<li>Maladie de Crohn<\/li>\n<li>Tuberculose active<\/li>\n<li>Lupus \u00e9ryth\u00e9mateux syst\u00e9mique<\/li>\n<li>\u00c9pilepsie grave<\/li>\n<li>Spondylarthrite grave<\/li>\n<li>Myopathies, scl\u00e9rodermie, leuc\u00e9mies, h\u00e9mophilies\u2026<\/li>\n<\/ul>\n<p>La dur\u00e9e d\u2019exon\u00e9ration n\u2019est pas <strong>illimit\u00e9e<\/strong>. Elle varie selon la maladie, entre 2 et 5 ans, renouvelable si l\u2019\u00e9tat du patient le justifie.<\/p>\n<p><img loading=\"lazy\" decoding=\"async\" class=\"alignnone size-large wp-image-158403 img-responsive \" src=\"data:image\/svg+xml,%3Csvg%20xmlns=\" http:=\"\" alt=\"\" width=\"1024\" height=\"576\" data-lazy-src=\"https:\/\/www.europesays.com\/fr\/wp-content\/uploads\/2025\/08\/alzheimer-ce-somnifere-prescrit-contre-linsomnie-pourrait-ralentir-la-maladie-selon-une-etude-1024x5.jpeg\"\/> \u00a9  pikselstock \/ shutterstock<\/p>\n<p>  Ce qui reste parfois \u00e0 payer malgr\u00e9 tout  <\/p>\n<p><strong>L\u2019ALD<\/strong> \u00e0 100 % n\u2019efface pas tous les frais. Les patients doivent encore r\u00e9gler certains co\u00fbts :<\/p>\n<ul>\n<li>D\u00e9passements d\u2019honoraires<\/li>\n<li>Participation forfaitaire de 1\u2009\u20ac par consultation<\/li>\n<li>Franchises m\u00e9dicales sur m\u00e9dicaments, soins et transports<\/li>\n<li>Forfait journalier en cas d\u2019hospitalisation<\/li>\n<\/ul>\n","protected":false},"excerpt":{"rendered":"En France, 30 maladies graves b\u00e9n\u00e9ficient d\u2019une prise en charge int\u00e9grale par l\u2019Assurance maladie. Voici ce qu\u2019il faut&hellip;\n","protected":false},"author":2,"featured_media":298051,"comment_status":"","ping_status":"","sticky":false,"template":"","format":"standard","meta":{"footnotes":""},"categories":[10],"tags":[1011,27,43274,72,71],"class_list":{"0":"post-298050","1":"post","2":"type-post","3":"status-publish","4":"format-standard","5":"has-post-thumbnail","7":"category-sante","8":"tag-fr","9":"tag-france","10":"tag-ga1","11":"tag-health","12":"tag-sante"},"share_on_mastodon":{"url":"https:\/\/pubeurope.com\/@fr\/114976158161224954","error":""},"_links":{"self":[{"href":"https:\/\/www.europesays.com\/fr\/wp-json\/wp\/v2\/posts\/298050","targetHints":{"allow":["GET"]}}],"collection":[{"href":"https:\/\/www.europesays.com\/fr\/wp-json\/wp\/v2\/posts"}],"about":[{"href":"https:\/\/www.europesays.com\/fr\/wp-json\/wp\/v2\/types\/post"}],"author":[{"embeddable":true,"href":"https:\/\/www.europesays.com\/fr\/wp-json\/wp\/v2\/users\/2"}],"replies":[{"embeddable":true,"href":"https:\/\/www.europesays.com\/fr\/wp-json\/wp\/v2\/comments?post=298050"}],"version-history":[{"count":0,"href":"https:\/\/www.europesays.com\/fr\/wp-json\/wp\/v2\/posts\/298050\/revisions"}],"wp:featuredmedia":[{"embeddable":true,"href":"https:\/\/www.europesays.com\/fr\/wp-json\/wp\/v2\/media\/298051"}],"wp:attachment":[{"href":"https:\/\/www.europesays.com\/fr\/wp-json\/wp\/v2\/media?parent=298050"}],"wp:term":[{"taxonomy":"category","embeddable":true,"href":"https:\/\/www.europesays.com\/fr\/wp-json\/wp\/v2\/categories?post=298050"},{"taxonomy":"post_tag","embeddable":true,"href":"https:\/\/www.europesays.com\/fr\/wp-json\/wp\/v2\/tags?post=298050"}],"curies":[{"name":"wp","href":"https:\/\/api.w.org\/{rel}","templated":true}]}}