{"id":29806,"date":"2025-04-16T19:15:21","date_gmt":"2025-04-16T19:15:21","guid":{"rendered":"https:\/\/www.europesays.com\/fr\/29806\/"},"modified":"2025-04-16T19:15:21","modified_gmt":"2025-04-16T19:15:21","slug":"a-lyon-la-justice-force-la-region-auvergne-rhone-alpes-a-verser-les-33-millions-deuros-dus-a-une-commune","status":"publish","type":"post","link":"https:\/\/www.europesays.com\/fr\/29806\/","title":{"rendered":"\u00c0 Lyon, la justice force la r\u00e9gion Auvergne-Rh\u00f4ne-Alpes \u00e0 verser les 3,3 millions d\u2019euros dus \u00e0 une commune"},"content":{"rendered":"<p>La collectivit\u00e9, alors pr\u00e9sid\u00e9e par Laurent Wauquiez, avait refus\u00e9 de verser le montant promis dans le cadre du plan \u00c9tat-r\u00e9gion pour le financement d\u2019un complexe sportif \u00e0 Saint-Fons, situ\u00e9e au sud de Lyon, pr\u00e9textant des retards de demande de subvention.<\/p>\n<p class=\"fig-paragraph\">La ville de\u00a0<a href=\"http:\/\/www.lefigaro.fr\/lyon\/fusillade-vitre-explosee-une-bijouterie-braquee-dans-la-banlieue-de-lyon-20250410\" data-fig-type=\"NewsFlash\" data-gtm-custom-categorie=\"navigation\" data-gtm-custom-action=\"crossclick\" data-gtm-custom-label=\"Contextuel\" data-gtm-event=\"customEventSPE\" data-fig-domain=\"LEFIGARO\" rel=\"nofollow noopener\" target=\"_blank\">Saint-Fons<\/a>\u00a0va enfin toucher les 3,34 millions d\u2019euros promis par la r\u00e9gion en 2019. Le tribunal administratif de Lyon a ordonn\u00e9 le versement de cette subvention pr\u00e9vue dans le cadre du plan \u00c9tat-r\u00e9gion 2015-2020 pour la construction d\u2019un complexe sportif dans cette commune situ\u00e9e au sud de l\u2019agglom\u00e9ration lyonnaise. La r\u00e9gion\u00a0<a href=\"http:\/\/www.lefigaro.fr\/lyon\/soupcons-de-corruption-sur-les-chantiers-de-renovation-energetique-des-lycees-de-la-region-auvergne-rhone-alpes-20250128\" data-fig-type=\"NewsFlash\" data-gtm-custom-categorie=\"navigation\" data-gtm-custom-action=\"crossclick\" data-gtm-custom-label=\"Contextuel\" data-gtm-event=\"customEventSPE\" data-fig-domain=\"LEFIGARO\" rel=\"nofollow noopener\" target=\"_blank\">Auvergne-Rh\u00f4ne-Alpes<\/a>\u00a0pr\u00e9textait des retards d\u2019envoi de la demande de subvention par la commune pour refuser le versement, selon le jugement consult\u00e9 par Le Figaro.<\/p>\n<p class=\"fig-paragraph\">\u00abChose promise, chose due\u00a0!, s\u2019est r\u00e9joui le maire de la commune Christian Duch\u00eane (DVG). Si je me f\u00e9licite que la justice ait donn\u00e9 raison \u00e0 la Ville de Saint-Fons, je ne peux que regretter que la r\u00e9gion et son pr\u00e9sident de l\u2019\u00e9poque, Laurent Wauquiez, aient jusqu\u2019ici refus\u00e9 une solution \u00e0 l\u2019amiable\u00bb. La justice lui a donn\u00e9 raison sur le contentieux apr\u00e8s un premier recours pour \u00abexc\u00e8s de pouvoir\u00bb qui avait \u00e9t\u00e9 rejet\u00e9. La r\u00e9gion annonce au Figaro son intention de faire appel de cette d\u00e9cision de premi\u00e8re instance.<\/p>\n<p class=\"fig-paragraph\">\u00abPlusieurs aspects du jugement sont ainsi tr\u00e8s contestables\u00bb, mart\u00e8le la collectivit\u00e9, \u00absur le respect des d\u00e9lais, sur la violation des droits de la r\u00e9gion et la tutelle pos\u00e9e par le juge sur la collectivit\u00e9, sur l\u2019interpr\u00e9tation des stipulations de la convention\u00bb. La r\u00e9gion assure \u00e0 nouveau que \u00abla subvention attendue n\u2019a pas fait l\u2019objet d\u2019un engagement juridique\u00bb.<\/p>\n<p>Plus de la moiti\u00e9 du financement<\/p>\n<p class=\"fig-paragraph\">Dans sa d\u00e9fense, elle \u00e9voquait donc des retards de transmission de la demande d\u2019octroi de subvention. Le d\u00e9passement de la date limite, fix\u00e9e \u00e0 d\u00e9cembre 2020, justifiait selon elle le non-versement de la somme pr\u00e9vue. La commune assurait au contraire avoir transmis les justificatifs dans les temps malgr\u00e9 des retards de chantier et la p\u00e9riode de Covid, qui avait d\u2019ailleurs conduit la r\u00e9gion \u00e0 repousser la date limite. \u00abIl r\u00e9sulte de l\u2019instruction que la commune de Saint-Fons a bien adress\u00e9 aux services de la r\u00e9gion le 25 octobre 2019 un dossier de demande de subvention, actualis\u00e9 au mois de mars 2021\u00bb, a tranch\u00e9 le tribunal administratif<\/p>\n<p class=\"fig-paragraph\">La halle Mohammed Ali avait \u00e9t\u00e9 inaugur\u00e9e en 2024. Le b\u00e2timent de 2000 m\u00e8tres carr\u00e9s permet la pratique du basket, du football et de la boxe. Un projet d\u2019un montant total de 5,4 millions d\u2019euros, que les subsides r\u00e9gionaux devaient permettre de payer en grande partie. Les finances de la commune seraient n\u00e9anmoins \u00abrest\u00e9es saines malgr\u00e9 la politique d\u2019investissement historique de pr\u00e8s de 100 millions d\u2019euros sur l\u2019ensemble du mandat\u00bb, assure le maire.<\/p>\n<p class=\"fig-paragraph\">\u00abCette subvention nous donnera des marges de man\u0153uvre suppl\u00e9mentaires pour continuer \u00e0 am\u00e9liorer le quotidien des habitantes et habitants\u00bb, poursuit-il. Elle s\u2019accompagnera d\u2019int\u00e9r\u00eats vers\u00e9s par la r\u00e9gion en p\u00e9nalit\u00e9 de retard.<\/p>\n","protected":false},"excerpt":{"rendered":"La collectivit\u00e9, alors pr\u00e9sid\u00e9e par Laurent Wauquiez, avait refus\u00e9 de verser le montant promis dans le cadre du&hellip;\n","protected":false},"author":2,"featured_media":29807,"comment_status":"","ping_status":"","sticky":false,"template":"","format":"standard","meta":{"footnotes":""},"categories":[1889],"tags":[1111,11,5273,2430,5299,5272,5312,5296,5285,1777,674,5293,1011,27,5303,5311,5301,5279,5275,5313,5276,5300,5302,5280,5298,5281,5306,5305,5308,5309,5284,5294,5297,5269,5271,5268,5270,5267,2428,5295,5307,5277,5304,5283,12,978,5274,25,2431,5314,5288,5292,5289,5291,5290,5315,9074,5282,5286,5310,5287,5278],"class_list":{"0":"post-29806","1":"post","2":"type-post","3":"status-publish","4":"format-standard","5":"has-post-thumbnail","7":"category-lyon","8":"tag-actu","9":"tag-actualites","10":"tag-ainay","11":"tag-auvergne-rhone-alpes","12":"tag-bellecombe","13":"tag-bellecour","14":"tag-champvert-nord","15":"tag-champvert-sud","16":"tag-clos-jouve","17":"tag-eu","18":"tag-europe","19":"tag-fourviere","20":"tag-fr","21":"tag-france","22":"tag-gerland","23":"tag-gorge-de-loup","24":"tag-jean-mace","25":"tag-la-buire","26":"tag-la-confluence","27":"tag-la-duchere","28":"tag-la-guillotiere-nord-prefecture","29":"tag-la-guillotiere-sud","30":"tag-la-mouche","31":"tag-la-part-dieu","32":"tag-la-tete-dor","33":"tag-la-villette","34":"tag-laennec","35":"tag-le-bachut","36":"tag-le-grand-trou","37":"tag-le-moulin-a-vent","38":"tag-le-plateau-de-la-croix-rousse","39":"tag-le-point-du-jour","40":"tag-les-brotteaux","41":"tag-les-chartreux","42":"tag-les-cordeliers","43":"tag-les-pentes-de-la-croix-rousse","44":"tag-les-terreaux","45":"tag-les-traboules","46":"tag-lyon","47":"tag-menival","48":"tag-mermoz","49":"tag-moncey","50":"tag-monplaisir","51":"tag-montchat","52":"tag-news","53":"tag-olympique-lyonnais","54":"tag-perrache","55":"tag-republique-francaise","56":"tag-rhone-alpes","57":"tag-rochecardon-industrie","58":"tag-saint-georges","59":"tag-saint-irenee","60":"tag-saint-jean","61":"tag-saint-just","62":"tag-saint-paul","63":"tag-saint-rambert-lile-barbe","64":"tag-salle-de-sport","65":"tag-sans-souci-dauphine","66":"tag-serin-saint-charles","67":"tag-vaise","68":"tag-vieux-lyon","69":"tag-voltaire"},"share_on_mastodon":{"url":"","error":"Validation failed: Text character limit of 500 exceeded"},"_links":{"self":[{"href":"https:\/\/www.europesays.com\/fr\/wp-json\/wp\/v2\/posts\/29806","targetHints":{"allow":["GET"]}}],"collection":[{"href":"https:\/\/www.europesays.com\/fr\/wp-json\/wp\/v2\/posts"}],"about":[{"href":"https:\/\/www.europesays.com\/fr\/wp-json\/wp\/v2\/types\/post"}],"author":[{"embeddable":true,"href":"https:\/\/www.europesays.com\/fr\/wp-json\/wp\/v2\/users\/2"}],"replies":[{"embeddable":true,"href":"https:\/\/www.europesays.com\/fr\/wp-json\/wp\/v2\/comments?post=29806"}],"version-history":[{"count":0,"href":"https:\/\/www.europesays.com\/fr\/wp-json\/wp\/v2\/posts\/29806\/revisions"}],"wp:featuredmedia":[{"embeddable":true,"href":"https:\/\/www.europesays.com\/fr\/wp-json\/wp\/v2\/media\/29807"}],"wp:attachment":[{"href":"https:\/\/www.europesays.com\/fr\/wp-json\/wp\/v2\/media?parent=29806"}],"wp:term":[{"taxonomy":"category","embeddable":true,"href":"https:\/\/www.europesays.com\/fr\/wp-json\/wp\/v2\/categories?post=29806"},{"taxonomy":"post_tag","embeddable":true,"href":"https:\/\/www.europesays.com\/fr\/wp-json\/wp\/v2\/tags?post=29806"}],"curies":[{"name":"wp","href":"https:\/\/api.w.org\/{rel}","templated":true}]}}