{"id":298092,"date":"2025-08-05T12:55:10","date_gmt":"2025-08-05T12:55:10","guid":{"rendered":"https:\/\/www.europesays.com\/fr\/298092\/"},"modified":"2025-08-05T12:55:10","modified_gmt":"2025-08-05T12:55:10","slug":"nice-consommation-de-leau-a-lheure-de-la-sobriete","status":"publish","type":"post","link":"https:\/\/www.europesays.com\/fr\/298092\/","title":{"rendered":"Nice. Consommation de l\u2019eau\u00a0: \u00e0 l&rsquo;heure de la sobri\u00e9t\u00e9&#8230;"},"content":{"rendered":"<p><img decoding=\"async\" src=\"https:\/\/www.europesays.com\/fr\/wp-content\/uploads\/2025\/08\/haliotis-II.jpg\" title=\"\" alt=\"\"\/><br \/>&#8211;\u00a0 Haliotis 2 \u00a9 M\u00e9tropole Nice C\u00f4te d\u2019Azur &#8211;<\/p>\n<p>\u00ab\u00a0Nice n\u2019est pas concern\u00e9e par les restrictions pr\u00e9fectorales. Ce n\u2019est pas un hasard, mais le fruit d\u2019un choix politique clair\u00a0: faire de la gestion de l\u2019eau une priorit\u00e9 absolue. Pas besoin de symboles, nous avons des r\u00e9sultats. L\u2019eau m\u00e9rite mieux que des injonctions simplistes, elle appelle des solutions durables, et c\u2019est ce que nous mettons en \u0153uvre. D\u00e8s 2013, nous avons repris en r\u00e9gie publique la gestion de l\u2019eau. Depuis, 270 millions d\u2019euros ont \u00e9t\u00e9 investis pour moderniser les r\u00e9seaux, s\u00e9curiser la ressource et am\u00e9liorer l\u2019assainissement. Et nous allons encore plus loin avec Haliotis 2, la plus grande station d\u2019\u00e9puration de France, qui permettra d\u00e8s 2028 de recycler 5 millions de m\u00e8tres cubes d\u2019eaux us\u00e9es chaque ann\u00e9e.\u00a0<\/p>\n<p>Je veux ici saluer l\u2019engagement d\u2019Herv\u00e9 Paul, pr\u00e9sident de la R\u00e9gie Eau et Assainissement de la M\u00e9tropole Nice C\u00f4te d\u2019Azur, qui joue un r\u00f4le cl\u00e9 dans la mise en \u0153uvre de notre politique de l\u2019eau, en lien \u00e9troit avec les r\u00e9alit\u00e9s du terrain. \u00c0 Nice, la sobri\u00e9t\u00e9 est un principe d\u2019action quotidien, pas un slogan. Les douches de plage sont d\u00e9j\u00e0 \u00e9quip\u00e9es de dispositifs \u00e9conomes\u00a0: boutons-poussoirs, pommes de douche \u00e0 d\u00e9bit r\u00e9duit, coupure automatique, et interdiction du savon. Elles ne consomment presque rien, et leur usage b\u00e9n\u00e9ficie en majorit\u00e9 aux Ni\u00e7ois et aux habitants de la M\u00e9tropole, bien plus qu\u2019aux visiteurs. Elles r\u00e9pondent \u00e0 un double imp\u00e9ratif, l\u2019hygi\u00e8ne \u00e9l\u00e9mentaire dans une ville touristique et la consommation responsable.\u00a0<\/p>\n<p>Face aux appels \u00e0 la fermeture symbolique des douches, je le dis clairement\u00a0: nous ne c\u00e9derons pas \u00e0 une \u00e9cologie de l\u2019interdiction. Supprimer ce qui est d\u00e9j\u00e0 sobre et utile serait non seulement inefficace, mais aussi injuste. En parall\u00e8le, nous acc\u00e9l\u00e9rons le renouvellement des canalisations &#8211; 10 km par an, un rythme doubl\u00e9 depuis 2023 &#8211; et nous mobilisons la technologie pour traquer les fuites invisibles gr\u00e2ce \u00e0 des capteurs intelligents et un syst\u00e8me de supervision performant. Chaque jour, un suivi m\u00e9t\u00e9orologique pr\u00e9cis guide nos d\u00e9cisions pour ajuster nos actions au plus pr\u00e8s du terrain.<\/p>\n<p>L\u2019\u00e9cologie que nous d\u00e9fendons est celle des actes concrets, pas des injonctions morales. Elle repose sur des investissements solides, une gestion rigoureuse et une solidarit\u00e9 organis\u00e9e. Notre engagement est simple\u00a0: anticiper les crises, pr\u00e9server durablement la ressource et prot\u00e9ger les habitants sans les p\u00e9naliser inutilement. C\u2019est ainsi que nous agissons pour les g\u00e9n\u00e9rations futures.\u00a0\u00bb<\/p>\n<p>Se son c\u00f4t\u00e9, la pr\u00e9fecture des Alpes-Maritimes, au vue de la situation, a d\u00e9clench\u00e9 des mesures de restriction d\u2019eau. Apr\u00e8s avoir pris connaissance des propositions du comit\u00e9 ressource en eau, le pr\u00e9fet, Laurent Hottiaux, a d\u00e9cid\u00e9 le placement de 40 communes en alerte s\u00e9cheresse (dont Auribeau-sur-Siagne, Cannes, La Roquette-sur-Siagne, Le Cannet, Mandelieu-la-Napoule, Mouans-Sartoux, Mougins, P\u00e9gomas, Th\u00e9oule-sur-Mer, Vallauris) et 5 communes en alerte renforc\u00e9e s\u00e9cheresse (Cagnes-sur-Mer, la Gaude, Saint-Jeannet, Saint-Paul de Vence, Vence). Celui-ci en profite pour responsabiliser tous les utilisateurs de cette pr\u00e9cieuse eau devenue rare\u00a0:<\/p>\n<p>\u00ab\u00a0J\u2019appelle l\u2019ensemble des maralpins, particuliers et professionnels, mais \u00e9galement les touristes \u00e0 faire preuve de civisme et de sobri\u00e9t\u00e9 dans leurs usages de l\u2019eau pour concilier les besoins de tous tout en pr\u00e9servant nos ressources et les milieux aquatiques.\u00a0\u00bb CQFD\u00a0!<\/p>\n","protected":false},"excerpt":{"rendered":"&#8211;\u00a0 Haliotis 2 \u00a9 M\u00e9tropole Nice C\u00f4te d\u2019Azur &#8211; \u00ab\u00a0Nice n\u2019est pas concern\u00e9e par les restrictions pr\u00e9fectorales. Ce&hellip;\n","protected":false},"author":2,"featured_media":298093,"comment_status":"","ping_status":"","sticky":false,"template":"","format":"standard","meta":{"footnotes":""},"categories":[2819],"tags":[1111,47,11,1777,674,1011,27,1110,1031,12,2401,882,25],"class_list":{"0":"post-298092","1":"post","2":"type-post","3":"status-publish","4":"format-standard","5":"has-post-thumbnail","7":"category-nice","8":"tag-actu","9":"tag-actualite","10":"tag-actualites","11":"tag-eu","12":"tag-europe","13":"tag-fr","14":"tag-france","15":"tag-informations","16":"tag-magazine","17":"tag-news","18":"tag-nice","19":"tag-provence-alpes-cote-dazur","20":"tag-republique-francaise"},"share_on_mastodon":{"url":"https:\/\/pubeurope.com\/@fr\/114976268269878274","error":""},"_links":{"self":[{"href":"https:\/\/www.europesays.com\/fr\/wp-json\/wp\/v2\/posts\/298092","targetHints":{"allow":["GET"]}}],"collection":[{"href":"https:\/\/www.europesays.com\/fr\/wp-json\/wp\/v2\/posts"}],"about":[{"href":"https:\/\/www.europesays.com\/fr\/wp-json\/wp\/v2\/types\/post"}],"author":[{"embeddable":true,"href":"https:\/\/www.europesays.com\/fr\/wp-json\/wp\/v2\/users\/2"}],"replies":[{"embeddable":true,"href":"https:\/\/www.europesays.com\/fr\/wp-json\/wp\/v2\/comments?post=298092"}],"version-history":[{"count":0,"href":"https:\/\/www.europesays.com\/fr\/wp-json\/wp\/v2\/posts\/298092\/revisions"}],"wp:featuredmedia":[{"embeddable":true,"href":"https:\/\/www.europesays.com\/fr\/wp-json\/wp\/v2\/media\/298093"}],"wp:attachment":[{"href":"https:\/\/www.europesays.com\/fr\/wp-json\/wp\/v2\/media?parent=298092"}],"wp:term":[{"taxonomy":"category","embeddable":true,"href":"https:\/\/www.europesays.com\/fr\/wp-json\/wp\/v2\/categories?post=298092"},{"taxonomy":"post_tag","embeddable":true,"href":"https:\/\/www.europesays.com\/fr\/wp-json\/wp\/v2\/tags?post=298092"}],"curies":[{"name":"wp","href":"https:\/\/api.w.org\/{rel}","templated":true}]}}