{"id":298100,"date":"2025-08-05T12:59:10","date_gmt":"2025-08-05T12:59:10","guid":{"rendered":"https:\/\/www.europesays.com\/fr\/298100\/"},"modified":"2025-08-05T12:59:10","modified_gmt":"2025-08-05T12:59:10","slug":"a-bordeaux-la-ligne-c-et-une-partie-de-la-ligne-d-du-tramway-interrompues-toute-la-nuit","status":"publish","type":"post","link":"https:\/\/www.europesays.com\/fr\/298100\/","title":{"rendered":"\u00c0 Bordeaux, la ligne C et une partie de la ligne D du tramway interrompues toute la nuit"},"content":{"rendered":"<p>            Par<br \/>\n        <strong><br \/>\n            <a href=\"https:\/\/actu.fr\/auteur\/redaction-bordeaux\" title=\"Consulter tous les articles de R\u00e9daction Bordeaux\" rel=\"nofollow noopener\" target=\"_blank\">R\u00e9daction Bordeaux<\/a><br \/>\n        <\/strong><\/p>\n<p>        Publi\u00e9 le<\/p>\n<p>            5 ao\u00fbt 2025 \u00e0 14h34        <\/p>\n<p>En raison d\u2019essais techniques, l\u2019int\u00e9gralit\u00e9 de la <strong>ligne C<\/strong> du tramway sera progressivement <a href=\"https:\/\/actu.fr\/nouvelle-aquitaine\/bordeaux_33063\/pourquoi-la-canicule-fait-completement-dysfonctionner-le-reseau-tbm-a-bordeaux_62851805.html\" rel=\"nofollow noopener\" target=\"_blank\">interrompue<\/a> d\u00e8s 20h30, la nuit du mardi 5\u00a0ao\u00fbt 2025 \u00e0 Bordeaux.<\/p>\n<p class=\" wall-content\">\u00c9galement, le trafic sera progressivement \u00e0 l\u2019arr\u00eat sur la <strong>ligne D<\/strong> entre les stations Fondaud\u00e8ge et Carle Vernet d\u00e8s ce soir, \u00e0 20h30.<\/p>\n<p>Des bus relais en place<\/p>\n<p class=\" wall-content\">Transports Bordeaux M\u00e9tropole (<a href=\"https:\/\/actu.fr\/tag\/tbm\" rel=\"nofollow noopener\" target=\"_blank\">TBM<\/a>) indique que des bus relais sont mis en place pour pallier cet arr\u00eat. Pour la ligne C, les cars circuleront sur <strong>quatre itin\u00e9raires<\/strong> diff\u00e9rents\u2009: Pyr\u00e9n\u00e9es et la gare Saint-Jean, Cracovie et la gare Saint-Jean, Cracovie et la gare de Blanquefort ainsi que Cracovie et le Parc des Expositions.<\/p>\n<p class=\" wall-content\">Pour la ligne D, un bus relais sera en place entre Carle Vernet et les Quinconces. Il faudra ensuite terminer son<strong> trajet \u00e0 pied<\/strong> jusqu\u2019\u00e0 Fondaud\u00e8ge.<\/p>\n<p class=\" wall-content\">Pour rappel, les lignes C et D sont toujours interrompues entre Quinconces et Villenave Pyr\u00e9n\u00e9es ainsi que Carle Vernet \u00e0 cause des <strong>travaux d\u2019\u00e9t\u00e9.<\/strong><\/p>\n<p class=\" wall-content\">Suivez toute l\u2019actualit\u00e9 de vos villes et m\u00e9dias favoris en vous inscrivant \u00e0 <a href=\"https:\/\/moncompte.actu.fr\" title=\"D\u00e9couvez Mon Actu\" rel=\"nofollow noopener\" data-trk=\"{&quot;cta&quot;:{&quot;action&quot;:&quot;https:\\\/\\\/moncompte.actu.fr&quot;,&quot;category&quot;:&quot;mon compte&quot;,&quot;from&quot;:&quot;article footer&quot;,&quot;name&quot;:&quot;Mon actu&quot;,&quot;type&quot;:&quot;cta&quot;}}\" target=\"_blank\">Mon Actu<\/a>.<\/p>\n","protected":false},"excerpt":{"rendered":"Par R\u00e9daction Bordeaux Publi\u00e9 le 5 ao\u00fbt 2025 \u00e0 14h34 En raison d\u2019essais techniques, l\u2019int\u00e9gralit\u00e9 de la ligne&hellip;\n","protected":false},"author":2,"featured_media":25861,"comment_status":"","ping_status":"","sticky":false,"template":"","format":"standard","meta":{"footnotes":""},"categories":[2817],"tags":[1111,11,1997,1777,674,1011,27,12,2219,25,104,7952,2803],"class_list":{"0":"post-298100","1":"post","2":"type-post","3":"status-publish","4":"format-standard","5":"has-post-thumbnail","7":"category-bordeaux","8":"tag-actu","9":"tag-actualites","10":"tag-bordeaux","11":"tag-eu","12":"tag-europe","13":"tag-fr","14":"tag-france","15":"tag-news","16":"tag-nouvelle-aquitaine","17":"tag-republique-francaise","18":"tag-societe","19":"tag-tbm","20":"tag-transport"},"share_on_mastodon":{"url":"https:\/\/pubeurope.com\/@fr\/114976283929761914","error":""},"_links":{"self":[{"href":"https:\/\/www.europesays.com\/fr\/wp-json\/wp\/v2\/posts\/298100","targetHints":{"allow":["GET"]}}],"collection":[{"href":"https:\/\/www.europesays.com\/fr\/wp-json\/wp\/v2\/posts"}],"about":[{"href":"https:\/\/www.europesays.com\/fr\/wp-json\/wp\/v2\/types\/post"}],"author":[{"embeddable":true,"href":"https:\/\/www.europesays.com\/fr\/wp-json\/wp\/v2\/users\/2"}],"replies":[{"embeddable":true,"href":"https:\/\/www.europesays.com\/fr\/wp-json\/wp\/v2\/comments?post=298100"}],"version-history":[{"count":0,"href":"https:\/\/www.europesays.com\/fr\/wp-json\/wp\/v2\/posts\/298100\/revisions"}],"wp:featuredmedia":[{"embeddable":true,"href":"https:\/\/www.europesays.com\/fr\/wp-json\/wp\/v2\/media\/25861"}],"wp:attachment":[{"href":"https:\/\/www.europesays.com\/fr\/wp-json\/wp\/v2\/media?parent=298100"}],"wp:term":[{"taxonomy":"category","embeddable":true,"href":"https:\/\/www.europesays.com\/fr\/wp-json\/wp\/v2\/categories?post=298100"},{"taxonomy":"post_tag","embeddable":true,"href":"https:\/\/www.europesays.com\/fr\/wp-json\/wp\/v2\/tags?post=298100"}],"curies":[{"name":"wp","href":"https:\/\/api.w.org\/{rel}","templated":true}]}}